{"id":990,"date":"2025-01-15T01:11:46","date_gmt":"2025-01-15T01:11:46","guid":{"rendered":"https:\/\/www.rengoenlanoticia.cl\/prensa\/?p=990"},"modified":"2025-01-15T01:11:48","modified_gmt":"2025-01-15T01:11:48","slug":"alza-de-la-luz-diputada-natalia-romero-respalda-proyecto-que-amplia-subsidio-electrico-y-que-beneficiara-a-comites-de-apr-electrodependientes-y-mipymes","status":"publish","type":"post","link":"https:\/\/www.rengoenlanoticia.cl\/prensa\/2025\/01\/15\/alza-de-la-luz-diputada-natalia-romero-respalda-proyecto-que-amplia-subsidio-electrico-y-que-beneficiara-a-comites-de-apr-electrodependientes-y-mipymes\/","title":{"rendered":"Alza de la luz: Diputada Natalia Romero respalda proyecto que ampl\u00eda subsidio el\u00e9ctrico y que beneficiar\u00e1 a comit\u00e9s de APR, electrodependientes y mipymes"},"content":{"rendered":"\n<p><em>La representante de O\u2019Higgins valor\u00f3 que se incluyeran a los operadores de Agua Potable Rural, como tambi\u00e9n que el apoyo fuera extendido al 40% de los hogares m\u00e1s vulnerables.<\/em><\/p>\n\n\n\n<p>La diputada por la Regi\u00f3n de O\u2019Higgins, Natalia Romero, respald\u00f3 el proyecto de ley que busca ampliar el actual subsidio el\u00e9ctrico, que surgi\u00f3 para dar respuesta a las excesivas alzas en las cuentas de la luz que se produjeron el a\u00f1o pasado y cuyo incremento se volver\u00e1 a repetir durante este mes.<\/p>\n\n\n\n<p>Al respecto, si bien la parlamentaria lament\u00f3 que el Gobierno no haya cumplido su compromiso inicial de tener aprobada la iniciativa en octubre de 2024, de tal manera que coincidiera con la segunda alza que se registrar\u00eda, valor\u00f3 que finalmente el proyecto haya sido despachado al Senado, donde espera que pueda ser tramitado durante las pr\u00f3ximas semanas para as\u00ed convertirse en ley.<\/p>\n\n\n\n<p>En ese sentido, la representante del Distrito 15 explic\u00f3 que la iniciativa triplica el n\u00famero de hogares que actualmente est\u00e1n siendo beneficiados por el subsidio el\u00e9ctrico, alcanzando as\u00ed la totalidad del 40% m\u00e1s vulnerable del pa\u00eds. Pero adem\u00e1s, Romero tambi\u00e9n destac\u00f3 que el plan incluya un apoyo adicional a los hogares donde viven personas electrodependientes, tal como ella lo hab\u00eda solicitado.<\/p>\n\n\n\n<p>\u201cUno hubiese esperado un esfuerzo mayor por parte del Gobierno para ampliar a\u00fan m\u00e1s el actual subsidio el\u00e9ctrico, considerando las excesivas alzas que se registraron el a\u00f1o pasado y que se repetir\u00e1n durante este mes. Sin embargo, por insuficiente que sea, es importante haber extendido el beneficio al triple de hogares, incluyendo a los electrodependientes y tambi\u00e9n a otros clientes que se estaban viendo gravemente afectados producto de estos incrementos\u201d, resalt\u00f3 la parlamentaria.<\/p>\n\n\n\n<p>Justamente, la diputada Natalia Romero hizo referencia a los comit\u00e9s de Agua Potable Rural -hoy conocidos como Servicios Sanitarios Rurales (SSR)-, que tambi\u00e9n se ver\u00e1n beneficiados debido al permanente uso de electricidad al que se ven obligados. Asimismo, el proyecto igualmente otorgar\u00e1 un apoyo a las micro, peque\u00f1as y medianas empresas, que fueron las que sufrieron una mayor alza.<\/p>\n\n\n\n<p>Por \u00faltimo, la representante de O\u2019Higgins valor\u00f3 tambi\u00e9n que la propuesta obligue a las empresas distribuidoras de energ\u00eda a implementar -en forma eficaz y oportuna- una serie de mejoras que permitan mitigar los efectos generados por las interrupciones del suministro, ya sea debido a fallas masivas, eventos de la naturaleza, clim\u00e1ticos o cualquier otra situaci\u00f3n que lo determine la norma.<\/p>\n\n\n\n<p>\u201cLas excesivas alzas en las cuentas de la luz han afectado a la gran mayor\u00eda de los chilenos, pero hay ciertos clientes que se han visto a\u00fan m\u00e1s perjudicados con tantos incrementos. Uno de ellos, por ejemplo, son los comit\u00e9s de APR, que requieren del uso permanente de electricidad para acceder a agua para su consumo. Lo mismo que las mipymes, sobre todo las que son familiares y que funcionan en el mismo hogar, como panader\u00edas, locales de barrios, entre otros. A todos ellos, adem\u00e1s del 40% de los hogares m\u00e1s vulnerables del pa\u00eds y donde vivan personas electrodependientes, se les beneficiar\u00e1 con este subsidio una vez que sea despachado por el Senado\u201d, destac\u00f3 Natalia Romero.<\/p>\n\n\n\n<p>__________<\/p>\n","protected":false},"excerpt":{"rendered":"La representante de O\u2019Higgins valor\u00f3 que se incluyeran a los operadores de Agua Potable Rural, como tambi\u00e9n que&hellip;\n","protected":false},"author":1,"featured_media":0,"comment_status":"open","ping_status":"open","sticky":false,"template":"","format":"standard","meta":{"_monsterinsights_skip_tracking":false,"_monsterinsights_sitenote_active":false,"_monsterinsights_sitenote_note":"","_monsterinsights_sitenote_category":0,"footnotes":""},"categories":[11],"tags":[],"class_list":{"0":"post-990","1":"post","2":"type-post","3":"status-publish","4":"format-standard","6":"category-politica"},"aioseo_notices":[],"_links":{"self":[{"href":"https:\/\/www.rengoenlanoticia.cl\/prensa\/wp-json\/wp\/v2\/posts\/990","targetHints":{"allow":["GET"]}}],"collection":[{"href":"https:\/\/www.rengoenlanoticia.cl\/prensa\/wp-json\/wp\/v2\/posts"}],"about":[{"href":"https:\/\/www.rengoenlanoticia.cl\/prensa\/wp-json\/wp\/v2\/types\/post"}],"author":[{"embeddable":true,"href":"https:\/\/www.rengoenlanoticia.cl\/prensa\/wp-json\/wp\/v2\/users\/1"}],"replies":[{"embeddable":true,"href":"https:\/\/www.rengoenlanoticia.cl\/prensa\/wp-json\/wp\/v2\/comments?post=990"}],"version-history":[{"count":2,"href":"https:\/\/www.rengoenlanoticia.cl\/prensa\/wp-json\/wp\/v2\/posts\/990\/revisions"}],"predecessor-version":[{"id":999,"href":"https:\/\/www.rengoenlanoticia.cl\/prensa\/wp-json\/wp\/v2\/posts\/990\/revisions\/999"}],"wp:attachment":[{"href":"https:\/\/www.rengoenlanoticia.cl\/prensa\/wp-json\/wp\/v2\/media?parent=990"}],"wp:term":[{"taxonomy":"category","embeddable":true,"href":"https:\/\/www.rengoenlanoticia.cl\/prensa\/wp-json\/wp\/v2\/categories?post=990"},{"taxonomy":"post_tag","embeddable":true,"href":"https:\/\/www.rengoenlanoticia.cl\/prensa\/wp-json\/wp\/v2\/tags?post=990"}],"curies":[{"name":"wp","href":"https:\/\/api.w.org\/{rel}","templated":true}]}}