{"id":983,"date":"2025-01-15T01:07:31","date_gmt":"2025-01-15T01:07:31","guid":{"rendered":"https:\/\/www.rengoenlanoticia.cl\/prensa\/?p=983"},"modified":"2025-01-15T01:07:33","modified_gmt":"2025-01-15T01:07:33","slug":"fedefruta-reitera-llamado-a-mantener-altos-estandares-de-calidad-frente-a-baja-de-precio-de-cerezas-en-china","status":"publish","type":"post","link":"https:\/\/www.rengoenlanoticia.cl\/prensa\/2025\/01\/15\/fedefruta-reitera-llamado-a-mantener-altos-estandares-de-calidad-frente-a-baja-de-precio-de-cerezas-en-china\/","title":{"rendered":"Fedefruta reitera llamado a mantener altos est\u00e1ndares de calidad, frente a baja de precio de cerezas en China"},"content":{"rendered":"\n<figure class=\"wp-block-table\"><table class=\"has-fixed-layout\"><tbody><tr><td><\/td><\/tr><\/tbody><\/table><\/figure>\n\n\n\n<figure class=\"wp-block-table\"><table class=\"has-fixed-layout\"><tbody><tr><td><strong><em>El presidente del gremio de productores de fruta agreg\u00f3 que la mirada optimista est\u00e1 puesta en el A\u00f1o Nuevo Chino, que se celebra en los pr\u00f3ximos d\u00edas, lo que debe aumentar la demanda y el precio de las cerezas<\/em><\/strong><br><br>El presidente de la Federaci\u00f3n de Productores de Frutas de Chile, Fedefruta, V\u00edctor Cat\u00e1n, reiter\u00f3 el&nbsp;&nbsp;llamado a mantener los altos est\u00e1ndares de calidad de la fruta a fin de poder sostener los valores, frente a la baja de precios registrada en las exportaciones de cerezas a China.&nbsp;<br><br>\u201cEn los \u00faltimos d\u00edas hemos recibido noticias no muy auspiciosas respecto a la venta de cerezas, con precios a la baja, con alguna fruta que ha llegado con algunos problemas de condici\u00f3n y de embalaje, lo cual sumado a la mayor oferta, ha hecho que los precios disminuyan\u201d, explic\u00f3 Cat\u00e1n.<br><br>Frente a esta situaci\u00f3n, el presidente del gremio frut\u00edcola, agreg\u00f3 que \u201cqueremos tener una mirada optimista y creemos que en los pr\u00f3ximos d\u00edas, a medida que se empieza a acercar el A\u00f1o Nuevo Chino, la demanda pudiera subir y eso, a su vez, generar un alza en los precios que pueda mitigar un poco el escenario actual\u201d.<br><br>\u201cComo Fedefruta, tal como lo hemos hecho desde hace varios meses y en reiteradas ocasiones, queremos hacer ver la importancia del llamado a cuidar mucho la calidad de la fruta y los alt\u00edsimos est\u00e1ndares que nos caracterizan, a fin de poder sostener los precios producto de la mayor oferta y de no tener afectaciones comerciales\u201d, precis\u00f3.<br><br>Finalmente, hizo un llamado a los productores de fruta a \u201cestar pendientes y seguir con calma y atenci\u00f3n el comportamiento del mercado de las cerezas en China en los pr\u00f3ximos d\u00edas\u201d.<br><br>Cabe desatacar que seg\u00fan informaci\u00f3n proveniente de productores de cereza, el mercado tuvo una leve mejor\u00eda durante la \u00faltima jornada, ya que aument\u00f3 la demanda por fruta, \u201clo que son buenas se\u00f1ales\u201d, puntualiz\u00f3 Cat\u00e1n.<\/td><\/tr><\/tbody><\/table><\/figure>\n","protected":false},"excerpt":{"rendered":"El presidente del gremio de productores de fruta agreg\u00f3 que la mirada optimista est\u00e1 puesta en el A\u00f1o&hellip;\n","protected":false},"author":1,"featured_media":0,"comment_status":"open","ping_status":"open","sticky":false,"template":"","format":"standard","meta":{"_monsterinsights_skip_tracking":false,"_monsterinsights_sitenote_active":false,"_monsterinsights_sitenote_note":"","_monsterinsights_sitenote_category":0,"footnotes":""},"categories":[8],"tags":[],"class_list":{"0":"post-983","1":"post","2":"type-post","3":"status-publish","4":"format-standard","6":"category-portada"},"aioseo_notices":[],"_links":{"self":[{"href":"https:\/\/www.rengoenlanoticia.cl\/prensa\/wp-json\/wp\/v2\/posts\/983","targetHints":{"allow":["GET"]}}],"collection":[{"href":"https:\/\/www.rengoenlanoticia.cl\/prensa\/wp-json\/wp\/v2\/posts"}],"about":[{"href":"https:\/\/www.rengoenlanoticia.cl\/prensa\/wp-json\/wp\/v2\/types\/post"}],"author":[{"embeddable":true,"href":"https:\/\/www.rengoenlanoticia.cl\/prensa\/wp-json\/wp\/v2\/users\/1"}],"replies":[{"embeddable":true,"href":"https:\/\/www.rengoenlanoticia.cl\/prensa\/wp-json\/wp\/v2\/comments?post=983"}],"version-history":[{"count":2,"href":"https:\/\/www.rengoenlanoticia.cl\/prensa\/wp-json\/wp\/v2\/posts\/983\/revisions"}],"predecessor-version":[{"id":995,"href":"https:\/\/www.rengoenlanoticia.cl\/prensa\/wp-json\/wp\/v2\/posts\/983\/revisions\/995"}],"wp:attachment":[{"href":"https:\/\/www.rengoenlanoticia.cl\/prensa\/wp-json\/wp\/v2\/media?parent=983"}],"wp:term":[{"taxonomy":"category","embeddable":true,"href":"https:\/\/www.rengoenlanoticia.cl\/prensa\/wp-json\/wp\/v2\/categories?post=983"},{"taxonomy":"post_tag","embeddable":true,"href":"https:\/\/www.rengoenlanoticia.cl\/prensa\/wp-json\/wp\/v2\/tags?post=983"}],"curies":[{"name":"wp","href":"https:\/\/api.w.org\/{rel}","templated":true}]}}