{"id":9671,"date":"2026-03-19T00:48:09","date_gmt":"2026-03-19T00:48:09","guid":{"rendered":"https:\/\/www.rengoenlanoticia.cl\/prensa\/?p=9671"},"modified":"2026-03-19T00:58:45","modified_gmt":"2026-03-19T00:58:45","slug":"senador-castro-pide-claridad-al-minsal-por-recorte-y-advierte-resguardar-listas-de-espera-cancer-y-atencion-primaria","status":"publish","type":"post","link":"https:\/\/www.rengoenlanoticia.cl\/prensa\/2026\/03\/19\/senador-castro-pide-claridad-al-minsal-por-recorte-y-advierte-resguardar-listas-de-espera-cancer-y-atencion-primaria\/","title":{"rendered":"Senador Castro pide claridad al Minsal por recorte y advierte resguardar listas de espera, c\u00e1ncer y atenci\u00f3n primaria"},"content":{"rendered":"\n<p><em>Se\u00f1al\u00f3 que el Ministerio de Salud debe precisar en qu\u00e9 sectores se aplicar\u00e1 el ajuste fiscal para evitar impactos en \u00e1reas prioritarias del sistema p\u00fablico.<\/em><\/p>\n\n\n\n<p>Preocupaci\u00f3n manifest\u00f3 el senador Juan Luis Castro ante el recorte presupuestario anunciado para el sector salud, advirtiendo que cualquier ajuste que impacte \u00e1reas cr\u00edticas como las listas de espera, la atenci\u00f3n oncol\u00f3gica o el financiamiento de la atenci\u00f3n primaria podr\u00eda traducirse en un perjuicio directo para millones de pacientes en el pa\u00eds.<\/p>\n\n\n\n<p>El parlamentario sostuvo que hoy existen prioridades sanitarias evidentes que deben ser resguardadas en el marco de la discusi\u00f3n presupuestaria. \u201cLas grandes urgencias hoy d\u00eda en materia de salud est\u00e1n situadas en las listas de espera, recordemos que hay casi dos millones y medio de chilenos ah\u00ed. El c\u00e1ncer que tuvo m\u00e1s de 17 mil retrasos el a\u00f1o 2025 y que todav\u00eda no tiene una implementaci\u00f3n eficaz la ley del c\u00e1ncer, y en tercer lugar la par\u00e1lisis financiera en que ha estado la Atenci\u00f3n Primaria de Salud, los consultorios, CESFAM, porque el per c\u00e1pita se redujo a cero\u201d, apunt\u00f3.<\/p>\n\n\n\n<p>En esa l\u00ednea, el senador enfatiz\u00f3 que cualquier reducci\u00f3n de recursos en estas \u00e1reas tendr\u00eda consecuencias concretas en la atenci\u00f3n de las personas. Asimismo, llam\u00f3 al Ministerio de Salud a precisar con claridad en qu\u00e9 programas o sectores se aplicar\u00e1 el ajuste anunciado.<\/p>\n\n\n\n<p>\u201cEl recorte que se ha anunciado debe ser precisado en los pr\u00f3ximos d\u00edas por la ministra del ramo, (May Chomali), &nbsp;se\u00f1alando con claridad en qu\u00e9 \u00e1reas se aplicar\u00e1. Pero, por ning\u00fan motivo, puede traspasar la frontera de millones de personas que hoy est\u00e1n en listas de espera, enfrentando el c\u00e1ncer, dependiendo de la Atenci\u00f3n Primaria de Salud o de programas espec\u00edficos que no pueden ver da\u00f1ada ni postergada su atenci\u00f3n\u201d, reiter\u00f3.<\/p>\n\n\n\n<p>Finalmente, subray\u00f3 que las decisiones presupuestarias en salud no son solo administrativas. \u201cTodo recorte en materia de salud no es un tema administrativo presupuestario, es de efecto directo hacia las personas. \u00bfC\u00f3mo se mitiga? Esperamos la voz de la ministra para que eso lo clarifique, ya que tiene la buena intenci\u00f3n de decir que esto no va a pasar hacia las personas, pero otra cosa es que esto se diga exactamente en qu\u00e9 \u00e1rea, en qu\u00e9 programa, en qu\u00e9 sector de la salud se va a aplicar un recorte tan significativo como 517 &nbsp;mil millones de pesos.\u201d<\/p>\n","protected":false},"excerpt":{"rendered":"Se\u00f1al\u00f3 que el Ministerio de Salud debe precisar en qu\u00e9 sectores se aplicar\u00e1 el ajuste fiscal para evitar&hellip;\n","protected":false},"author":1,"featured_media":9672,"comment_status":"open","ping_status":"open","sticky":false,"template":"","format":"standard","meta":{"_monsterinsights_skip_tracking":false,"_monsterinsights_sitenote_active":false,"_monsterinsights_sitenote_note":"","_monsterinsights_sitenote_category":0,"footnotes":""},"categories":[11,8],"tags":[],"class_list":{"0":"post-9671","1":"post","2":"type-post","3":"status-publish","4":"format-standard","5":"has-post-thumbnail","7":"category-politica","8":"category-portada"},"aioseo_notices":[],"_links":{"self":[{"href":"https:\/\/www.rengoenlanoticia.cl\/prensa\/wp-json\/wp\/v2\/posts\/9671","targetHints":{"allow":["GET"]}}],"collection":[{"href":"https:\/\/www.rengoenlanoticia.cl\/prensa\/wp-json\/wp\/v2\/posts"}],"about":[{"href":"https:\/\/www.rengoenlanoticia.cl\/prensa\/wp-json\/wp\/v2\/types\/post"}],"author":[{"embeddable":true,"href":"https:\/\/www.rengoenlanoticia.cl\/prensa\/wp-json\/wp\/v2\/users\/1"}],"replies":[{"embeddable":true,"href":"https:\/\/www.rengoenlanoticia.cl\/prensa\/wp-json\/wp\/v2\/comments?post=9671"}],"version-history":[{"count":3,"href":"https:\/\/www.rengoenlanoticia.cl\/prensa\/wp-json\/wp\/v2\/posts\/9671\/revisions"}],"predecessor-version":[{"id":9690,"href":"https:\/\/www.rengoenlanoticia.cl\/prensa\/wp-json\/wp\/v2\/posts\/9671\/revisions\/9690"}],"wp:featuredmedia":[{"embeddable":true,"href":"https:\/\/www.rengoenlanoticia.cl\/prensa\/wp-json\/wp\/v2\/media\/9672"}],"wp:attachment":[{"href":"https:\/\/www.rengoenlanoticia.cl\/prensa\/wp-json\/wp\/v2\/media?parent=9671"}],"wp:term":[{"taxonomy":"category","embeddable":true,"href":"https:\/\/www.rengoenlanoticia.cl\/prensa\/wp-json\/wp\/v2\/categories?post=9671"},{"taxonomy":"post_tag","embeddable":true,"href":"https:\/\/www.rengoenlanoticia.cl\/prensa\/wp-json\/wp\/v2\/tags?post=9671"}],"curies":[{"name":"wp","href":"https:\/\/api.w.org\/{rel}","templated":true}]}}