{"id":965,"date":"2025-01-12T16:27:21","date_gmt":"2025-01-12T16:27:21","guid":{"rendered":"https:\/\/www.rengoenlanoticia.cl\/prensa\/?p=965"},"modified":"2025-01-12T16:27:23","modified_gmt":"2025-01-12T16:27:23","slug":"el-programa-mujeres-jefas-de-hogar-ya-abrio-sus-postulaciones","status":"publish","type":"post","link":"https:\/\/www.rengoenlanoticia.cl\/prensa\/2025\/01\/12\/el-programa-mujeres-jefas-de-hogar-ya-abrio-sus-postulaciones\/","title":{"rendered":"El Programa Mujeres Jefas de Hogar ya abri\u00f3 sus postulaciones"},"content":{"rendered":"\n<p>Las acciones incluyen talleres de formaci\u00f3n enfocados en el trabajo remunerado y la autonom\u00eda econ\u00f3mica, as\u00ed como en la elaboraci\u00f3n y ejecuci\u00f3n de un proyecto laboral.<\/p>\n\n\n\n<p>El programa es gratuito y est\u00e1 disponible en todas las regiones del pa\u00eds.<\/p>\n\n\n\n<p>El Servicio Nacional de la Mujer y la Equidad de G\u00e9nero (SernamEG) abre oficialmente las postulaciones al <strong>Programa Mujeres Jefas de Hogar&nbsp; hasta enero de 2025<\/strong>, con el objetivo de fortalecer la autonom\u00eda econ\u00f3mica de las mujeres en todo Chile. Este programa busca proporcionar a las participantes las herramientas y habilidades necesarias para enfrentar el mercado laboral y fomentar su empleabilidad, desarrollo de redes de apoyo y competencias para el ejercicio pleno de su autonom\u00eda.<\/p>\n\n\n\n<p>El programa estar\u00e1 disponible en 276 comunas de las 16 regiones del pa\u00eds, brindando un espacio para el crecimiento personal y profesional de las mujeres que lideran sus hogares. <strong>La Regi\u00f3n de O\u2019Higgins, por su parte, contar\u00e1 con una cobertura de 24 comunas, donde se ejecutar\u00e1 esta l\u00ednea program\u00e1tica.<\/strong><\/p>\n\n\n\n<p>\u00abCon este programa, buscamos seguir apoyando a las mujeres que lideran econ\u00f3micamente sus hogares, abri\u00e9ndoles nuevas opciones y oportunidades. Una de las principales brechas que enfrentan es precisamente la laboral. Gracias a este espacio, las participantes tienen la oportunidad real de generar sus propios recursos y acceder al mercado laboral en condiciones m\u00e1s favorables\u00bb, destac\u00f3 <strong>Priscilla Carrasco, directora nacional del SernamEG.<\/strong><\/p>\n\n\n\n<p>El programa ofrece una serie de acciones como <strong>talleres de formaci\u00f3n<\/strong> orientados al trabajo remunerado y a la autonom\u00eda econ\u00f3mica, as\u00ed como la <strong>elaboraci\u00f3n y ejecuci\u00f3n de un proyecto laboral<\/strong> personalizado que les permitir\u00e1 desarrollar sus habilidades y avanzar en sus objetivos profesionales.<\/p>\n\n\n\n<p>Al respecto, <strong>la directora regional del SernamEG O\u2019Higgins, Mar\u00eda Jes\u00fas Avello Rifo indic\u00f3 que,<\/strong> \u201ceste es uno de los Programas m\u00e1s ic\u00f3nico de nuestro servicio en la regi\u00f3n, donde a trav\u00e9s de los ejecutores y aliados, las m\u00e1s de 2 mil mujeres participantes que se suman cada a\u00f1o reciben capacitaciones y espacios formativos que incluso les permite incorporarse a \u00e1reas que pudiesen ser considerados masculinizados, como ocurre con los cursos de gasfiter\u00eda, por ejemplo. Para nuestro Servicio es un orgullo ver el impacto que este Programa tiene para sus participantes y que lo podemos constatar cada vez que nos reunimos con ellas.\u201d.<\/p>\n\n\n\n<p>El Programa Mujeres Jefas de Hogar permitir\u00e1 que cada comuna coordine actividades de apoyo adicionales que incluyen <strong>diversidad de capacitaciones, cuidado infantil, nivelaci\u00f3n de estudios y alfabetizaci\u00f3n digital<\/strong>. Tambi\u00e9n se brindar\u00e1 atenci\u00f3n de salud odontol\u00f3gica, psicol\u00f3gica y general dirigida a las mujeres, junto con apoyo en temas migratorios, atenciones psicosociales y jur\u00eddicas, entre otros servicios que buscan fortalecer la autonom\u00eda econ\u00f3mica y el bienestar integral de las participantes.<\/p>\n\n\n\n<figure class=\"wp-block-image size-full\"><img decoding=\"async\" src=\"https:\/\/www.rengoenlanoticia.cl\/prensa\/wp-content\/uploads\/2025\/01\/FOTO_PMJH.jpg\" alt=\"\" class=\"wp-image-967\"\/><\/figure>\n\n\n\n<p><\/p>\n\n\n\n<p>En 2024, m\u00e1s de 51 mil mujeres participaron en el programa, la mitad de ellas concluir\u00e1n una etapa este a\u00f1o, integr\u00e1ndose a las nuevas participantes. <strong>Mientras que en la regi\u00f3n de O\u2019Higgins, fueron 2 mil 300 las que se sumaron a este desaf\u00edo.<\/strong><strong><\/strong><\/p>\n\n\n\n<p>Para m\u00e1s informaci\u00f3n sobre c\u00f3mo postular y los detalles del programa en cada regi\u00f3n, se puede visitar el <a href=\"https:\/\/www.sernameg.gob.cl\/?p=47142\">sitio web del SernamEG<\/a> o directamente en el municipio de la comuna donde se desarrolla el programa.<\/p>\n\n\n\n<p><strong>\u00bfQui\u00e9nes pueden postular?<\/strong><br>Las mujeres que deseen ingresar al Programa Mujeres Jefas de Hogar deben<br>cumplir con los siguientes requisitos:<\/p>\n\n\n\n<figure class=\"wp-block-image size-large\"><img decoding=\"async\" src=\"https:\/\/www.rengoenlanoticia.cl\/prensa\/wp-content\/uploads\/2025\/01\/04-959x1024.png\" alt=\"\" class=\"wp-image-968\"\/><\/figure>\n","protected":false},"excerpt":{"rendered":"Las acciones incluyen talleres de formaci\u00f3n enfocados en el trabajo remunerado y la autonom\u00eda econ\u00f3mica, as\u00ed como en&hellip;\n","protected":false},"author":1,"featured_media":0,"comment_status":"open","ping_status":"open","sticky":false,"template":"","format":"standard","meta":{"_monsterinsights_skip_tracking":false,"_monsterinsights_sitenote_active":false,"_monsterinsights_sitenote_note":"","_monsterinsights_sitenote_category":0,"footnotes":""},"categories":[8],"tags":[],"class_list":{"0":"post-965","1":"post","2":"type-post","3":"status-publish","4":"format-standard","6":"category-portada"},"aioseo_notices":[],"_links":{"self":[{"href":"https:\/\/www.rengoenlanoticia.cl\/prensa\/wp-json\/wp\/v2\/posts\/965","targetHints":{"allow":["GET"]}}],"collection":[{"href":"https:\/\/www.rengoenlanoticia.cl\/prensa\/wp-json\/wp\/v2\/posts"}],"about":[{"href":"https:\/\/www.rengoenlanoticia.cl\/prensa\/wp-json\/wp\/v2\/types\/post"}],"author":[{"embeddable":true,"href":"https:\/\/www.rengoenlanoticia.cl\/prensa\/wp-json\/wp\/v2\/users\/1"}],"replies":[{"embeddable":true,"href":"https:\/\/www.rengoenlanoticia.cl\/prensa\/wp-json\/wp\/v2\/comments?post=965"}],"version-history":[{"count":2,"href":"https:\/\/www.rengoenlanoticia.cl\/prensa\/wp-json\/wp\/v2\/posts\/965\/revisions"}],"predecessor-version":[{"id":970,"href":"https:\/\/www.rengoenlanoticia.cl\/prensa\/wp-json\/wp\/v2\/posts\/965\/revisions\/970"}],"wp:attachment":[{"href":"https:\/\/www.rengoenlanoticia.cl\/prensa\/wp-json\/wp\/v2\/media?parent=965"}],"wp:term":[{"taxonomy":"category","embeddable":true,"href":"https:\/\/www.rengoenlanoticia.cl\/prensa\/wp-json\/wp\/v2\/categories?post=965"},{"taxonomy":"post_tag","embeddable":true,"href":"https:\/\/www.rengoenlanoticia.cl\/prensa\/wp-json\/wp\/v2\/tags?post=965"}],"curies":[{"name":"wp","href":"https:\/\/api.w.org\/{rel}","templated":true}]}}