{"id":9646,"date":"2026-03-19T00:31:27","date_gmt":"2026-03-19T00:31:27","guid":{"rendered":"https:\/\/www.rengoenlanoticia.cl\/prensa\/?p=9646"},"modified":"2026-03-19T00:34:31","modified_gmt":"2026-03-19T00:34:31","slug":"diputado-ricardo-neumann-respalda-urgencia-a-proyecto-de-ley-que-busca-tipificar-como-delito-el-ingreso-irregular-de-extranjeros-al-pais","status":"publish","type":"post","link":"https:\/\/www.rengoenlanoticia.cl\/prensa\/2026\/03\/19\/diputado-ricardo-neumann-respalda-urgencia-a-proyecto-de-ley-que-busca-tipificar-como-delito-el-ingreso-irregular-de-extranjeros-al-pais\/","title":{"rendered":"Diputado Ricardo Neumann respalda urgencia a proyecto de ley que busca tipificar como delito el ingreso irregular de extranjeros al pa\u00eds"},"content":{"rendered":"\n<p><em>El parlamentario por la Regi\u00f3n de O&#8217;Higgins valor\u00f3 la decisi\u00f3n del Gobierno de otorgar discusi\u00f3n inmediata a una iniciativa legal que apunta a enfrentar la actual crisis migratoria.<\/em><\/p>\n\n\n\n<p>El nuevo diputado por la Regi\u00f3n de O&#8217;Higgins, Ricardo Neumann (UDI), valor\u00f3 la decisi\u00f3n del Gobierno de otorgar discusi\u00f3n inmediata al proyecto de ley que busca tipificar como delito el ingreso irregular al territorio nacional, como una manera de enfrentar la grave crisis migratoria -y todas sus consecuencias- que desde hace varios a\u00f1os viene afectando a pr\u00e1cticamente todo el pa\u00eds.<\/p>\n\n\n\n<p>Al respecto, cabe recordar que fue tras la realizaci\u00f3n del primer comit\u00e9 pol\u00edtico ampliado en La Moneda, que se llev\u00f3 a cabo este lunes con los partidos oficialistas, que el Ejecutivo inform\u00f3 que dicha iniciativa -que ya est\u00e1 en tramitaci\u00f3n- ser\u00e1 discutida con urgencia desde la pr\u00f3xima semana.<\/p>\n\n\n\n<p>En cuanto a los detalles, el parlamentario explic\u00f3 que el proyecto ya fue aprobado por la C\u00e1mara de Diputados en enero de 2024, fecha en que se encuentra en tramitaci\u00f3n en el Senado. Respecto de su contenido, precis\u00f3 que la iniciativa propone dejar de sancionar como falta el ingreso clandestino al pa\u00eds, si no que como delito, fijando una pena de presidio menor en su grado m\u00ednimo (61 a 540 d\u00edas) o una multa de hasta diez UTM para quienes sean sorprendidos ingresando de forma irregular.<\/p>\n\n\n\n<p>\u00abLa decisi\u00f3n del Gobierno de otorgar discusi\u00f3n inmediata a esta iniciativa, con el fin de establecer como delito el ingreso irregular al pa\u00eds, constituye una se\u00f1al evidente de que las nuevas autoridades est\u00e1n tomando real conciencia de la magnitud de la crisis que vivimos, la cual ya no se limita \u00fanicamente al norte, sino que se ha extendido a gran parte de Chile. Lamentablemente, durante los \u00faltimos a\u00f1os fuimos testigos de c\u00f3mo el cruce por pasos no habilitados carec\u00eda de consecuencias efectivas, generando un efecto que termin\u00f3 por sobrepasar la capacidad de control en las fronteras\u201d, se\u00f1al\u00f3 el representante del Distrito 16, quien adem\u00e1s explic\u00f3 que, con este proyecto, \u201ctodas las personas que sean sorprendidas en esta situaci\u00f3n ser\u00e1n detenidas, deber\u00e1n enfrentar un proceso de formalizaci\u00f3n y posteriormente se priorizar\u00e1 su reconducci\u00f3n o expulsi\u00f3n del territorio nacional\u201d.<\/p>\n\n\n\n<p>En relaci\u00f3n con los otros detalles del proyecto, el diputado Neumann afirm\u00f3 que en el caso de los extranjeros que sean sorprendidos entrando por pasos clandestinos y, a la vez, tengan prohibido ingresar al pa\u00eds, se les aplicar\u00e1 una pena de presidio menor en su grado medio a m\u00e1ximo, la que incluso podr\u00eda llegar a los cinco a\u00f1os. La misma sanci\u00f3n -agreg\u00f3 el parlamentario de la Bancada UDI- recibir\u00e1n quienes intenten entrar o salir del territorio nacional con documentos de identidad falsos.<\/p>\n\n\n\n<p>Por lo mismo, tras la urgencia que recibi\u00f3 por parte del Ejecutivo, el legislador por O&#8217;Higgins llam\u00f3 al resto de los parlamentarios, en particular a los de oposici\u00f3n, a \u00abactuar con responsabilidad y estar a la altura de la gravedad de la crisis que estamos viviendo\u00bb, recordando que \u00abson justamente los pasos no habilitados los que suelen ser utilizados por organizaciones criminales para ingresar al pa\u00eds y cometer delitos, lo que ha tenido un impacto directo en el alza de la delincuencia e inseguridad\u00bb.<\/p>\n\n\n\n<p>\u00abLos chilenos no s\u00f3lo est\u00e1n cansados de escuchar diagn\u00f3sticos y de no ver medidas concretas que permitan ejercer un control efectivo de nuestras fronteras, sino que tambi\u00e9n han debido enfrentar las consecuencias directas de la crisis migratoria y de seguridad que afecta al pa\u00eds. Por eso, hoy m\u00e1s que nunca se requieren acciones firmes y eficaces como esta, porque ya que no podemos seguir tolerando que la ilegalidad avance ante la falta de decisiones de esta naturaleza\u201d, sostuvo&nbsp;Neumann.<\/p>\n","protected":false},"excerpt":{"rendered":"El parlamentario por la Regi\u00f3n de O&#8217;Higgins valor\u00f3 la decisi\u00f3n del Gobierno de otorgar discusi\u00f3n inmediata a una&hellip;\n","protected":false},"author":1,"featured_media":9650,"comment_status":"open","ping_status":"open","sticky":false,"template":"","format":"standard","meta":{"_monsterinsights_skip_tracking":false,"_monsterinsights_sitenote_active":false,"_monsterinsights_sitenote_note":"","_monsterinsights_sitenote_category":0,"footnotes":""},"categories":[8],"tags":[],"class_list":{"0":"post-9646","1":"post","2":"type-post","3":"status-publish","4":"format-standard","5":"has-post-thumbnail","7":"category-portada"},"aioseo_notices":[],"_links":{"self":[{"href":"https:\/\/www.rengoenlanoticia.cl\/prensa\/wp-json\/wp\/v2\/posts\/9646","targetHints":{"allow":["GET"]}}],"collection":[{"href":"https:\/\/www.rengoenlanoticia.cl\/prensa\/wp-json\/wp\/v2\/posts"}],"about":[{"href":"https:\/\/www.rengoenlanoticia.cl\/prensa\/wp-json\/wp\/v2\/types\/post"}],"author":[{"embeddable":true,"href":"https:\/\/www.rengoenlanoticia.cl\/prensa\/wp-json\/wp\/v2\/users\/1"}],"replies":[{"embeddable":true,"href":"https:\/\/www.rengoenlanoticia.cl\/prensa\/wp-json\/wp\/v2\/comments?post=9646"}],"version-history":[{"count":3,"href":"https:\/\/www.rengoenlanoticia.cl\/prensa\/wp-json\/wp\/v2\/posts\/9646\/revisions"}],"predecessor-version":[{"id":9664,"href":"https:\/\/www.rengoenlanoticia.cl\/prensa\/wp-json\/wp\/v2\/posts\/9646\/revisions\/9664"}],"wp:featuredmedia":[{"embeddable":true,"href":"https:\/\/www.rengoenlanoticia.cl\/prensa\/wp-json\/wp\/v2\/media\/9650"}],"wp:attachment":[{"href":"https:\/\/www.rengoenlanoticia.cl\/prensa\/wp-json\/wp\/v2\/media?parent=9646"}],"wp:term":[{"taxonomy":"category","embeddable":true,"href":"https:\/\/www.rengoenlanoticia.cl\/prensa\/wp-json\/wp\/v2\/categories?post=9646"},{"taxonomy":"post_tag","embeddable":true,"href":"https:\/\/www.rengoenlanoticia.cl\/prensa\/wp-json\/wp\/v2\/tags?post=9646"}],"curies":[{"name":"wp","href":"https:\/\/api.w.org\/{rel}","templated":true}]}}