{"id":9645,"date":"2026-03-19T00:31:07","date_gmt":"2026-03-19T00:31:07","guid":{"rendered":"https:\/\/www.rengoenlanoticia.cl\/prensa\/?p=9645"},"modified":"2026-03-19T00:37:04","modified_gmt":"2026-03-19T00:37:04","slug":"servicio-de-salud-ohiggins-impulsa-formacion-en-terreno-con-visita-a-hospitales-de-pichilemu-y-litueche","status":"publish","type":"post","link":"https:\/\/www.rengoenlanoticia.cl\/prensa\/2026\/03\/19\/servicio-de-salud-ohiggins-impulsa-formacion-en-terreno-con-visita-a-hospitales-de-pichilemu-y-litueche\/","title":{"rendered":"Servicio de Salud O\u2019Higgins impulsa formaci\u00f3n en terreno con visita a hospitales de Pichilemu y Litueche"},"content":{"rendered":"\n<p>La iniciativa se enmarca en la implementaci\u00f3n del Programa de Internado Comunitario Rotativo Integral (PICRI), que busca integrar a estudiantes de distintas carreras de la salud en hospitales comunitarios para fortalecer la formaci\u00f3n profesional y el v\u00ednculo con los territorios.<\/p>\n\n\n\n<p>\u00a0Con el objetivo de fortalecer la formaci\u00f3n de futuros profesionales de la salud y potenciar el trabajo colaborativo en la red asistencial, el Departamento de Formaci\u00f3n, Relaci\u00f3n Asistencial Docente (RAD), Extensi\u00f3n e Investigaci\u00f3n del Servicio de Salud O\u2019Higgins realiz\u00f3 una visita de trabajo a los equipos del Hospital de Pichilemu y del Hospital de Litueche.<\/p>\n\n\n\n<p>La jornada fue liderada por el jefe del departamento, Dr. Luis Salavarr\u00eda, y cont\u00f3 con la participaci\u00f3n de la Escuela de Medicina de la Universidad Bernardo O\u2019Higgins, representada por su director, Dr. Ricardo Lillo Ganter.<\/p>\n\n\n\n<p>La instancia se desarroll\u00f3 en el marco de la implementaci\u00f3n del Programa de Internado Comunitario Rotativo Integral (PICRI), iniciativa que busca integrar a estudiantes de distintas carreras del \u00e1rea de la salud en hospitales de base comunitaria. El programa promueve el aprendizaje en terreno mediante equipos interdisciplinarios conformados por internos de medicina, enfermer\u00eda y otras profesiones como nutrici\u00f3n, tecnolog\u00eda m\u00e9dica, fonoaudiolog\u00eda, kinesiolog\u00eda o matroner\u00eda.<\/p>\n\n\n\n<p>A trav\u00e9s de este modelo, los equipos de estudiantes trabajan de manera colaborativa desarrollando proyectos de intervenci\u00f3n orientados a mejorar la atenci\u00f3n de los pacientes, fortalecer la promoci\u00f3n y prevenci\u00f3n en salud, apoyar procesos cl\u00ednicos o contribuir a la resoluci\u00f3n de problem\u00e1ticas sociosanitarias en los establecimientos.<\/p>\n\n\n\n<p>Durante la visita, los equipos directivos de ambos hospitales manifestaron su inter\u00e9s en avanzar en la implementaci\u00f3n del programa, destacando la oportunidad que representa para fortalecer la formaci\u00f3n, la investigaci\u00f3n y la vinculaci\u00f3n con las universidades.<\/p>\n\n\n\n<p>Sobre lo anterior, el jefe del Departamento de Formaci\u00f3n, Relaci\u00f3n Asistencial Docente (RAD), Extensi\u00f3n e Investigaci\u00f3n del Servicio de Salud O\u2019Higgins, Dr. Luis Salavarr\u00eda, se\u00f1al\u00f3 que el PICRI permite una gran retribuci\u00f3n a dichos recintos hospitalarios en \u201ccapacitaci\u00f3n, la formaci\u00f3n de sus profesionales, funcionarios y desarrollo de procesos de investigaci\u00f3n para poder tomar mejores decisiones en t\u00e9rminos de gesti\u00f3n cl\u00ednica\u201d.<\/p>\n\n\n\n<p>Por su lado, el director del Hospital de Pichilemu, Dr. Sergio Ortiz, mencion\u00f3 que esta visita permite \u201cfortalecer la formaci\u00f3n, el trabajo colaborativo y la calidad de atenci\u00f3n, contribuyendo al desarrollo de la red de salud y al bienestar de nuestra poblaci\u00f3n\u201d.<\/p>\n\n\n\n<p>Finalmente, el director del Hospital de Litueche, Edson Vivanco, catalog\u00f3 como muy relevante la visita al representar \u201cavance concreto en el fortalecimiento de la investigaci\u00f3n, la innovaci\u00f3n y la vinculaci\u00f3n docente-asistencial, en beneficio directo de nuestros usuarios y usuarias\u201d.<\/p>\n\n\n\n<p>Con este tipo de iniciativas, el Servicio de Salud O\u2019Higgins contin\u00faa fortaleciendo la relaci\u00f3n docente-asistencial entre la red hospitalaria y las universidades, promoviendo espacios de formaci\u00f3n en terreno que contribuyen al desarrollo de profesionales comprometidos con las necesidades de salud de las comunidades.<\/p>\n","protected":false},"excerpt":{"rendered":"La iniciativa se enmarca en la implementaci\u00f3n del Programa de Internado Comunitario Rotativo Integral (PICRI), que busca integrar&hellip;\n","protected":false},"author":1,"featured_media":9665,"comment_status":"open","ping_status":"open","sticky":false,"template":"","format":"standard","meta":{"_monsterinsights_skip_tracking":false,"_monsterinsights_sitenote_active":false,"_monsterinsights_sitenote_note":"","_monsterinsights_sitenote_category":0,"footnotes":""},"categories":[8],"tags":[],"class_list":{"0":"post-9645","1":"post","2":"type-post","3":"status-publish","4":"format-standard","5":"has-post-thumbnail","7":"category-portada"},"aioseo_notices":[],"_links":{"self":[{"href":"https:\/\/www.rengoenlanoticia.cl\/prensa\/wp-json\/wp\/v2\/posts\/9645","targetHints":{"allow":["GET"]}}],"collection":[{"href":"https:\/\/www.rengoenlanoticia.cl\/prensa\/wp-json\/wp\/v2\/posts"}],"about":[{"href":"https:\/\/www.rengoenlanoticia.cl\/prensa\/wp-json\/wp\/v2\/types\/post"}],"author":[{"embeddable":true,"href":"https:\/\/www.rengoenlanoticia.cl\/prensa\/wp-json\/wp\/v2\/users\/1"}],"replies":[{"embeddable":true,"href":"https:\/\/www.rengoenlanoticia.cl\/prensa\/wp-json\/wp\/v2\/comments?post=9645"}],"version-history":[{"count":3,"href":"https:\/\/www.rengoenlanoticia.cl\/prensa\/wp-json\/wp\/v2\/posts\/9645\/revisions"}],"predecessor-version":[{"id":9666,"href":"https:\/\/www.rengoenlanoticia.cl\/prensa\/wp-json\/wp\/v2\/posts\/9645\/revisions\/9666"}],"wp:featuredmedia":[{"embeddable":true,"href":"https:\/\/www.rengoenlanoticia.cl\/prensa\/wp-json\/wp\/v2\/media\/9665"}],"wp:attachment":[{"href":"https:\/\/www.rengoenlanoticia.cl\/prensa\/wp-json\/wp\/v2\/media?parent=9645"}],"wp:term":[{"taxonomy":"category","embeddable":true,"href":"https:\/\/www.rengoenlanoticia.cl\/prensa\/wp-json\/wp\/v2\/categories?post=9645"},{"taxonomy":"post_tag","embeddable":true,"href":"https:\/\/www.rengoenlanoticia.cl\/prensa\/wp-json\/wp\/v2\/tags?post=9645"}],"curies":[{"name":"wp","href":"https:\/\/api.w.org\/{rel}","templated":true}]}}