{"id":9644,"date":"2026-03-19T00:30:07","date_gmt":"2026-03-19T00:30:07","guid":{"rendered":"https:\/\/www.rengoenlanoticia.cl\/prensa\/?p=9644"},"modified":"2026-03-19T00:34:19","modified_gmt":"2026-03-19T00:34:19","slug":"hospital-de-graneros-refuerza-campana-de-vacunacion-con-operativos-en-terreno","status":"publish","type":"post","link":"https:\/\/www.rengoenlanoticia.cl\/prensa\/2026\/03\/19\/hospital-de-graneros-refuerza-campana-de-vacunacion-con-operativos-en-terreno\/","title":{"rendered":"Hospital de\u00a0Graneros refuerza campa\u00f1a de vacunaci\u00f3n con operativos en terreno"},"content":{"rendered":"\n<p>\u00a0Durante marzo, equipos de salud han recorrido juntas de vecinos y centros comunitarios para facilitar el acceso a la inmunizaci\u00f3n gratuita.<\/p>\n\n\n\n<p>Con el objetivo de proteger la salud de la poblaci\u00f3n, especialmente de los grupos de mayor riesgo, el Hospital de Graneros se encuentra desarrollando una activa campa\u00f1a de vacunaci\u00f3n en distintos sectores de la comuna, llevando este importante servicio directamente a la comunidad.<\/p>\n\n\n\n<p>Los equipos de salud est\u00e1n desplegados en establecimientos educacionales, centros comunitarios, operativos territoriales y otros puntos estrat\u00e9gicos, facilitando el acceso a la inmunizaci\u00f3n&nbsp;a los grupos de mayor riesgo de presentar complicaciones por enfermedades respiratorias, entre ellos personas mayores de 60 a\u00f1os, pacientes con enfermedades cr\u00f3nicas, embarazadas, ni\u00f1as y ni\u00f1os, personal de salud y otras poblaciones priorizadas, quienes pueden acceder de manera gratuita a esta inmunizaci\u00f3n.<\/p>\n\n\n\n<p>La directora del establecimiento, Dra. Fernanda Anich, destac\u00f3 la importancia de esta estrategia extramural, se\u00f1alando que \u201ccomo Hospital de Graneros, estamos comprometidos con cuidar la salud de nuestra comunidad. Por eso, no solo estamos vacunando en nuestro establecimiento, sino que tambi\u00e9n estamos llegando a distintos puntos de la comuna para facilitar el acceso, especialmente a quienes pertenecen a los grupos de riesgo. Vacunarse es una medida segura, gratuita y fundamental para prevenir enfermedades graves\u201d.<\/p>\n\n\n\n<p>Asimismo, la autoridad hizo un llamado a la comunidad a informarse sobre los puntos de vacunaci\u00f3n disponibles y a acudir oportunamente cuando los operativos se realicen en sus sectores, \u201cporque vacunarse es protegerse y proteger a quienes m\u00e1s queremos\u201d, puntualiz\u00f3 la Dra. Anich.<\/p>\n\n\n\n<p>Durante la semana pasada, el recinto asistencial realiz\u00f3 diversos operativos extramurales en distintos puntos de la comuna, entre ellos en el ELEAM Hogar Santa Rita y en las juntas de vecinos Los Jardines, Nueva Esperanza, Jos\u00e9 Miguel Carrera, Santa Ana y Rafael Carvallo.<\/p>\n\n\n\n<p><br>Todos estos operativos se desarrollaron entre las 08:30 y las 12:30 horas, permitiendo acercar la vacunaci\u00f3n a vecinos y vecinas que, por distintas razones, tienen mayores dificultades para trasladarse hasta el establecimiento.<\/p>\n\n\n\n<p>Para la presente semana, los operativos est\u00e1n contemplados en las juntas de vecinos de Las Higueras, San Jos\u00e9 de la Dehesa, Villa Sagrada Familia, Uni\u00f3n Las Am\u00e9ricas y Rafael Ovalle.<\/p>\n","protected":false},"excerpt":{"rendered":"\u00a0Durante marzo, equipos de salud han recorrido juntas de vecinos y centros comunitarios para facilitar el acceso a&hellip;\n","protected":false},"author":1,"featured_media":9648,"comment_status":"open","ping_status":"open","sticky":false,"template":"","format":"standard","meta":{"_monsterinsights_skip_tracking":false,"_monsterinsights_sitenote_active":false,"_monsterinsights_sitenote_note":"","_monsterinsights_sitenote_category":0,"footnotes":""},"categories":[8],"tags":[],"class_list":{"0":"post-9644","1":"post","2":"type-post","3":"status-publish","4":"format-standard","5":"has-post-thumbnail","7":"category-portada"},"aioseo_notices":[],"_links":{"self":[{"href":"https:\/\/www.rengoenlanoticia.cl\/prensa\/wp-json\/wp\/v2\/posts\/9644","targetHints":{"allow":["GET"]}}],"collection":[{"href":"https:\/\/www.rengoenlanoticia.cl\/prensa\/wp-json\/wp\/v2\/posts"}],"about":[{"href":"https:\/\/www.rengoenlanoticia.cl\/prensa\/wp-json\/wp\/v2\/types\/post"}],"author":[{"embeddable":true,"href":"https:\/\/www.rengoenlanoticia.cl\/prensa\/wp-json\/wp\/v2\/users\/1"}],"replies":[{"embeddable":true,"href":"https:\/\/www.rengoenlanoticia.cl\/prensa\/wp-json\/wp\/v2\/comments?post=9644"}],"version-history":[{"count":3,"href":"https:\/\/www.rengoenlanoticia.cl\/prensa\/wp-json\/wp\/v2\/posts\/9644\/revisions"}],"predecessor-version":[{"id":9662,"href":"https:\/\/www.rengoenlanoticia.cl\/prensa\/wp-json\/wp\/v2\/posts\/9644\/revisions\/9662"}],"wp:featuredmedia":[{"embeddable":true,"href":"https:\/\/www.rengoenlanoticia.cl\/prensa\/wp-json\/wp\/v2\/media\/9648"}],"wp:attachment":[{"href":"https:\/\/www.rengoenlanoticia.cl\/prensa\/wp-json\/wp\/v2\/media?parent=9644"}],"wp:term":[{"taxonomy":"category","embeddable":true,"href":"https:\/\/www.rengoenlanoticia.cl\/prensa\/wp-json\/wp\/v2\/categories?post=9644"},{"taxonomy":"post_tag","embeddable":true,"href":"https:\/\/www.rengoenlanoticia.cl\/prensa\/wp-json\/wp\/v2\/tags?post=9644"}],"curies":[{"name":"wp","href":"https:\/\/api.w.org\/{rel}","templated":true}]}}