{"id":9643,"date":"2026-03-19T00:32:58","date_gmt":"2026-03-19T00:32:58","guid":{"rendered":"https:\/\/www.rengoenlanoticia.cl\/prensa\/?p=9643"},"modified":"2026-03-19T00:39:14","modified_gmt":"2026-03-19T00:39:14","slug":"prais-ohiggins-participa-en-feria-informativa-en-conmemoracion-del-dia-internacional-de-la-mujer","status":"publish","type":"post","link":"https:\/\/www.rengoenlanoticia.cl\/prensa\/2026\/03\/19\/prais-ohiggins-participa-en-feria-informativa-en-conmemoracion-del-dia-internacional-de-la-mujer\/","title":{"rendered":"PRAIS O\u2019Higgins participa en feria informativa en conmemoraci\u00f3n del D\u00eda Internacional de la Mujer"},"content":{"rendered":"\n<p>\u00b7&nbsp;&nbsp;&nbsp;&nbsp;&nbsp;&nbsp;&nbsp;&nbsp;&nbsp;La actividad reuni\u00f3 a organizaciones sociales e instituciones en la Plaza de Los H\u00e9roes de Rancagua, promoviendo la participaci\u00f3n de mujeres organizadas y el trabajo colaborativo<strong>.<\/strong><\/p>\n\n\n\n<p>\u00a0Con una jornada marcada por la participaci\u00f3n ciudadana, la memoria y el trabajo colaborativo, el equipo del Programa de Reparaci\u00f3n y Atenci\u00f3n Integral en Salud (PRAIS) del Servicio de Salud O\u2019Higgins particip\u00f3 en una feria informativa realizada en la Plaza de Los H\u00e9roes de Rancagua, en el marco de la conmemoraci\u00f3n del D\u00eda Internacional de la Mujer.<\/p>\n\n\n\n<p>La actividad fue convocada por la Corporaci\u00f3n de Usuarios y Usuarias PRAIS O\u2019Higgins y reuni\u00f3 a 23 organizaciones p\u00fablicas y privadas, que se sumaron a esta instancia destinada a visibilizar el trabajo de las mujeres organizadas y promover el intercambio de experiencias entre distintas agrupaciones sociales.<\/p>\n\n\n\n<p>En representaci\u00f3n del equipo PRAIS del Servicio de Salud O\u2019Higgins participaron la coordinadora regional, Ana Mar\u00eda Bustamante G\u00e1lvez, junto a la asistente social Silvia Guajardo Contreras, quienes entregaron informaci\u00f3n sobre el programa a las personas que visitaron el stand durante la jornada.<\/p>\n\n\n\n<p>Desde la organizaci\u00f3n de la actividad, Marcia L\u00f3pez, integrante de la directiva de la corporaci\u00f3n, explic\u00f3 que la iniciativa surgi\u00f3 desde las propias usuarias del programa. \u201cLa directiva de usuarios PRAIS tuvo la iniciativa de convocar a distintas agrupaciones o colectivos de mujeres para conmemorar el 8 de marzo. Decidimos realizar una feria que nos permitiera mostrar, en parte, lo que somos las mujeres organizadas. \u2018Juntas y revueltas, ni un paso atr\u00e1s\u2019 fue la consigna\u201d, se\u00f1al\u00f3.<\/p>\n\n\n\n<p>La dirigente valor\u00f3 adem\u00e1s la presencia del equipo del programa durante la actividad. \u201cEl resultado fue una verdadera fiesta de colaboraci\u00f3n y compa\u00f1erismo. La participaci\u00f3n del equipo PRAIS fue muy importante, porque nos sentimos respaldadas por quienes nos acogen en nuestros problemas de salud y porque necesitamos que m\u00e1s personas conozcan el programa\u201d, agreg\u00f3.<\/p>\n\n\n\n<p>Por su parte, la coordinadora regional del programa, Ana Mar\u00eda Bustamante, destac\u00f3 la importancia de participar en este tipo de espacios comunitarios. \u201cNuestro trabajo siempre debe estar orientado a fortalecer las organizaciones de usuarios. En ese sentido, fue muy gratificante que nos invitaran a participar en una instancia colectiva que permite dar visibilidad al programa y generar redes con otras instituciones\u201d, indic\u00f3.<\/p>\n\n\n\n<p>La jornada se desarroll\u00f3 en un ambiente de encuentro, m\u00fasica y actividades culturales, consolid\u00e1ndose como un espacio de reconocimiento al rol de las mujeres organizadas y de fortalecimiento del trabajo colaborativo entre las instituciones y la comunidad.<\/p>\n","protected":false},"excerpt":{"rendered":"\u00b7&nbsp;&nbsp;&nbsp;&nbsp;&nbsp;&nbsp;&nbsp;&nbsp;&nbsp;La actividad reuni\u00f3 a organizaciones sociales e instituciones en la Plaza de Los H\u00e9roes de Rancagua, promoviendo la&hellip;\n","protected":false},"author":2,"featured_media":9647,"comment_status":"open","ping_status":"open","sticky":false,"template":"","format":"standard","meta":{"_monsterinsights_skip_tracking":false,"_monsterinsights_sitenote_active":false,"_monsterinsights_sitenote_note":"","_monsterinsights_sitenote_category":0,"footnotes":""},"categories":[8],"tags":[],"class_list":{"0":"post-9643","1":"post","2":"type-post","3":"status-publish","4":"format-standard","5":"has-post-thumbnail","7":"category-portada"},"aioseo_notices":[],"_links":{"self":[{"href":"https:\/\/www.rengoenlanoticia.cl\/prensa\/wp-json\/wp\/v2\/posts\/9643","targetHints":{"allow":["GET"]}}],"collection":[{"href":"https:\/\/www.rengoenlanoticia.cl\/prensa\/wp-json\/wp\/v2\/posts"}],"about":[{"href":"https:\/\/www.rengoenlanoticia.cl\/prensa\/wp-json\/wp\/v2\/types\/post"}],"author":[{"embeddable":true,"href":"https:\/\/www.rengoenlanoticia.cl\/prensa\/wp-json\/wp\/v2\/users\/2"}],"replies":[{"embeddable":true,"href":"https:\/\/www.rengoenlanoticia.cl\/prensa\/wp-json\/wp\/v2\/comments?post=9643"}],"version-history":[{"count":2,"href":"https:\/\/www.rengoenlanoticia.cl\/prensa\/wp-json\/wp\/v2\/posts\/9643\/revisions"}],"predecessor-version":[{"id":9667,"href":"https:\/\/www.rengoenlanoticia.cl\/prensa\/wp-json\/wp\/v2\/posts\/9643\/revisions\/9667"}],"wp:featuredmedia":[{"embeddable":true,"href":"https:\/\/www.rengoenlanoticia.cl\/prensa\/wp-json\/wp\/v2\/media\/9647"}],"wp:attachment":[{"href":"https:\/\/www.rengoenlanoticia.cl\/prensa\/wp-json\/wp\/v2\/media?parent=9643"}],"wp:term":[{"taxonomy":"category","embeddable":true,"href":"https:\/\/www.rengoenlanoticia.cl\/prensa\/wp-json\/wp\/v2\/categories?post=9643"},{"taxonomy":"post_tag","embeddable":true,"href":"https:\/\/www.rengoenlanoticia.cl\/prensa\/wp-json\/wp\/v2\/tags?post=9643"}],"curies":[{"name":"wp","href":"https:\/\/api.w.org\/{rel}","templated":true}]}}