{"id":9610,"date":"2026-03-11T01:56:05","date_gmt":"2026-03-11T01:56:05","guid":{"rendered":"https:\/\/www.rengoenlanoticia.cl\/prensa\/?p=9610"},"modified":"2026-03-11T01:58:01","modified_gmt":"2026-03-11T01:58:01","slug":"fiesta-caracolina-reunio-a-vecinos-y-destaco-a-importantes-miembros-de-la-comunidad","status":"publish","type":"post","link":"https:\/\/www.rengoenlanoticia.cl\/prensa\/2026\/03\/11\/fiesta-caracolina-reunio-a-vecinos-y-destaco-a-importantes-miembros-de-la-comunidad\/","title":{"rendered":"Fiesta Caracolina reuni\u00f3 a vecinos y destac\u00f3 a importantes miembros de la comunidad"},"content":{"rendered":"\n<p>El pasado s\u00e1bado 7 de marzo se celebr\u00f3 con gran \u00e9xito la tradicional <strong>Fiesta Caracolina<\/strong>, actividad organizada por la Junta de Vecinos Caracoles y patrocinada por la Ilustre Municipalidad de Rengo, el Gobierno Regional (GORE) y aportes de particulares.<\/p>\n\n\n\n<p>La jornada fue descrita como un encuentro lleno de alegr\u00eda, tradici\u00f3n y uni\u00f3n comunitaria. La presidenta de la organizaci\u00f3n, <strong>Miriam Toro Pardo<\/strong>, junto a su directiva compuesta por <strong>Manuel Miranda<\/strong> y <strong>Juan Zapata<\/strong>, destacaron lo maravilloso y m\u00e1gico de esta celebraci\u00f3n, que permiti\u00f3 reunir a la gran familia caracolina y a vecinos de sectores aleda\u00f1os.<\/p>\n\n\n\n<figure class=\"wp-block-image size-large\"><img loading=\"lazy\" decoding=\"async\" width=\"1024\" height=\"682\" src=\"https:\/\/www.rengoenlanoticia.cl\/prensa\/wp-content\/uploads\/2026\/03\/WhatsApp-Image-2026-03-09-at-12.27.29-1024x682.jpeg\" alt=\"\" class=\"wp-image-9621\" srcset=\"https:\/\/www.rengoenlanoticia.cl\/prensa\/wp-content\/uploads\/2026\/03\/WhatsApp-Image-2026-03-09-at-12.27.29-1024x682.jpeg 1024w, https:\/\/www.rengoenlanoticia.cl\/prensa\/wp-content\/uploads\/2026\/03\/WhatsApp-Image-2026-03-09-at-12.27.29-300x200.jpeg 300w, https:\/\/www.rengoenlanoticia.cl\/prensa\/wp-content\/uploads\/2026\/03\/WhatsApp-Image-2026-03-09-at-12.27.29-768x512.jpeg 768w, https:\/\/www.rengoenlanoticia.cl\/prensa\/wp-content\/uploads\/2026\/03\/WhatsApp-Image-2026-03-09-at-12.27.29-110x73.jpeg 110w, https:\/\/www.rengoenlanoticia.cl\/prensa\/wp-content\/uploads\/2026\/03\/WhatsApp-Image-2026-03-09-at-12.27.29-200x133.jpeg 200w, https:\/\/www.rengoenlanoticia.cl\/prensa\/wp-content\/uploads\/2026\/03\/WhatsApp-Image-2026-03-09-at-12.27.29-380x253.jpeg 380w, https:\/\/www.rengoenlanoticia.cl\/prensa\/wp-content\/uploads\/2026\/03\/WhatsApp-Image-2026-03-09-at-12.27.29-255x170.jpeg 255w, https:\/\/www.rengoenlanoticia.cl\/prensa\/wp-content\/uploads\/2026\/03\/WhatsApp-Image-2026-03-09-at-12.27.29-550x367.jpeg 550w, https:\/\/www.rengoenlanoticia.cl\/prensa\/wp-content\/uploads\/2026\/03\/WhatsApp-Image-2026-03-09-at-12.27.29-800x533.jpeg 800w, https:\/\/www.rengoenlanoticia.cl\/prensa\/wp-content\/uploads\/2026\/03\/WhatsApp-Image-2026-03-09-at-12.27.29-1160x773.jpeg 1160w, https:\/\/www.rengoenlanoticia.cl\/prensa\/wp-content\/uploads\/2026\/03\/WhatsApp-Image-2026-03-09-at-12.27.29.jpeg 1280w\" sizes=\"auto, (max-width: 1024px) 100vw, 1024px\" \/><\/figure>\n\n\n\n<p>Durante la actividad, la directiva agradeci\u00f3 especialmente el apoyo del alcalde de la comuna de Malloa, <strong>Luis Barra Villanueva<\/strong>, y de la directora de Desarrollo Comunitario (DIDECO), <strong>Pamela Caro<\/strong>, resaltando su constante compromiso con la comunidad caracolina.<\/p>\n\n\n\n<p>Uno de los momentos m\u00e1s emotivos de la jornada fue la entrega de reconocimientos a destacados vecinos y representantes de la comunidad. Entre ellos se premi\u00f3 al sacerdote de Malloa, <strong>Luis Pi\u00f1a<\/strong>, por su permanente apoyo espiritual a la comuna. Asimismo, se distingui\u00f3 al vecino <strong>Bernardo Maga\u00f1a<\/strong>, por mantener viva la tradici\u00f3n de la elaboraci\u00f3n de <strong>chicha<\/strong>, una costumbre profundamente arraigada en la cultura local.<\/p>\n\n\n\n<figure class=\"wp-block-image size-large\"><img loading=\"lazy\" decoding=\"async\" width=\"1024\" height=\"682\" src=\"https:\/\/www.rengoenlanoticia.cl\/prensa\/wp-content\/uploads\/2026\/03\/WhatsApp-Image-2026-03-09-at-12.27.29-3-1024x682.jpeg\" alt=\"\" class=\"wp-image-9620\" srcset=\"https:\/\/www.rengoenlanoticia.cl\/prensa\/wp-content\/uploads\/2026\/03\/WhatsApp-Image-2026-03-09-at-12.27.29-3-1024x682.jpeg 1024w, https:\/\/www.rengoenlanoticia.cl\/prensa\/wp-content\/uploads\/2026\/03\/WhatsApp-Image-2026-03-09-at-12.27.29-3-300x200.jpeg 300w, https:\/\/www.rengoenlanoticia.cl\/prensa\/wp-content\/uploads\/2026\/03\/WhatsApp-Image-2026-03-09-at-12.27.29-3-768x512.jpeg 768w, https:\/\/www.rengoenlanoticia.cl\/prensa\/wp-content\/uploads\/2026\/03\/WhatsApp-Image-2026-03-09-at-12.27.29-3-110x73.jpeg 110w, https:\/\/www.rengoenlanoticia.cl\/prensa\/wp-content\/uploads\/2026\/03\/WhatsApp-Image-2026-03-09-at-12.27.29-3-200x133.jpeg 200w, https:\/\/www.rengoenlanoticia.cl\/prensa\/wp-content\/uploads\/2026\/03\/WhatsApp-Image-2026-03-09-at-12.27.29-3-380x253.jpeg 380w, https:\/\/www.rengoenlanoticia.cl\/prensa\/wp-content\/uploads\/2026\/03\/WhatsApp-Image-2026-03-09-at-12.27.29-3-255x170.jpeg 255w, https:\/\/www.rengoenlanoticia.cl\/prensa\/wp-content\/uploads\/2026\/03\/WhatsApp-Image-2026-03-09-at-12.27.29-3-550x367.jpeg 550w, https:\/\/www.rengoenlanoticia.cl\/prensa\/wp-content\/uploads\/2026\/03\/WhatsApp-Image-2026-03-09-at-12.27.29-3-800x533.jpeg 800w, https:\/\/www.rengoenlanoticia.cl\/prensa\/wp-content\/uploads\/2026\/03\/WhatsApp-Image-2026-03-09-at-12.27.29-3-1160x773.jpeg 1160w, https:\/\/www.rengoenlanoticia.cl\/prensa\/wp-content\/uploads\/2026\/03\/WhatsApp-Image-2026-03-09-at-12.27.29-3.jpeg 1280w\" sizes=\"auto, (max-width: 1024px) 100vw, 1024px\" \/><\/figure>\n\n\n\n<p>Tambi\u00e9n se entreg\u00f3 un reconocimiento especial a <strong>Juan Zapata<\/strong>, por sus a\u00f1os de trabajo como dirigente vecinal y su compromiso con el bienestar y desarrollo de la comunidad.<\/p>\n\n\n\n<figure class=\"wp-block-image size-large\"><img loading=\"lazy\" decoding=\"async\" width=\"1024\" height=\"874\" src=\"https:\/\/www.rengoenlanoticia.cl\/prensa\/wp-content\/uploads\/2026\/03\/WhatsApp-Image-2026-03-09-at-12.27.30-1024x874.jpeg\" alt=\"\" class=\"wp-image-9625\" srcset=\"https:\/\/www.rengoenlanoticia.cl\/prensa\/wp-content\/uploads\/2026\/03\/WhatsApp-Image-2026-03-09-at-12.27.30-1024x874.jpeg 1024w, https:\/\/www.rengoenlanoticia.cl\/prensa\/wp-content\/uploads\/2026\/03\/WhatsApp-Image-2026-03-09-at-12.27.30-300x256.jpeg 300w, https:\/\/www.rengoenlanoticia.cl\/prensa\/wp-content\/uploads\/2026\/03\/WhatsApp-Image-2026-03-09-at-12.27.30-768x656.jpeg 768w, https:\/\/www.rengoenlanoticia.cl\/prensa\/wp-content\/uploads\/2026\/03\/WhatsApp-Image-2026-03-09-at-12.27.30-110x94.jpeg 110w, https:\/\/www.rengoenlanoticia.cl\/prensa\/wp-content\/uploads\/2026\/03\/WhatsApp-Image-2026-03-09-at-12.27.30-200x171.jpeg 200w, https:\/\/www.rengoenlanoticia.cl\/prensa\/wp-content\/uploads\/2026\/03\/WhatsApp-Image-2026-03-09-at-12.27.30-380x324.jpeg 380w, https:\/\/www.rengoenlanoticia.cl\/prensa\/wp-content\/uploads\/2026\/03\/WhatsApp-Image-2026-03-09-at-12.27.30-255x218.jpeg 255w, https:\/\/www.rengoenlanoticia.cl\/prensa\/wp-content\/uploads\/2026\/03\/WhatsApp-Image-2026-03-09-at-12.27.30-550x470.jpeg 550w, https:\/\/www.rengoenlanoticia.cl\/prensa\/wp-content\/uploads\/2026\/03\/WhatsApp-Image-2026-03-09-at-12.27.30-800x683.jpeg 800w, https:\/\/www.rengoenlanoticia.cl\/prensa\/wp-content\/uploads\/2026\/03\/WhatsApp-Image-2026-03-09-at-12.27.30-1160x991.jpeg 1160w, https:\/\/www.rengoenlanoticia.cl\/prensa\/wp-content\/uploads\/2026\/03\/WhatsApp-Image-2026-03-09-at-12.27.30.jpeg 1280w\" sizes=\"auto, (max-width: 1024px) 100vw, 1024px\" \/><\/figure>\n\n\n\n<p>La Fiesta Caracolina se consolid\u00f3 as\u00ed como un espacio de encuentro, tradici\u00f3n y reconocimiento al esfuerzo de quienes trabajan d\u00eda a d\u00eda por fortalecer la identidad y el esp\u00edritu comunitario de la zona.<\/p>\n\n\n\n<figure class=\"wp-block-image size-large\"><img loading=\"lazy\" decoding=\"async\" width=\"1024\" height=\"682\" src=\"https:\/\/www.rengoenlanoticia.cl\/prensa\/wp-content\/uploads\/2026\/03\/WhatsApp-Image-2026-03-09-at-12.27.33-2-1024x682.jpeg\" alt=\"\" class=\"wp-image-9631\" srcset=\"https:\/\/www.rengoenlanoticia.cl\/prensa\/wp-content\/uploads\/2026\/03\/WhatsApp-Image-2026-03-09-at-12.27.33-2-1024x682.jpeg 1024w, https:\/\/www.rengoenlanoticia.cl\/prensa\/wp-content\/uploads\/2026\/03\/WhatsApp-Image-2026-03-09-at-12.27.33-2-300x200.jpeg 300w, https:\/\/www.rengoenlanoticia.cl\/prensa\/wp-content\/uploads\/2026\/03\/WhatsApp-Image-2026-03-09-at-12.27.33-2-768x512.jpeg 768w, https:\/\/www.rengoenlanoticia.cl\/prensa\/wp-content\/uploads\/2026\/03\/WhatsApp-Image-2026-03-09-at-12.27.33-2-110x73.jpeg 110w, https:\/\/www.rengoenlanoticia.cl\/prensa\/wp-content\/uploads\/2026\/03\/WhatsApp-Image-2026-03-09-at-12.27.33-2-200x133.jpeg 200w, https:\/\/www.rengoenlanoticia.cl\/prensa\/wp-content\/uploads\/2026\/03\/WhatsApp-Image-2026-03-09-at-12.27.33-2-380x253.jpeg 380w, https:\/\/www.rengoenlanoticia.cl\/prensa\/wp-content\/uploads\/2026\/03\/WhatsApp-Image-2026-03-09-at-12.27.33-2-255x170.jpeg 255w, https:\/\/www.rengoenlanoticia.cl\/prensa\/wp-content\/uploads\/2026\/03\/WhatsApp-Image-2026-03-09-at-12.27.33-2-550x367.jpeg 550w, https:\/\/www.rengoenlanoticia.cl\/prensa\/wp-content\/uploads\/2026\/03\/WhatsApp-Image-2026-03-09-at-12.27.33-2-800x533.jpeg 800w, https:\/\/www.rengoenlanoticia.cl\/prensa\/wp-content\/uploads\/2026\/03\/WhatsApp-Image-2026-03-09-at-12.27.33-2-1160x773.jpeg 1160w, https:\/\/www.rengoenlanoticia.cl\/prensa\/wp-content\/uploads\/2026\/03\/WhatsApp-Image-2026-03-09-at-12.27.33-2.jpeg 1280w\" sizes=\"auto, (max-width: 1024px) 100vw, 1024px\" \/><\/figure>\n\n\n\n<figure class=\"wp-block-image size-large\"><img loading=\"lazy\" decoding=\"async\" width=\"1024\" height=\"682\" src=\"https:\/\/www.rengoenlanoticia.cl\/prensa\/wp-content\/uploads\/2026\/03\/WhatsApp-Image-2026-03-09-at-12.27.33-1-1024x682.jpeg\" alt=\"\" class=\"wp-image-9630\" srcset=\"https:\/\/www.rengoenlanoticia.cl\/prensa\/wp-content\/uploads\/2026\/03\/WhatsApp-Image-2026-03-09-at-12.27.33-1-1024x682.jpeg 1024w, https:\/\/www.rengoenlanoticia.cl\/prensa\/wp-content\/uploads\/2026\/03\/WhatsApp-Image-2026-03-09-at-12.27.33-1-300x200.jpeg 300w, https:\/\/www.rengoenlanoticia.cl\/prensa\/wp-content\/uploads\/2026\/03\/WhatsApp-Image-2026-03-09-at-12.27.33-1-768x512.jpeg 768w, https:\/\/www.rengoenlanoticia.cl\/prensa\/wp-content\/uploads\/2026\/03\/WhatsApp-Image-2026-03-09-at-12.27.33-1-110x73.jpeg 110w, https:\/\/www.rengoenlanoticia.cl\/prensa\/wp-content\/uploads\/2026\/03\/WhatsApp-Image-2026-03-09-at-12.27.33-1-200x133.jpeg 200w, https:\/\/www.rengoenlanoticia.cl\/prensa\/wp-content\/uploads\/2026\/03\/WhatsApp-Image-2026-03-09-at-12.27.33-1-380x253.jpeg 380w, https:\/\/www.rengoenlanoticia.cl\/prensa\/wp-content\/uploads\/2026\/03\/WhatsApp-Image-2026-03-09-at-12.27.33-1-255x170.jpeg 255w, https:\/\/www.rengoenlanoticia.cl\/prensa\/wp-content\/uploads\/2026\/03\/WhatsApp-Image-2026-03-09-at-12.27.33-1-550x367.jpeg 550w, https:\/\/www.rengoenlanoticia.cl\/prensa\/wp-content\/uploads\/2026\/03\/WhatsApp-Image-2026-03-09-at-12.27.33-1-800x533.jpeg 800w, https:\/\/www.rengoenlanoticia.cl\/prensa\/wp-content\/uploads\/2026\/03\/WhatsApp-Image-2026-03-09-at-12.27.33-1-1160x773.jpeg 1160w, https:\/\/www.rengoenlanoticia.cl\/prensa\/wp-content\/uploads\/2026\/03\/WhatsApp-Image-2026-03-09-at-12.27.33-1.jpeg 1280w\" sizes=\"auto, (max-width: 1024px) 100vw, 1024px\" \/><\/figure>\n\n\n\n<figure class=\"wp-block-image size-large\"><img loading=\"lazy\" decoding=\"async\" width=\"1024\" height=\"682\" src=\"https:\/\/www.rengoenlanoticia.cl\/prensa\/wp-content\/uploads\/2026\/03\/WhatsApp-Image-2026-03-09-at-12.27.32-1024x682.jpeg\" alt=\"\" class=\"wp-image-9629\" srcset=\"https:\/\/www.rengoenlanoticia.cl\/prensa\/wp-content\/uploads\/2026\/03\/WhatsApp-Image-2026-03-09-at-12.27.32-1024x682.jpeg 1024w, https:\/\/www.rengoenlanoticia.cl\/prensa\/wp-content\/uploads\/2026\/03\/WhatsApp-Image-2026-03-09-at-12.27.32-300x200.jpeg 300w, https:\/\/www.rengoenlanoticia.cl\/prensa\/wp-content\/uploads\/2026\/03\/WhatsApp-Image-2026-03-09-at-12.27.32-768x512.jpeg 768w, https:\/\/www.rengoenlanoticia.cl\/prensa\/wp-content\/uploads\/2026\/03\/WhatsApp-Image-2026-03-09-at-12.27.32-110x73.jpeg 110w, https:\/\/www.rengoenlanoticia.cl\/prensa\/wp-content\/uploads\/2026\/03\/WhatsApp-Image-2026-03-09-at-12.27.32-200x133.jpeg 200w, https:\/\/www.rengoenlanoticia.cl\/prensa\/wp-content\/uploads\/2026\/03\/WhatsApp-Image-2026-03-09-at-12.27.32-380x253.jpeg 380w, https:\/\/www.rengoenlanoticia.cl\/prensa\/wp-content\/uploads\/2026\/03\/WhatsApp-Image-2026-03-09-at-12.27.32-255x170.jpeg 255w, https:\/\/www.rengoenlanoticia.cl\/prensa\/wp-content\/uploads\/2026\/03\/WhatsApp-Image-2026-03-09-at-12.27.32-550x367.jpeg 550w, https:\/\/www.rengoenlanoticia.cl\/prensa\/wp-content\/uploads\/2026\/03\/WhatsApp-Image-2026-03-09-at-12.27.32-800x533.jpeg 800w, https:\/\/www.rengoenlanoticia.cl\/prensa\/wp-content\/uploads\/2026\/03\/WhatsApp-Image-2026-03-09-at-12.27.32-1160x773.jpeg 1160w, https:\/\/www.rengoenlanoticia.cl\/prensa\/wp-content\/uploads\/2026\/03\/WhatsApp-Image-2026-03-09-at-12.27.32.jpeg 1280w\" sizes=\"auto, (max-width: 1024px) 100vw, 1024px\" \/><\/figure>\n\n\n\n<figure class=\"wp-block-image size-large\"><img loading=\"lazy\" decoding=\"async\" width=\"1024\" height=\"682\" src=\"https:\/\/www.rengoenlanoticia.cl\/prensa\/wp-content\/uploads\/2026\/03\/WhatsApp-Image-2026-03-09-at-12.27.31-1024x682.jpeg\" alt=\"\" class=\"wp-image-9628\" srcset=\"https:\/\/www.rengoenlanoticia.cl\/prensa\/wp-content\/uploads\/2026\/03\/WhatsApp-Image-2026-03-09-at-12.27.31-1024x682.jpeg 1024w, https:\/\/www.rengoenlanoticia.cl\/prensa\/wp-content\/uploads\/2026\/03\/WhatsApp-Image-2026-03-09-at-12.27.31-300x200.jpeg 300w, https:\/\/www.rengoenlanoticia.cl\/prensa\/wp-content\/uploads\/2026\/03\/WhatsApp-Image-2026-03-09-at-12.27.31-768x512.jpeg 768w, https:\/\/www.rengoenlanoticia.cl\/prensa\/wp-content\/uploads\/2026\/03\/WhatsApp-Image-2026-03-09-at-12.27.31-110x73.jpeg 110w, https:\/\/www.rengoenlanoticia.cl\/prensa\/wp-content\/uploads\/2026\/03\/WhatsApp-Image-2026-03-09-at-12.27.31-200x133.jpeg 200w, https:\/\/www.rengoenlanoticia.cl\/prensa\/wp-content\/uploads\/2026\/03\/WhatsApp-Image-2026-03-09-at-12.27.31-380x253.jpeg 380w, https:\/\/www.rengoenlanoticia.cl\/prensa\/wp-content\/uploads\/2026\/03\/WhatsApp-Image-2026-03-09-at-12.27.31-255x170.jpeg 255w, https:\/\/www.rengoenlanoticia.cl\/prensa\/wp-content\/uploads\/2026\/03\/WhatsApp-Image-2026-03-09-at-12.27.31-550x367.jpeg 550w, https:\/\/www.rengoenlanoticia.cl\/prensa\/wp-content\/uploads\/2026\/03\/WhatsApp-Image-2026-03-09-at-12.27.31-800x533.jpeg 800w, https:\/\/www.rengoenlanoticia.cl\/prensa\/wp-content\/uploads\/2026\/03\/WhatsApp-Image-2026-03-09-at-12.27.31-1160x773.jpeg 1160w, https:\/\/www.rengoenlanoticia.cl\/prensa\/wp-content\/uploads\/2026\/03\/WhatsApp-Image-2026-03-09-at-12.27.31.jpeg 1280w\" sizes=\"auto, (max-width: 1024px) 100vw, 1024px\" \/><\/figure>\n\n\n\n<figure class=\"wp-block-image size-large\"><img loading=\"lazy\" decoding=\"async\" width=\"1024\" height=\"682\" src=\"https:\/\/www.rengoenlanoticia.cl\/prensa\/wp-content\/uploads\/2026\/03\/WhatsApp-Image-2026-03-09-at-12.27.31-2-1024x682.jpeg\" alt=\"\" class=\"wp-image-9627\" srcset=\"https:\/\/www.rengoenlanoticia.cl\/prensa\/wp-content\/uploads\/2026\/03\/WhatsApp-Image-2026-03-09-at-12.27.31-2-1024x682.jpeg 1024w, https:\/\/www.rengoenlanoticia.cl\/prensa\/wp-content\/uploads\/2026\/03\/WhatsApp-Image-2026-03-09-at-12.27.31-2-300x200.jpeg 300w, https:\/\/www.rengoenlanoticia.cl\/prensa\/wp-content\/uploads\/2026\/03\/WhatsApp-Image-2026-03-09-at-12.27.31-2-768x512.jpeg 768w, https:\/\/www.rengoenlanoticia.cl\/prensa\/wp-content\/uploads\/2026\/03\/WhatsApp-Image-2026-03-09-at-12.27.31-2-110x73.jpeg 110w, https:\/\/www.rengoenlanoticia.cl\/prensa\/wp-content\/uploads\/2026\/03\/WhatsApp-Image-2026-03-09-at-12.27.31-2-200x133.jpeg 200w, https:\/\/www.rengoenlanoticia.cl\/prensa\/wp-content\/uploads\/2026\/03\/WhatsApp-Image-2026-03-09-at-12.27.31-2-380x253.jpeg 380w, https:\/\/www.rengoenlanoticia.cl\/prensa\/wp-content\/uploads\/2026\/03\/WhatsApp-Image-2026-03-09-at-12.27.31-2-255x170.jpeg 255w, https:\/\/www.rengoenlanoticia.cl\/prensa\/wp-content\/uploads\/2026\/03\/WhatsApp-Image-2026-03-09-at-12.27.31-2-550x367.jpeg 550w, https:\/\/www.rengoenlanoticia.cl\/prensa\/wp-content\/uploads\/2026\/03\/WhatsApp-Image-2026-03-09-at-12.27.31-2-800x533.jpeg 800w, https:\/\/www.rengoenlanoticia.cl\/prensa\/wp-content\/uploads\/2026\/03\/WhatsApp-Image-2026-03-09-at-12.27.31-2-1160x773.jpeg 1160w, https:\/\/www.rengoenlanoticia.cl\/prensa\/wp-content\/uploads\/2026\/03\/WhatsApp-Image-2026-03-09-at-12.27.31-2.jpeg 1280w\" sizes=\"auto, (max-width: 1024px) 100vw, 1024px\" \/><\/figure>\n\n\n\n<figure class=\"wp-block-image size-large\"><img loading=\"lazy\" decoding=\"async\" width=\"785\" height=\"1024\" src=\"https:\/\/www.rengoenlanoticia.cl\/prensa\/wp-content\/uploads\/2026\/03\/WhatsApp-Image-2026-03-09-at-12.27.31-1-785x1024.jpeg\" alt=\"\" class=\"wp-image-9626\" srcset=\"https:\/\/www.rengoenlanoticia.cl\/prensa\/wp-content\/uploads\/2026\/03\/WhatsApp-Image-2026-03-09-at-12.27.31-1-785x1024.jpeg 785w, https:\/\/www.rengoenlanoticia.cl\/prensa\/wp-content\/uploads\/2026\/03\/WhatsApp-Image-2026-03-09-at-12.27.31-1-230x300.jpeg 230w, https:\/\/www.rengoenlanoticia.cl\/prensa\/wp-content\/uploads\/2026\/03\/WhatsApp-Image-2026-03-09-at-12.27.31-1-768x1002.jpeg 768w, https:\/\/www.rengoenlanoticia.cl\/prensa\/wp-content\/uploads\/2026\/03\/WhatsApp-Image-2026-03-09-at-12.27.31-1-110x144.jpeg 110w, https:\/\/www.rengoenlanoticia.cl\/prensa\/wp-content\/uploads\/2026\/03\/WhatsApp-Image-2026-03-09-at-12.27.31-1-200x261.jpeg 200w, https:\/\/www.rengoenlanoticia.cl\/prensa\/wp-content\/uploads\/2026\/03\/WhatsApp-Image-2026-03-09-at-12.27.31-1-380x496.jpeg 380w, https:\/\/www.rengoenlanoticia.cl\/prensa\/wp-content\/uploads\/2026\/03\/WhatsApp-Image-2026-03-09-at-12.27.31-1-255x333.jpeg 255w, https:\/\/www.rengoenlanoticia.cl\/prensa\/wp-content\/uploads\/2026\/03\/WhatsApp-Image-2026-03-09-at-12.27.31-1-300x391.jpeg 300w, https:\/\/www.rengoenlanoticia.cl\/prensa\/wp-content\/uploads\/2026\/03\/WhatsApp-Image-2026-03-09-at-12.27.31-1-550x718.jpeg 550w, https:\/\/www.rengoenlanoticia.cl\/prensa\/wp-content\/uploads\/2026\/03\/WhatsApp-Image-2026-03-09-at-12.27.31-1-800x1044.jpeg 800w, https:\/\/www.rengoenlanoticia.cl\/prensa\/wp-content\/uploads\/2026\/03\/WhatsApp-Image-2026-03-09-at-12.27.31-1.jpeg 981w\" sizes=\"auto, (max-width: 785px) 100vw, 785px\" \/><\/figure>\n\n\n\n<figure class=\"wp-block-image size-large\"><img loading=\"lazy\" decoding=\"async\" width=\"1024\" height=\"682\" src=\"https:\/\/www.rengoenlanoticia.cl\/prensa\/wp-content\/uploads\/2026\/03\/WhatsApp-Image-2026-03-09-at-12.27.30-3-1024x682.jpeg\" alt=\"\" class=\"wp-image-9624\" srcset=\"https:\/\/www.rengoenlanoticia.cl\/prensa\/wp-content\/uploads\/2026\/03\/WhatsApp-Image-2026-03-09-at-12.27.30-3-1024x682.jpeg 1024w, https:\/\/www.rengoenlanoticia.cl\/prensa\/wp-content\/uploads\/2026\/03\/WhatsApp-Image-2026-03-09-at-12.27.30-3-300x200.jpeg 300w, https:\/\/www.rengoenlanoticia.cl\/prensa\/wp-content\/uploads\/2026\/03\/WhatsApp-Image-2026-03-09-at-12.27.30-3-768x512.jpeg 768w, https:\/\/www.rengoenlanoticia.cl\/prensa\/wp-content\/uploads\/2026\/03\/WhatsApp-Image-2026-03-09-at-12.27.30-3-110x73.jpeg 110w, https:\/\/www.rengoenlanoticia.cl\/prensa\/wp-content\/uploads\/2026\/03\/WhatsApp-Image-2026-03-09-at-12.27.30-3-200x133.jpeg 200w, https:\/\/www.rengoenlanoticia.cl\/prensa\/wp-content\/uploads\/2026\/03\/WhatsApp-Image-2026-03-09-at-12.27.30-3-380x253.jpeg 380w, https:\/\/www.rengoenlanoticia.cl\/prensa\/wp-content\/uploads\/2026\/03\/WhatsApp-Image-2026-03-09-at-12.27.30-3-255x170.jpeg 255w, https:\/\/www.rengoenlanoticia.cl\/prensa\/wp-content\/uploads\/2026\/03\/WhatsApp-Image-2026-03-09-at-12.27.30-3-550x367.jpeg 550w, https:\/\/www.rengoenlanoticia.cl\/prensa\/wp-content\/uploads\/2026\/03\/WhatsApp-Image-2026-03-09-at-12.27.30-3-800x533.jpeg 800w, https:\/\/www.rengoenlanoticia.cl\/prensa\/wp-content\/uploads\/2026\/03\/WhatsApp-Image-2026-03-09-at-12.27.30-3-1160x773.jpeg 1160w, https:\/\/www.rengoenlanoticia.cl\/prensa\/wp-content\/uploads\/2026\/03\/WhatsApp-Image-2026-03-09-at-12.27.30-3.jpeg 1280w\" sizes=\"auto, (max-width: 1024px) 100vw, 1024px\" \/><\/figure>\n\n\n\n<figure class=\"wp-block-image size-large\"><img loading=\"lazy\" decoding=\"async\" width=\"1024\" height=\"682\" src=\"https:\/\/www.rengoenlanoticia.cl\/prensa\/wp-content\/uploads\/2026\/03\/WhatsApp-Image-2026-03-09-at-12.27.30-2-1024x682.jpeg\" alt=\"\" class=\"wp-image-9623\" srcset=\"https:\/\/www.rengoenlanoticia.cl\/prensa\/wp-content\/uploads\/2026\/03\/WhatsApp-Image-2026-03-09-at-12.27.30-2-1024x682.jpeg 1024w, https:\/\/www.rengoenlanoticia.cl\/prensa\/wp-content\/uploads\/2026\/03\/WhatsApp-Image-2026-03-09-at-12.27.30-2-300x200.jpeg 300w, https:\/\/www.rengoenlanoticia.cl\/prensa\/wp-content\/uploads\/2026\/03\/WhatsApp-Image-2026-03-09-at-12.27.30-2-768x512.jpeg 768w, https:\/\/www.rengoenlanoticia.cl\/prensa\/wp-content\/uploads\/2026\/03\/WhatsApp-Image-2026-03-09-at-12.27.30-2-110x73.jpeg 110w, https:\/\/www.rengoenlanoticia.cl\/prensa\/wp-content\/uploads\/2026\/03\/WhatsApp-Image-2026-03-09-at-12.27.30-2-200x133.jpeg 200w, https:\/\/www.rengoenlanoticia.cl\/prensa\/wp-content\/uploads\/2026\/03\/WhatsApp-Image-2026-03-09-at-12.27.30-2-380x253.jpeg 380w, https:\/\/www.rengoenlanoticia.cl\/prensa\/wp-content\/uploads\/2026\/03\/WhatsApp-Image-2026-03-09-at-12.27.30-2-255x170.jpeg 255w, https:\/\/www.rengoenlanoticia.cl\/prensa\/wp-content\/uploads\/2026\/03\/WhatsApp-Image-2026-03-09-at-12.27.30-2-550x367.jpeg 550w, https:\/\/www.rengoenlanoticia.cl\/prensa\/wp-content\/uploads\/2026\/03\/WhatsApp-Image-2026-03-09-at-12.27.30-2-800x533.jpeg 800w, https:\/\/www.rengoenlanoticia.cl\/prensa\/wp-content\/uploads\/2026\/03\/WhatsApp-Image-2026-03-09-at-12.27.30-2-1160x773.jpeg 1160w, https:\/\/www.rengoenlanoticia.cl\/prensa\/wp-content\/uploads\/2026\/03\/WhatsApp-Image-2026-03-09-at-12.27.30-2.jpeg 1280w\" sizes=\"auto, (max-width: 1024px) 100vw, 1024px\" \/><\/figure>\n\n\n\n<figure class=\"wp-block-image size-large\"><img loading=\"lazy\" decoding=\"async\" width=\"985\" height=\"1024\" src=\"https:\/\/www.rengoenlanoticia.cl\/prensa\/wp-content\/uploads\/2026\/03\/WhatsApp-Image-2026-03-09-at-12.27.29-1-985x1024.jpeg\" alt=\"\" class=\"wp-image-9618\" srcset=\"https:\/\/www.rengoenlanoticia.cl\/prensa\/wp-content\/uploads\/2026\/03\/WhatsApp-Image-2026-03-09-at-12.27.29-1-985x1024.jpeg 985w, https:\/\/www.rengoenlanoticia.cl\/prensa\/wp-content\/uploads\/2026\/03\/WhatsApp-Image-2026-03-09-at-12.27.29-1-289x300.jpeg 289w, https:\/\/www.rengoenlanoticia.cl\/prensa\/wp-content\/uploads\/2026\/03\/WhatsApp-Image-2026-03-09-at-12.27.29-1-768x798.jpeg 768w, https:\/\/www.rengoenlanoticia.cl\/prensa\/wp-content\/uploads\/2026\/03\/WhatsApp-Image-2026-03-09-at-12.27.29-1-110x114.jpeg 110w, https:\/\/www.rengoenlanoticia.cl\/prensa\/wp-content\/uploads\/2026\/03\/WhatsApp-Image-2026-03-09-at-12.27.29-1-200x208.jpeg 200w, https:\/\/www.rengoenlanoticia.cl\/prensa\/wp-content\/uploads\/2026\/03\/WhatsApp-Image-2026-03-09-at-12.27.29-1-380x395.jpeg 380w, https:\/\/www.rengoenlanoticia.cl\/prensa\/wp-content\/uploads\/2026\/03\/WhatsApp-Image-2026-03-09-at-12.27.29-1-255x265.jpeg 255w, https:\/\/www.rengoenlanoticia.cl\/prensa\/wp-content\/uploads\/2026\/03\/WhatsApp-Image-2026-03-09-at-12.27.29-1-300x312.jpeg 300w, https:\/\/www.rengoenlanoticia.cl\/prensa\/wp-content\/uploads\/2026\/03\/WhatsApp-Image-2026-03-09-at-12.27.29-1-550x572.jpeg 550w, https:\/\/www.rengoenlanoticia.cl\/prensa\/wp-content\/uploads\/2026\/03\/WhatsApp-Image-2026-03-09-at-12.27.29-1-800x831.jpeg 800w, https:\/\/www.rengoenlanoticia.cl\/prensa\/wp-content\/uploads\/2026\/03\/WhatsApp-Image-2026-03-09-at-12.27.29-1.jpeg 1042w\" sizes=\"auto, (max-width: 985px) 100vw, 985px\" \/><\/figure>\n\n\n\n<figure class=\"wp-block-image size-large\"><img loading=\"lazy\" decoding=\"async\" width=\"1024\" height=\"682\" src=\"https:\/\/www.rengoenlanoticia.cl\/prensa\/wp-content\/uploads\/2026\/03\/WhatsApp-Image-2026-03-09-at-12.27.29-2-1024x682.jpeg\" alt=\"\" class=\"wp-image-9619\" srcset=\"https:\/\/www.rengoenlanoticia.cl\/prensa\/wp-content\/uploads\/2026\/03\/WhatsApp-Image-2026-03-09-at-12.27.29-2-1024x682.jpeg 1024w, https:\/\/www.rengoenlanoticia.cl\/prensa\/wp-content\/uploads\/2026\/03\/WhatsApp-Image-2026-03-09-at-12.27.29-2-300x200.jpeg 300w, https:\/\/www.rengoenlanoticia.cl\/prensa\/wp-content\/uploads\/2026\/03\/WhatsApp-Image-2026-03-09-at-12.27.29-2-768x512.jpeg 768w, https:\/\/www.rengoenlanoticia.cl\/prensa\/wp-content\/uploads\/2026\/03\/WhatsApp-Image-2026-03-09-at-12.27.29-2-110x73.jpeg 110w, https:\/\/www.rengoenlanoticia.cl\/prensa\/wp-content\/uploads\/2026\/03\/WhatsApp-Image-2026-03-09-at-12.27.29-2-200x133.jpeg 200w, https:\/\/www.rengoenlanoticia.cl\/prensa\/wp-content\/uploads\/2026\/03\/WhatsApp-Image-2026-03-09-at-12.27.29-2-380x253.jpeg 380w, https:\/\/www.rengoenlanoticia.cl\/prensa\/wp-content\/uploads\/2026\/03\/WhatsApp-Image-2026-03-09-at-12.27.29-2-255x170.jpeg 255w, https:\/\/www.rengoenlanoticia.cl\/prensa\/wp-content\/uploads\/2026\/03\/WhatsApp-Image-2026-03-09-at-12.27.29-2-550x367.jpeg 550w, https:\/\/www.rengoenlanoticia.cl\/prensa\/wp-content\/uploads\/2026\/03\/WhatsApp-Image-2026-03-09-at-12.27.29-2-800x533.jpeg 800w, https:\/\/www.rengoenlanoticia.cl\/prensa\/wp-content\/uploads\/2026\/03\/WhatsApp-Image-2026-03-09-at-12.27.29-2-1160x773.jpeg 1160w, https:\/\/www.rengoenlanoticia.cl\/prensa\/wp-content\/uploads\/2026\/03\/WhatsApp-Image-2026-03-09-at-12.27.29-2.jpeg 1280w\" sizes=\"auto, (max-width: 1024px) 100vw, 1024px\" \/><\/figure>\n","protected":false},"excerpt":{"rendered":"El pasado s\u00e1bado 7 de marzo se celebr\u00f3 con gran \u00e9xito la tradicional Fiesta Caracolina, actividad organizada por&hellip;\n","protected":false},"author":2,"featured_media":9632,"comment_status":"open","ping_status":"open","sticky":false,"template":"","format":"standard","meta":{"_monsterinsights_skip_tracking":false,"_monsterinsights_sitenote_active":false,"_monsterinsights_sitenote_note":"","_monsterinsights_sitenote_category":0,"footnotes":""},"categories":[8],"tags":[],"class_list":{"0":"post-9610","1":"post","2":"type-post","3":"status-publish","4":"format-standard","5":"has-post-thumbnail","7":"category-portada"},"aioseo_notices":[],"_links":{"self":[{"href":"https:\/\/www.rengoenlanoticia.cl\/prensa\/wp-json\/wp\/v2\/posts\/9610","targetHints":{"allow":["GET"]}}],"collection":[{"href":"https:\/\/www.rengoenlanoticia.cl\/prensa\/wp-json\/wp\/v2\/posts"}],"about":[{"href":"https:\/\/www.rengoenlanoticia.cl\/prensa\/wp-json\/wp\/v2\/types\/post"}],"author":[{"embeddable":true,"href":"https:\/\/www.rengoenlanoticia.cl\/prensa\/wp-json\/wp\/v2\/users\/2"}],"replies":[{"embeddable":true,"href":"https:\/\/www.rengoenlanoticia.cl\/prensa\/wp-json\/wp\/v2\/comments?post=9610"}],"version-history":[{"count":3,"href":"https:\/\/www.rengoenlanoticia.cl\/prensa\/wp-json\/wp\/v2\/posts\/9610\/revisions"}],"predecessor-version":[{"id":9640,"href":"https:\/\/www.rengoenlanoticia.cl\/prensa\/wp-json\/wp\/v2\/posts\/9610\/revisions\/9640"}],"wp:featuredmedia":[{"embeddable":true,"href":"https:\/\/www.rengoenlanoticia.cl\/prensa\/wp-json\/wp\/v2\/media\/9632"}],"wp:attachment":[{"href":"https:\/\/www.rengoenlanoticia.cl\/prensa\/wp-json\/wp\/v2\/media?parent=9610"}],"wp:term":[{"taxonomy":"category","embeddable":true,"href":"https:\/\/www.rengoenlanoticia.cl\/prensa\/wp-json\/wp\/v2\/categories?post=9610"},{"taxonomy":"post_tag","embeddable":true,"href":"https:\/\/www.rengoenlanoticia.cl\/prensa\/wp-json\/wp\/v2\/tags?post=9610"}],"curies":[{"name":"wp","href":"https:\/\/api.w.org\/{rel}","templated":true}]}}