{"id":9609,"date":"2026-03-11T01:55:53","date_gmt":"2026-03-11T01:55:53","guid":{"rendered":"https:\/\/www.rengoenlanoticia.cl\/prensa\/?p=9609"},"modified":"2026-03-11T01:55:56","modified_gmt":"2026-03-11T01:55:56","slug":"carabineros-interviene-en-manifestacion-con-barricadas-incendiarias-en-sector-maitenes-dos-detenidos","status":"publish","type":"post","link":"https:\/\/www.rengoenlanoticia.cl\/prensa\/2026\/03\/11\/carabineros-interviene-en-manifestacion-con-barricadas-incendiarias-en-sector-maitenes-dos-detenidos\/","title":{"rendered":"Carabineros interviene en manifestaci\u00f3n con barricadas incendiarias en sector Maitenes: dos detenidos"},"content":{"rendered":"\n<p>Durante la ma\u00f1ana de este martes 10 de marzo, una manifestaci\u00f3n registrada en el sector Maitenes gener\u00f3 interrupciones en el tr\u00e1nsito luego de que manifestantes instalar\u00e1n barricadas incendiarias que imped\u00edan el libre desplazamiento de veh\u00edculos por la zona.<\/p>\n\n\n\n<p>De acuerdo con informaci\u00f3n policial, personal de Carabineros lleg\u00f3 al lugar con el objetivo de dialogar con los participantes de la protesta y buscar una soluci\u00f3n que permitiera restablecer el tr\u00e1nsito. Sin embargo, las gestiones no tuvieron resultados positivos y los funcionarios fueron agredidos con piedras y otros objetos contundentes.<\/p>\n\n\n\n<p>Ante esta situaci\u00f3n, efectivos de Control de Orden P\u00fablico (COP) de la 7\u00b0 Comisar\u00eda intervinieron conforme a los protocolos establecidos, logrando restablecer el orden p\u00fablico cerca de las 10:10 horas.<\/p>\n\n\n\n<p>Durante los incidentes, dos buses de la empresa de transporte <strong>Link<\/strong> resultaron con da\u00f1os en sus vidrios producto de los ataques. Asimismo, Carabineros confirm\u00f3 la detenci\u00f3n de dos personas por el delito de des\u00f3rdenes p\u00fablicos.<\/p>\n\n\n\n<p>Tras la intervenci\u00f3n policial, ambas calzadas quedaron nuevamente habilitadas para el tr\u00e1nsito vehicular.<\/p>\n\n\n\n<p>Actualmente, personal policial contin\u00faa realizando patrullajes preventivos en el sector con el fin de resguardar la seguridad y evitar nuevos incidentes.<\/p>\n","protected":false},"excerpt":{"rendered":"Durante la ma\u00f1ana de este martes 10 de marzo, una manifestaci\u00f3n registrada en el sector Maitenes gener\u00f3 interrupciones&hellip;\n","protected":false},"author":2,"featured_media":9616,"comment_status":"open","ping_status":"open","sticky":false,"template":"","format":"standard","meta":{"_monsterinsights_skip_tracking":false,"_monsterinsights_sitenote_active":false,"_monsterinsights_sitenote_note":"","_monsterinsights_sitenote_category":0,"footnotes":""},"categories":[5,8],"tags":[],"class_list":{"0":"post-9609","1":"post","2":"type-post","3":"status-publish","4":"format-standard","5":"has-post-thumbnail","7":"category-policial","8":"category-portada"},"aioseo_notices":[],"_links":{"self":[{"href":"https:\/\/www.rengoenlanoticia.cl\/prensa\/wp-json\/wp\/v2\/posts\/9609","targetHints":{"allow":["GET"]}}],"collection":[{"href":"https:\/\/www.rengoenlanoticia.cl\/prensa\/wp-json\/wp\/v2\/posts"}],"about":[{"href":"https:\/\/www.rengoenlanoticia.cl\/prensa\/wp-json\/wp\/v2\/types\/post"}],"author":[{"embeddable":true,"href":"https:\/\/www.rengoenlanoticia.cl\/prensa\/wp-json\/wp\/v2\/users\/2"}],"replies":[{"embeddable":true,"href":"https:\/\/www.rengoenlanoticia.cl\/prensa\/wp-json\/wp\/v2\/comments?post=9609"}],"version-history":[{"count":3,"href":"https:\/\/www.rengoenlanoticia.cl\/prensa\/wp-json\/wp\/v2\/posts\/9609\/revisions"}],"predecessor-version":[{"id":9639,"href":"https:\/\/www.rengoenlanoticia.cl\/prensa\/wp-json\/wp\/v2\/posts\/9609\/revisions\/9639"}],"wp:featuredmedia":[{"embeddable":true,"href":"https:\/\/www.rengoenlanoticia.cl\/prensa\/wp-json\/wp\/v2\/media\/9616"}],"wp:attachment":[{"href":"https:\/\/www.rengoenlanoticia.cl\/prensa\/wp-json\/wp\/v2\/media?parent=9609"}],"wp:term":[{"taxonomy":"category","embeddable":true,"href":"https:\/\/www.rengoenlanoticia.cl\/prensa\/wp-json\/wp\/v2\/categories?post=9609"},{"taxonomy":"post_tag","embeddable":true,"href":"https:\/\/www.rengoenlanoticia.cl\/prensa\/wp-json\/wp\/v2\/tags?post=9609"}],"curies":[{"name":"wp","href":"https:\/\/api.w.org\/{rel}","templated":true}]}}