{"id":9608,"date":"2026-03-11T01:55:47","date_gmt":"2026-03-11T01:55:47","guid":{"rendered":"https:\/\/www.rengoenlanoticia.cl\/prensa\/?p=9608"},"modified":"2026-03-11T01:55:53","modified_gmt":"2026-03-11T01:55:53","slug":"gobierno-regional-reconoce-a-mujeres-que-hacen-historia-en-la-region-de-ohiggins","status":"publish","type":"post","link":"https:\/\/www.rengoenlanoticia.cl\/prensa\/2026\/03\/11\/gobierno-regional-reconoce-a-mujeres-que-hacen-historia-en-la-region-de-ohiggins\/","title":{"rendered":"Gobierno Regional reconoce a \u201cMujeres que Hacen Historia\u201d en la Regi\u00f3n de O\u00b4Higgins"},"content":{"rendered":"\n<p>El Gobernador Regional Pablo Silva Amaya encabez\u00f3 una masiva ceremonia en el Teatro Regional, en el marco del D\u00eda Internacional de la Mujer 2026.<\/p>\n\n\n\n<p> En una masiva y simb\u00f3lica ceremonia, desarrollada en el Teatro Regional Lucho Gatica de Rancagua, el Gobierno Regional de O\u00b4Higgins entreg\u00f3 reconocimientos a treinta \u201cmujeres que hacen historia\u201d en la regi\u00f3n, en distintas funciones y \u00e1mbitos del quehacer productivo, social, cultural y deportivo.<\/p>\n\n\n\n<p>La instancia fue encabezada por el Gobernador Regional, Pablo Silva Amaya, quien valor\u00f3 el liderazgo y el compromiso de las mujeres en O\u00b4Higgins \u201ccomo parte de una transformaci\u00f3n social que nos representa y que ha sido un eje central de nuestro quehacer en el Gobierno Regional, a trav\u00e9s de un equipo paritario desde el inicio de nuestra gesti\u00f3n, donde hemos trabajado con mucho compromiso y convicci\u00f3n en programas e iniciativas dirigidas especialmente a las mujeres que hoy lideran muchos espacios laborales y de tomas de decisiones\u201d, manifest\u00f3.<\/p>\n\n\n\n<figure class=\"wp-block-image size-large\"><img loading=\"lazy\" decoding=\"async\" width=\"1024\" height=\"559\" src=\"https:\/\/www.rengoenlanoticia.cl\/prensa\/wp-content\/uploads\/2026\/03\/WhatsApp-Image-2026-03-09-at-17.04.06-2-1024x559.jpeg\" alt=\"\" class=\"wp-image-9612\" srcset=\"https:\/\/www.rengoenlanoticia.cl\/prensa\/wp-content\/uploads\/2026\/03\/WhatsApp-Image-2026-03-09-at-17.04.06-2-1024x559.jpeg 1024w, https:\/\/www.rengoenlanoticia.cl\/prensa\/wp-content\/uploads\/2026\/03\/WhatsApp-Image-2026-03-09-at-17.04.06-2-300x164.jpeg 300w, https:\/\/www.rengoenlanoticia.cl\/prensa\/wp-content\/uploads\/2026\/03\/WhatsApp-Image-2026-03-09-at-17.04.06-2-768x419.jpeg 768w, https:\/\/www.rengoenlanoticia.cl\/prensa\/wp-content\/uploads\/2026\/03\/WhatsApp-Image-2026-03-09-at-17.04.06-2-110x60.jpeg 110w, https:\/\/www.rengoenlanoticia.cl\/prensa\/wp-content\/uploads\/2026\/03\/WhatsApp-Image-2026-03-09-at-17.04.06-2-200x109.jpeg 200w, https:\/\/www.rengoenlanoticia.cl\/prensa\/wp-content\/uploads\/2026\/03\/WhatsApp-Image-2026-03-09-at-17.04.06-2-380x207.jpeg 380w, https:\/\/www.rengoenlanoticia.cl\/prensa\/wp-content\/uploads\/2026\/03\/WhatsApp-Image-2026-03-09-at-17.04.06-2-255x139.jpeg 255w, https:\/\/www.rengoenlanoticia.cl\/prensa\/wp-content\/uploads\/2026\/03\/WhatsApp-Image-2026-03-09-at-17.04.06-2-550x300.jpeg 550w, https:\/\/www.rengoenlanoticia.cl\/prensa\/wp-content\/uploads\/2026\/03\/WhatsApp-Image-2026-03-09-at-17.04.06-2-800x436.jpeg 800w, https:\/\/www.rengoenlanoticia.cl\/prensa\/wp-content\/uploads\/2026\/03\/WhatsApp-Image-2026-03-09-at-17.04.06-2-1160x633.jpeg 1160w, https:\/\/www.rengoenlanoticia.cl\/prensa\/wp-content\/uploads\/2026\/03\/WhatsApp-Image-2026-03-09-at-17.04.06-2.jpeg 1230w\" sizes=\"auto, (max-width: 1024px) 100vw, 1024px\" \/><\/figure>\n\n\n\n<p>\u201cHoy queremos reafirmar el compromiso que vamos a seguir teniendo con las mujeres de O\u00b4Higgins, con una mirada de respeto y trabajo colaborativo. Cada d\u00eda vemos m\u00e1s mujeres desempe\u00f1\u00e1ndose en funciones que antiguamente eran muy masculinas, como la miner\u00eda, el transporte p\u00fablico, entre otras, lo que demuestra el liderazgo y empoderamiento de las mujeres en nuestra regi\u00f3n\u201d, agreg\u00f3 la m\u00e1xima autoridad regional.<\/p>\n\n\n\n<p>Mar\u00eda Eugenia Ahumada, presidenta nacional de la Asociaci\u00f3n Yo Cuido Chile, asegur\u00f3 que \u201cahora que tenemos promulgada hace poco la ley Chile Cuida, todos los gobiernos regionales van a tener que hacer implementaci\u00f3n, por lo cual desde la mesa de mujeres cuidadoras de la Regi\u00f3n de O\u00b4Higgins, vamos a crear el Plan Regional de Cuidados, y hacemos la convocatoria a todas las organizaciones para que nos contacten y sean parte de esta mesa y con identidad regional\u201d.<\/p>\n\n\n\n<p>Daniela Mar\u00edn, quien trabaja como jefa de Unidad de Planificaci\u00f3n Mantenimiento Mina de Codelco Chile Divisi\u00f3n El Teniente, valor\u00f3 este reconocimiento del Gobierno Regional. \u201cYo me siento s\u00faper emocionada, honrada y agradecida por este reconocimiento, porque aqu\u00ed estoy yo, pero detr\u00e1s de m\u00ed hay un mont\u00f3n de mujeres mec\u00e1nicas, mineras, el\u00e9ctricas que se desempe\u00f1an en la gran miner\u00eda. Cada vez somos m\u00e1s y eso nos llena de orgullo\u201d, asegur\u00f3.<\/p>\n\n\n\n<figure class=\"wp-block-image size-large\"><img loading=\"lazy\" decoding=\"async\" width=\"1024\" height=\"528\" src=\"https:\/\/www.rengoenlanoticia.cl\/prensa\/wp-content\/uploads\/2026\/03\/WhatsApp-Image-2026-03-09-at-17.04.06-1024x528.jpeg\" alt=\"\" class=\"wp-image-9613\" srcset=\"https:\/\/www.rengoenlanoticia.cl\/prensa\/wp-content\/uploads\/2026\/03\/WhatsApp-Image-2026-03-09-at-17.04.06-1024x528.jpeg 1024w, https:\/\/www.rengoenlanoticia.cl\/prensa\/wp-content\/uploads\/2026\/03\/WhatsApp-Image-2026-03-09-at-17.04.06-300x155.jpeg 300w, https:\/\/www.rengoenlanoticia.cl\/prensa\/wp-content\/uploads\/2026\/03\/WhatsApp-Image-2026-03-09-at-17.04.06-768x396.jpeg 768w, https:\/\/www.rengoenlanoticia.cl\/prensa\/wp-content\/uploads\/2026\/03\/WhatsApp-Image-2026-03-09-at-17.04.06-110x57.jpeg 110w, https:\/\/www.rengoenlanoticia.cl\/prensa\/wp-content\/uploads\/2026\/03\/WhatsApp-Image-2026-03-09-at-17.04.06-200x103.jpeg 200w, https:\/\/www.rengoenlanoticia.cl\/prensa\/wp-content\/uploads\/2026\/03\/WhatsApp-Image-2026-03-09-at-17.04.06-380x196.jpeg 380w, https:\/\/www.rengoenlanoticia.cl\/prensa\/wp-content\/uploads\/2026\/03\/WhatsApp-Image-2026-03-09-at-17.04.06-255x132.jpeg 255w, https:\/\/www.rengoenlanoticia.cl\/prensa\/wp-content\/uploads\/2026\/03\/WhatsApp-Image-2026-03-09-at-17.04.06-550x284.jpeg 550w, https:\/\/www.rengoenlanoticia.cl\/prensa\/wp-content\/uploads\/2026\/03\/WhatsApp-Image-2026-03-09-at-17.04.06-800x413.jpeg 800w, https:\/\/www.rengoenlanoticia.cl\/prensa\/wp-content\/uploads\/2026\/03\/WhatsApp-Image-2026-03-09-at-17.04.06-1160x598.jpeg 1160w, https:\/\/www.rengoenlanoticia.cl\/prensa\/wp-content\/uploads\/2026\/03\/WhatsApp-Image-2026-03-09-at-17.04.06.jpeg 1223w\" sizes=\"auto, (max-width: 1024px) 100vw, 1024px\" \/><\/figure>\n\n\n\n<p>Asimismo, Marisela Ortiz, Instructor Mayor de la Defensa Civil de Chile, sede local Rancagua, manifest\u00f3 que \u201cme voy con una gratitud enorme, porque el trabajo que uno hace no es con la intenci\u00f3n de que te reconozcan, sino por ayudar al que lo necesita, y tener este reconocimiento es valorar el trabajo que realizan muchas voluntarias a lo largo del pa\u00eds\u201d.<\/p>\n\n\n\n<p>A la ceremonia asistieron consejeras y consejeros regionales, parlamentarios, autoridades regionales, representantes de las Fuerzas Armadas, Carabineros e Investigaciones, la alcaldesa de Mostazal, funcionarias y funcionarios del Gobierno Regional y m\u00e1s de quinientas dirigentes sociales de diversas comunas de la regi\u00f3n.<\/p>\n","protected":false},"excerpt":{"rendered":"El Gobernador Regional Pablo Silva Amaya encabez\u00f3 una masiva ceremonia en el Teatro Regional, en el marco del&hellip;\n","protected":false},"author":1,"featured_media":9611,"comment_status":"open","ping_status":"open","sticky":false,"template":"","format":"standard","meta":{"_monsterinsights_skip_tracking":false,"_monsterinsights_sitenote_active":false,"_monsterinsights_sitenote_note":"","_monsterinsights_sitenote_category":0,"footnotes":""},"categories":[8],"tags":[],"class_list":{"0":"post-9608","1":"post","2":"type-post","3":"status-publish","4":"format-standard","5":"has-post-thumbnail","7":"category-portada"},"aioseo_notices":[],"_links":{"self":[{"href":"https:\/\/www.rengoenlanoticia.cl\/prensa\/wp-json\/wp\/v2\/posts\/9608","targetHints":{"allow":["GET"]}}],"collection":[{"href":"https:\/\/www.rengoenlanoticia.cl\/prensa\/wp-json\/wp\/v2\/posts"}],"about":[{"href":"https:\/\/www.rengoenlanoticia.cl\/prensa\/wp-json\/wp\/v2\/types\/post"}],"author":[{"embeddable":true,"href":"https:\/\/www.rengoenlanoticia.cl\/prensa\/wp-json\/wp\/v2\/users\/1"}],"replies":[{"embeddable":true,"href":"https:\/\/www.rengoenlanoticia.cl\/prensa\/wp-json\/wp\/v2\/comments?post=9608"}],"version-history":[{"count":3,"href":"https:\/\/www.rengoenlanoticia.cl\/prensa\/wp-json\/wp\/v2\/posts\/9608\/revisions"}],"predecessor-version":[{"id":9638,"href":"https:\/\/www.rengoenlanoticia.cl\/prensa\/wp-json\/wp\/v2\/posts\/9608\/revisions\/9638"}],"wp:featuredmedia":[{"embeddable":true,"href":"https:\/\/www.rengoenlanoticia.cl\/prensa\/wp-json\/wp\/v2\/media\/9611"}],"wp:attachment":[{"href":"https:\/\/www.rengoenlanoticia.cl\/prensa\/wp-json\/wp\/v2\/media?parent=9608"}],"wp:term":[{"taxonomy":"category","embeddable":true,"href":"https:\/\/www.rengoenlanoticia.cl\/prensa\/wp-json\/wp\/v2\/categories?post=9608"},{"taxonomy":"post_tag","embeddable":true,"href":"https:\/\/www.rengoenlanoticia.cl\/prensa\/wp-json\/wp\/v2\/tags?post=9608"}],"curies":[{"name":"wp","href":"https:\/\/api.w.org\/{rel}","templated":true}]}}