{"id":9594,"date":"2026-03-09T03:05:58","date_gmt":"2026-03-09T03:05:58","guid":{"rendered":"https:\/\/www.rengoenlanoticia.cl\/prensa\/?p=9594"},"modified":"2026-03-09T03:06:00","modified_gmt":"2026-03-09T03:06:00","slug":"autoridades-refuerzan-llamado-a-vacunarse-contra-virus-respiratorios","status":"publish","type":"post","link":"https:\/\/www.rengoenlanoticia.cl\/prensa\/2026\/03\/09\/autoridades-refuerzan-llamado-a-vacunarse-contra-virus-respiratorios\/","title":{"rendered":"Autoridades refuerzan llamado a vacunarse contra virus respiratorios"},"content":{"rendered":"\n<p><em>\u201cHay gente que muere de influenza; por eso es clave vacunarse a tiempo\u201d, advirti\u00f3 el senador Juan Luis Castro.<\/em><\/p>\n\n\n\n<p>Un llamado a la comunidad, especialmente a los grupos de riesgo, a vacunarse oportunamente contra las enfermedades respiratorias realizaron autoridades de salud en el marco de la campa\u00f1a de vacunaci\u00f3n e inmunizaci\u00f3n 2026, que comenz\u00f3 el 1 de marzo en todo el pa\u00eds.<\/p>\n\n\n\n<p>En ese contexto, el senador por la regi\u00f3n de O\u2019Higgins, Juan Luis Castro, se vacun\u00f3 en el Cesfam 8 Nicol\u00e1s D\u00edaz de Rancagua, acompa\u00f1ado por la seremi de Salud de O\u2019Higgins, Carolina Torres, el director del establecimiento, Sa\u00fal Figueroa, y el equipo de salud encargado del proceso de inmunizaci\u00f3n.<\/p>\n\n\n\n<p>La seremi de Salud, Carolina Torres, explic\u00f3 que la campa\u00f1a busca anticiparse al aumento de virus respiratorios durante el invierno e invit\u00f3 a la comunidad a informarse y acudir a vacunarse. \u201cInvitamos a las personas a inmunizarse. Estamos protegiendo a la poblaci\u00f3n con vacunas contra influenza, COVID, virus respiratorio sincicial y otras inmunizaciones disponibles para los grupos de riesgo. Es importante que la comunidad se informe y acuda a vacunarse oportunamente\u201d, se\u00f1al\u00f3.<\/p>\n\n\n\n<p>Por su parte, el director del Cesfam 8, Sa\u00fal Figueroa, destac\u00f3 que los centros de salud mantienen puntos de vacunaci\u00f3n activos para facilitar el acceso de la poblaci\u00f3n.\u201cInvitamos a toda nuestra poblaci\u00f3n de la comuna de Rancagua a acudir a sus centros de salud. En el Cesfam estamos vacunando de lunes a viernes hasta las 16:30 horas y tambi\u00e9n contamos con equipos comunales que se desplazan a distintos lugares donde concurre gran cantidad de personas\u201d, indic\u00f3.<\/p>\n\n\n\n<p>Tras recibir las vacunas, el senador Juan Luis Castro llam\u00f3 a la poblaci\u00f3n a no postergar la inmunizaci\u00f3n frente al riesgo que representan las enfermedades respiratorias.\u201cHay personas que han tomado esto con liviandad y todos los a\u00f1os vemos casos graves de influenza. Hoy contamos con vacunas actualizadas frente a nuevas cepas, por lo que es fundamental que las personas acudan a vacunarse y no bajen la guardia\u201d, afirm\u00f3.<\/p>\n\n\n\n<p>Las autoridades reiteraron que la campa\u00f1a est\u00e1 dirigida principalmente a personas mayores, personal de salud, embarazadas, ni\u00f1os, personas con enfermedades cr\u00f3nicas y otros grupos de riesgo, quienes deben inmunizarse para reducir las complicaciones graves asociadas a enfermedades respiratorias.<\/p>\n","protected":false},"excerpt":{"rendered":"\u201cHay gente que muere de influenza; por eso es clave vacunarse a tiempo\u201d, advirti\u00f3 el senador Juan Luis&hellip;\n","protected":false},"author":1,"featured_media":9599,"comment_status":"open","ping_status":"open","sticky":false,"template":"","format":"standard","meta":{"_monsterinsights_skip_tracking":false,"_monsterinsights_sitenote_active":false,"_monsterinsights_sitenote_note":"","_monsterinsights_sitenote_category":0,"footnotes":""},"categories":[11,8],"tags":[],"class_list":{"0":"post-9594","1":"post","2":"type-post","3":"status-publish","4":"format-standard","5":"has-post-thumbnail","7":"category-politica","8":"category-portada"},"aioseo_notices":[],"_links":{"self":[{"href":"https:\/\/www.rengoenlanoticia.cl\/prensa\/wp-json\/wp\/v2\/posts\/9594","targetHints":{"allow":["GET"]}}],"collection":[{"href":"https:\/\/www.rengoenlanoticia.cl\/prensa\/wp-json\/wp\/v2\/posts"}],"about":[{"href":"https:\/\/www.rengoenlanoticia.cl\/prensa\/wp-json\/wp\/v2\/types\/post"}],"author":[{"embeddable":true,"href":"https:\/\/www.rengoenlanoticia.cl\/prensa\/wp-json\/wp\/v2\/users\/1"}],"replies":[{"embeddable":true,"href":"https:\/\/www.rengoenlanoticia.cl\/prensa\/wp-json\/wp\/v2\/comments?post=9594"}],"version-history":[{"count":2,"href":"https:\/\/www.rengoenlanoticia.cl\/prensa\/wp-json\/wp\/v2\/posts\/9594\/revisions"}],"predecessor-version":[{"id":9602,"href":"https:\/\/www.rengoenlanoticia.cl\/prensa\/wp-json\/wp\/v2\/posts\/9594\/revisions\/9602"}],"wp:featuredmedia":[{"embeddable":true,"href":"https:\/\/www.rengoenlanoticia.cl\/prensa\/wp-json\/wp\/v2\/media\/9599"}],"wp:attachment":[{"href":"https:\/\/www.rengoenlanoticia.cl\/prensa\/wp-json\/wp\/v2\/media?parent=9594"}],"wp:term":[{"taxonomy":"category","embeddable":true,"href":"https:\/\/www.rengoenlanoticia.cl\/prensa\/wp-json\/wp\/v2\/categories?post=9594"},{"taxonomy":"post_tag","embeddable":true,"href":"https:\/\/www.rengoenlanoticia.cl\/prensa\/wp-json\/wp\/v2\/tags?post=9594"}],"curies":[{"name":"wp","href":"https:\/\/api.w.org\/{rel}","templated":true}]}}