{"id":9588,"date":"2026-03-06T22:06:38","date_gmt":"2026-03-06T22:06:38","guid":{"rendered":"https:\/\/www.rengoenlanoticia.cl\/prensa\/?p=9588"},"modified":"2026-03-06T22:07:03","modified_gmt":"2026-03-06T22:07:03","slug":"hospital-de-rengo-otra-vez-en-pausa-primero-por-ranas-y-ahora-por-antiguos-platos","status":"publish","type":"post","link":"https:\/\/www.rengoenlanoticia.cl\/prensa\/2026\/03\/06\/hospital-de-rengo-otra-vez-en-pausa-primero-por-ranas-y-ahora-por-antiguos-platos\/","title":{"rendered":"Hospital de Rengo otra vez en pausa: primero por ranas y ahora por antiguos platos"},"content":{"rendered":"\n<p>El futuro ministro de vivienda y urbanismo,  Iv\u00e1n Poduje, en un video al medio D-Noticia.cl acuso que el proyecto del hospital de Rengo lleva meses paralizado por hallazgo de vajillas y ranas.<\/p>\n\n\n\n<p>El proyecto del nuevo Hospital de Rengo, que beneficiar\u00e1 a cerca de 100 mil personas de la comuna y sectores rurales cercanos, se encuentra actualmente paralizado debido al hallazgo de restos de loza y vajilla en el terreno donde se desarrollan las obras.<\/p>\n\n\n\n<p>Ante esta situaci\u00f3n, el Consejo de Monumentos Nacionales dispuso la suspensi\u00f3n de los trabajos para realizar excavaciones arqueol\u00f3gicas y determinar el valor patrimonial de los objetos encontrados. Seg\u00fan se indic\u00f3, el hallazgo ocurri\u00f3 en diciembre pasado y desde entonces el proyecto se mantiene detenido mientras se desarrollan los estudios correspondientes.<\/p>\n\n\n\n<p>La situaci\u00f3n ha generado cr\u00edticas, recordando que el mismo proyecto ya hab\u00eda enfrentado retrasos anteriormente. En su momento, la construcci\u00f3n del hospital permaneci\u00f3 detenida por cerca de dos a\u00f1os debido a estudios relacionados con la presencia de anfibios en el sector y la eventual afectaci\u00f3n de su h\u00e1bitat.<\/p>\n\n\n\n<p>El hospital est\u00e1 dise\u00f1ado para atender a cerca de 70 mil habitantes de la comuna de Rengo y alrededor de 30 mil personas de sectores rurales, por lo que su paralizaci\u00f3n ha generado preocupaci\u00f3n entre autoridades y vecinos.<\/p>\n\n\n\n<p>Frente a este escenario, se anunci\u00f3 que se buscar\u00e1 abordar el tema a nivel central, sosteniendo conversaciones con autoridades de la Subsecretar\u00eda del Patrimonio Cultural para revisar la normativa y evitar que proyectos de alta importancia social, como hospitales o viviendas, enfrenten prolongadas paralizaciones por este tipo de situaciones, se\u00f1al\u00f3 Poduje.<\/p>\n","protected":false},"excerpt":{"rendered":"El futuro ministro de vivienda y urbanismo, Iv\u00e1n Poduje, en un video al medio D-Noticia.cl acuso que el&hellip;\n","protected":false},"author":2,"featured_media":9590,"comment_status":"open","ping_status":"open","sticky":false,"template":"","format":"standard","meta":{"_monsterinsights_skip_tracking":false,"_monsterinsights_sitenote_active":false,"_monsterinsights_sitenote_note":"","_monsterinsights_sitenote_category":0,"footnotes":""},"categories":[8],"tags":[],"class_list":{"0":"post-9588","1":"post","2":"type-post","3":"status-publish","4":"format-standard","5":"has-post-thumbnail","7":"category-portada"},"aioseo_notices":[],"_links":{"self":[{"href":"https:\/\/www.rengoenlanoticia.cl\/prensa\/wp-json\/wp\/v2\/posts\/9588","targetHints":{"allow":["GET"]}}],"collection":[{"href":"https:\/\/www.rengoenlanoticia.cl\/prensa\/wp-json\/wp\/v2\/posts"}],"about":[{"href":"https:\/\/www.rengoenlanoticia.cl\/prensa\/wp-json\/wp\/v2\/types\/post"}],"author":[{"embeddable":true,"href":"https:\/\/www.rengoenlanoticia.cl\/prensa\/wp-json\/wp\/v2\/users\/2"}],"replies":[{"embeddable":true,"href":"https:\/\/www.rengoenlanoticia.cl\/prensa\/wp-json\/wp\/v2\/comments?post=9588"}],"version-history":[{"count":2,"href":"https:\/\/www.rengoenlanoticia.cl\/prensa\/wp-json\/wp\/v2\/posts\/9588\/revisions"}],"predecessor-version":[{"id":9592,"href":"https:\/\/www.rengoenlanoticia.cl\/prensa\/wp-json\/wp\/v2\/posts\/9588\/revisions\/9592"}],"wp:featuredmedia":[{"embeddable":true,"href":"https:\/\/www.rengoenlanoticia.cl\/prensa\/wp-json\/wp\/v2\/media\/9590"}],"wp:attachment":[{"href":"https:\/\/www.rengoenlanoticia.cl\/prensa\/wp-json\/wp\/v2\/media?parent=9588"}],"wp:term":[{"taxonomy":"category","embeddable":true,"href":"https:\/\/www.rengoenlanoticia.cl\/prensa\/wp-json\/wp\/v2\/categories?post=9588"},{"taxonomy":"post_tag","embeddable":true,"href":"https:\/\/www.rengoenlanoticia.cl\/prensa\/wp-json\/wp\/v2\/tags?post=9588"}],"curies":[{"name":"wp","href":"https:\/\/api.w.org\/{rel}","templated":true}]}}