{"id":9581,"date":"2026-03-06T14:12:50","date_gmt":"2026-03-06T14:12:50","guid":{"rendered":"https:\/\/www.rengoenlanoticia.cl\/prensa\/?p=9581"},"modified":"2026-03-06T14:12:51","modified_gmt":"2026-03-06T14:12:51","slug":"joven-dirigente-cultural-busca-representar-el-arte-y-las-tradiciones-de-rengo","status":"publish","type":"post","link":"https:\/\/www.rengoenlanoticia.cl\/prensa\/2026\/03\/06\/joven-dirigente-cultural-busca-representar-el-arte-y-las-tradiciones-de-rengo\/","title":{"rendered":"Joven dirigente cultural busca representar el arte y las tradiciones de Rengo"},"content":{"rendered":"\n<p>Con solo 24 a\u00f1os, <strong>Noem\u00ed Barra G\u00f3mez<\/strong>, T\u00e9cnico en Enfermer\u00eda y monitora de danzas folkl\u00f3ricas, decidi\u00f3 asumir un nuevo desaf\u00edo con un objetivo claro: visibilizar el valor de la cultura, el trabajo comunitario y la fuerza transformadora de la danza.<\/p>\n\n\n\n<p>Hace siete a\u00f1os lleg\u00f3 a vivir a Rengo, comuna que seg\u00fan cuenta se convirti\u00f3 en el lugar donde construy\u00f3 su vida. All\u00ed form\u00f3 su familia, se convirti\u00f3 en madre y desarroll\u00f3 un proyecto cultural que hoy es parte fundamental de su identidad: la Agrupaci\u00f3n Folkl\u00f3rica Danzares de Rengo.<\/p>\n\n\n\n<p>Como directora de la agrupaci\u00f3n, trabaja activamente con adolescentes y adultos, promoviendo el folklore como una herramienta de formaci\u00f3n y comunidad. \u201cLa danza no es solo escenario, es disciplina, contenci\u00f3n, identidad y transformaci\u00f3n social\u201d, afirma.<\/p>\n\n\n\n<p>Dentro del trabajo de Danzares de Rengo, uno de los pilares es la difusi\u00f3n de la Cueca, expresi\u00f3n cultural emblem\u00e1tica del pa\u00eds. Adem\u00e1s, el grupo destaca por su enfoque en la cultura de Rapa Nui, la cual promueven seg\u00fan explica Barra con profundo respeto, responsabilidad y valoraci\u00f3n de sus ra\u00edces.<\/p>\n\n\n\n<p>Noem\u00ed asegura que su motivaci\u00f3n no responde a estereotipos, sino al deseo de representar a quienes trabajan silenciosamente por mantener vivas las tradiciones. \u201cQuiero visibilizar que la danza transforma vidas, que el arte une generaciones y que nuestras tradiciones deben seguir vivas en cada escenario y en cada coraz\u00f3n\u201d, se\u00f1ala.<\/p>\n\n\n\n<p>Con humildad y compromiso, la joven dirigente cultural espera contar con el apoyo de la comunidad en este nuevo desaf\u00edo, convencida de que el folklore y el arte siguen siendo una poderosa herramienta para fortalecer la identidad y el tejido social.<\/p>\n\n\n\n<figure class=\"wp-block-image size-large\"><img loading=\"lazy\" decoding=\"async\" width=\"819\" height=\"1024\" src=\"https:\/\/www.rengoenlanoticia.cl\/prensa\/wp-content\/uploads\/2026\/03\/8286cbf3-c65d-43ab-a5ef-6ff5283cc74f-1-819x1024.jpg\" alt=\"\" class=\"wp-image-9584\" srcset=\"https:\/\/www.rengoenlanoticia.cl\/prensa\/wp-content\/uploads\/2026\/03\/8286cbf3-c65d-43ab-a5ef-6ff5283cc74f-1-819x1024.jpg 819w, https:\/\/www.rengoenlanoticia.cl\/prensa\/wp-content\/uploads\/2026\/03\/8286cbf3-c65d-43ab-a5ef-6ff5283cc74f-1-240x300.jpg 240w, https:\/\/www.rengoenlanoticia.cl\/prensa\/wp-content\/uploads\/2026\/03\/8286cbf3-c65d-43ab-a5ef-6ff5283cc74f-1-768x960.jpg 768w, https:\/\/www.rengoenlanoticia.cl\/prensa\/wp-content\/uploads\/2026\/03\/8286cbf3-c65d-43ab-a5ef-6ff5283cc74f-1-110x137.jpg 110w, https:\/\/www.rengoenlanoticia.cl\/prensa\/wp-content\/uploads\/2026\/03\/8286cbf3-c65d-43ab-a5ef-6ff5283cc74f-1-200x250.jpg 200w, https:\/\/www.rengoenlanoticia.cl\/prensa\/wp-content\/uploads\/2026\/03\/8286cbf3-c65d-43ab-a5ef-6ff5283cc74f-1-380x475.jpg 380w, https:\/\/www.rengoenlanoticia.cl\/prensa\/wp-content\/uploads\/2026\/03\/8286cbf3-c65d-43ab-a5ef-6ff5283cc74f-1-255x318.jpg 255w, https:\/\/www.rengoenlanoticia.cl\/prensa\/wp-content\/uploads\/2026\/03\/8286cbf3-c65d-43ab-a5ef-6ff5283cc74f-1-300x375.jpg 300w, https:\/\/www.rengoenlanoticia.cl\/prensa\/wp-content\/uploads\/2026\/03\/8286cbf3-c65d-43ab-a5ef-6ff5283cc74f-1-550x687.jpg 550w, https:\/\/www.rengoenlanoticia.cl\/prensa\/wp-content\/uploads\/2026\/03\/8286cbf3-c65d-43ab-a5ef-6ff5283cc74f-1-800x1000.jpg 800w, https:\/\/www.rengoenlanoticia.cl\/prensa\/wp-content\/uploads\/2026\/03\/8286cbf3-c65d-43ab-a5ef-6ff5283cc74f-1.jpg 1080w\" sizes=\"auto, (max-width: 819px) 100vw, 819px\" \/><\/figure>\n","protected":false},"excerpt":{"rendered":"Con solo 24 a\u00f1os, Noem\u00ed Barra G\u00f3mez, T\u00e9cnico en Enfermer\u00eda y monitora de danzas folkl\u00f3ricas, decidi\u00f3 asumir un&hellip;\n","protected":false},"author":2,"featured_media":9582,"comment_status":"open","ping_status":"open","sticky":false,"template":"","format":"standard","meta":{"_monsterinsights_skip_tracking":false,"_monsterinsights_sitenote_active":false,"_monsterinsights_sitenote_note":"","_monsterinsights_sitenote_category":0,"footnotes":""},"categories":[8],"tags":[],"class_list":{"0":"post-9581","1":"post","2":"type-post","3":"status-publish","4":"format-standard","5":"has-post-thumbnail","7":"category-portada"},"aioseo_notices":[],"_links":{"self":[{"href":"https:\/\/www.rengoenlanoticia.cl\/prensa\/wp-json\/wp\/v2\/posts\/9581","targetHints":{"allow":["GET"]}}],"collection":[{"href":"https:\/\/www.rengoenlanoticia.cl\/prensa\/wp-json\/wp\/v2\/posts"}],"about":[{"href":"https:\/\/www.rengoenlanoticia.cl\/prensa\/wp-json\/wp\/v2\/types\/post"}],"author":[{"embeddable":true,"href":"https:\/\/www.rengoenlanoticia.cl\/prensa\/wp-json\/wp\/v2\/users\/2"}],"replies":[{"embeddable":true,"href":"https:\/\/www.rengoenlanoticia.cl\/prensa\/wp-json\/wp\/v2\/comments?post=9581"}],"version-history":[{"count":3,"href":"https:\/\/www.rengoenlanoticia.cl\/prensa\/wp-json\/wp\/v2\/posts\/9581\/revisions"}],"predecessor-version":[{"id":9587,"href":"https:\/\/www.rengoenlanoticia.cl\/prensa\/wp-json\/wp\/v2\/posts\/9581\/revisions\/9587"}],"wp:featuredmedia":[{"embeddable":true,"href":"https:\/\/www.rengoenlanoticia.cl\/prensa\/wp-json\/wp\/v2\/media\/9582"}],"wp:attachment":[{"href":"https:\/\/www.rengoenlanoticia.cl\/prensa\/wp-json\/wp\/v2\/media?parent=9581"}],"wp:term":[{"taxonomy":"category","embeddable":true,"href":"https:\/\/www.rengoenlanoticia.cl\/prensa\/wp-json\/wp\/v2\/categories?post=9581"},{"taxonomy":"post_tag","embeddable":true,"href":"https:\/\/www.rengoenlanoticia.cl\/prensa\/wp-json\/wp\/v2\/tags?post=9581"}],"curies":[{"name":"wp","href":"https:\/\/api.w.org\/{rel}","templated":true}]}}