{"id":9561,"date":"2026-03-06T00:45:37","date_gmt":"2026-03-06T00:45:37","guid":{"rendered":"https:\/\/www.rengoenlanoticia.cl\/prensa\/?p=9561"},"modified":"2026-03-06T00:51:40","modified_gmt":"2026-03-06T00:51:40","slug":"se-abren-postulaciones-al-fondo-del-fortalecimiento-de-organizaciones-de-interes-publico-ffoip","status":"publish","type":"post","link":"https:\/\/www.rengoenlanoticia.cl\/prensa\/2026\/03\/06\/se-abren-postulaciones-al-fondo-del-fortalecimiento-de-organizaciones-de-interes-publico-ffoip\/","title":{"rendered":"Se abren postulaciones al Fondo del Fortalecimiento de Organizaciones de Inter\u00e9s P\u00fablico, FFOIP"},"content":{"rendered":"\n<p>Hasta el 26 de marzo en modalidad presencial y el 2 de abril en l\u00ednea se puede presentar la documentaci\u00f3n para optar a estos recursos que tienen como objetivo apoyar iniciativas que fortalezcan la participaci\u00f3n ciudadana, la cohesi\u00f3n social y el trabajo comunitario.<\/p>\n\n\n\n<p><strong>Rancagua, 5 de marzo de 2026<\/strong>.- Ya est\u00e1n abiertas las postulaciones para el FFOIP, fondo concursable del Ministerio Secretar\u00eda General de Gobierno que financia proyectos que promuevan derechos ciudadanos, inclusi\u00f3n social, equidad de g\u00e9nero, medio<br>ambiente, educaci\u00f3n, salud, participaci\u00f3n y desarrollo comunitario.<\/p>\n\n\n\n<p>&nbsp;&nbsp;&nbsp;&nbsp;&nbsp;&nbsp;&nbsp;&nbsp;&nbsp;&nbsp;&nbsp;&nbsp;&nbsp;&nbsp;&nbsp; A estos recursos pueden optar organizaciones sociales sin fines de lucro, como juntas de vecinos, organizaciones comunitarias, fundaciones, corporaciones, asociaciones ind\u00edgenas y ONG,&nbsp;que est\u00e9n registradas en el Catastro de Organizaciones de Inter\u00e9s<br>P\u00fablico (COIP) y que tengan a lo menos dos a\u00f1os de antig\u00fcedad al momento de la postulaci\u00f3n.<\/p>\n\n\n\n<p>&nbsp; &nbsp; &nbsp; &nbsp; &nbsp; &nbsp; &nbsp;El seremi de Gobierno de O\u2019Higgins, Carlos Carrasco, convoc\u00f3 a las diferentes agrupaciones a participar y a la vez destac\u00f3 la relevancia de respaldar a las y los dirigentes sociales que presentan estos proyectos. \u201cA trav\u00e9s de este fondo apoyamos a estas organizaciones, ya que como gobierno del Presidente Gabriel Boric se fortalece a estos l\u00edderes comunales que robustecen la democracia, ya que son fundamentales para tener una sociedad fuerte, participativa y deliberante\u201d, afirm\u00f3 la autoridad gubernamental.<\/p>\n\n\n\n<p>&nbsp; &nbsp; &nbsp; &nbsp; &nbsp; &nbsp; &nbsp; &nbsp; &nbsp;Las organizaciones pueden postular seg\u00fan el alcance territorial de su proyecto, con iniciativas locales, que abarcan una comuna; regionales, implementados en 2 o m\u00e1s comunas; y nacionales, que abarcan m\u00e1s de una regi\u00f3n.<\/p>\n\n\n\n<p><strong>Postulaci\u00f3n en l\u00ednea y presencial<\/strong><\/p>\n\n\n\n<p>El plazo para postular en l\u00ednea es hasta el 2 de abril. En el sitio web&nbsp;<a href=\"https:\/\/www.fondos.gob.cl\/Ficha\/SEGEGOB\/ffoip\" target=\"_blank\" rel=\"noreferrer noopener\">https:\/\/www.fondos.gob.cl\/Ficha\/SEGEGOB\/ffoip<\/a>&nbsp;se encontrar\u00e1 el formulario digital de postulaci\u00f3n y la presentaci\u00f3n de la documentaci\u00f3n requerida. Los participantes deber\u00e1n obtener Clave \u00danica.&nbsp; &nbsp; &nbsp; &nbsp; &nbsp; &nbsp; &nbsp;&nbsp;En tanto, para la postulaci\u00f3n en papel f\u00edsico, se realizar\u00e1 hasta el 26 de marzo presentando el formulario y los documentos solicitados en las bases, los que deber\u00e1n ser entregados en las respectivas seremis de Gobierno o en la oficina de la Unidad de Fondos Concursables en la Regi\u00f3n Metropolitana.<\/p>\n\n\n\n<p>Para resolver dudas sobre el proceso, los postulantes pueden revisar bases y requisitos en&nbsp;<a href=\"http:\/\/www.fondodefortalecimiento.gob.cl\/\" target=\"_blank\" rel=\"noreferrer noopener\">www.fondodefortalecimiento.gob.cl<\/a>&nbsp;y enviar sus inquietudes a&nbsp;<a href=\"mailto:fondodefortalecimiento@msgg.gob.cl\" target=\"_blank\" rel=\"noreferrer noopener\">fondodefortalecimiento@msgg.gob.cl<\/a>. En nuestra regi\u00f3n, los concursantes tambi\u00e9n pueden dirigirse a las oficinas de la Seremi de Gobierno de O\u2019Higgins, ubicada en calle Alc\u00e1zar, piso 7.&nbsp;<\/p>\n","protected":false},"excerpt":{"rendered":"Hasta el 26 de marzo en modalidad presencial y el 2 de abril en l\u00ednea se puede presentar&hellip;\n","protected":false},"author":1,"featured_media":9571,"comment_status":"open","ping_status":"open","sticky":false,"template":"","format":"standard","meta":{"_monsterinsights_skip_tracking":false,"_monsterinsights_sitenote_active":false,"_monsterinsights_sitenote_note":"","_monsterinsights_sitenote_category":0,"footnotes":""},"categories":[8],"tags":[],"class_list":{"0":"post-9561","1":"post","2":"type-post","3":"status-publish","4":"format-standard","5":"has-post-thumbnail","7":"category-portada"},"aioseo_notices":[],"_links":{"self":[{"href":"https:\/\/www.rengoenlanoticia.cl\/prensa\/wp-json\/wp\/v2\/posts\/9561","targetHints":{"allow":["GET"]}}],"collection":[{"href":"https:\/\/www.rengoenlanoticia.cl\/prensa\/wp-json\/wp\/v2\/posts"}],"about":[{"href":"https:\/\/www.rengoenlanoticia.cl\/prensa\/wp-json\/wp\/v2\/types\/post"}],"author":[{"embeddable":true,"href":"https:\/\/www.rengoenlanoticia.cl\/prensa\/wp-json\/wp\/v2\/users\/1"}],"replies":[{"embeddable":true,"href":"https:\/\/www.rengoenlanoticia.cl\/prensa\/wp-json\/wp\/v2\/comments?post=9561"}],"version-history":[{"count":3,"href":"https:\/\/www.rengoenlanoticia.cl\/prensa\/wp-json\/wp\/v2\/posts\/9561\/revisions"}],"predecessor-version":[{"id":9575,"href":"https:\/\/www.rengoenlanoticia.cl\/prensa\/wp-json\/wp\/v2\/posts\/9561\/revisions\/9575"}],"wp:featuredmedia":[{"embeddable":true,"href":"https:\/\/www.rengoenlanoticia.cl\/prensa\/wp-json\/wp\/v2\/media\/9571"}],"wp:attachment":[{"href":"https:\/\/www.rengoenlanoticia.cl\/prensa\/wp-json\/wp\/v2\/media?parent=9561"}],"wp:term":[{"taxonomy":"category","embeddable":true,"href":"https:\/\/www.rengoenlanoticia.cl\/prensa\/wp-json\/wp\/v2\/categories?post=9561"},{"taxonomy":"post_tag","embeddable":true,"href":"https:\/\/www.rengoenlanoticia.cl\/prensa\/wp-json\/wp\/v2\/tags?post=9561"}],"curies":[{"name":"wp","href":"https:\/\/api.w.org\/{rel}","templated":true}]}}