{"id":9560,"date":"2026-03-06T00:47:21","date_gmt":"2026-03-06T00:47:21","guid":{"rendered":"https:\/\/www.rengoenlanoticia.cl\/prensa\/?p=9560"},"modified":"2026-03-06T00:47:22","modified_gmt":"2026-03-06T00:47:22","slug":"servicio-de-salud-ohiggins-refuerza-condiciones-laborales-del-sar-oriente-con-nuevos-uniformes-institucionales","status":"publish","type":"post","link":"https:\/\/www.rengoenlanoticia.cl\/prensa\/2026\/03\/06\/servicio-de-salud-ohiggins-refuerza-condiciones-laborales-del-sar-oriente-con-nuevos-uniformes-institucionales\/","title":{"rendered":"Servicio de Salud O\u2019Higgins refuerza condiciones laborales del SAR Oriente con nuevos uniformes institucionales"},"content":{"rendered":"\n<p>\u00a0La iniciativa forma parte de un plan de mejoras que incluye equipamiento, capacitaci\u00f3n y nuevos est\u00e1ndares de atenci\u00f3n.<\/p>\n\n\n\n<p>Con el objetivo de fortalecer las condiciones de trabajo de los equipos de salud y reforzar la identidad institucional frente a la comunidad, el Servicio de Urgencia de Alta Resolutividad (SAR) Oriente realiz\u00f3 la entrega de nuevos uniformes cl\u00ednicos para sus funcionarios y funcionarias, iniciativa impulsada por el Servicio de Salud O\u2019Higgins.<\/p>\n\n\n\n<figure class=\"wp-block-image size-large\"><img loading=\"lazy\" decoding=\"async\" width=\"1024\" height=\"682\" src=\"https:\/\/www.rengoenlanoticia.cl\/prensa\/wp-content\/uploads\/2026\/03\/sar5-1024x682.jpeg\" alt=\"\" class=\"wp-image-9567\" srcset=\"https:\/\/www.rengoenlanoticia.cl\/prensa\/wp-content\/uploads\/2026\/03\/sar5-1024x682.jpeg 1024w, https:\/\/www.rengoenlanoticia.cl\/prensa\/wp-content\/uploads\/2026\/03\/sar5-300x200.jpeg 300w, https:\/\/www.rengoenlanoticia.cl\/prensa\/wp-content\/uploads\/2026\/03\/sar5-768x512.jpeg 768w, https:\/\/www.rengoenlanoticia.cl\/prensa\/wp-content\/uploads\/2026\/03\/sar5-110x73.jpeg 110w, https:\/\/www.rengoenlanoticia.cl\/prensa\/wp-content\/uploads\/2026\/03\/sar5-200x133.jpeg 200w, https:\/\/www.rengoenlanoticia.cl\/prensa\/wp-content\/uploads\/2026\/03\/sar5-380x253.jpeg 380w, https:\/\/www.rengoenlanoticia.cl\/prensa\/wp-content\/uploads\/2026\/03\/sar5-255x170.jpeg 255w, https:\/\/www.rengoenlanoticia.cl\/prensa\/wp-content\/uploads\/2026\/03\/sar5-550x367.jpeg 550w, https:\/\/www.rengoenlanoticia.cl\/prensa\/wp-content\/uploads\/2026\/03\/sar5-800x533.jpeg 800w, https:\/\/www.rengoenlanoticia.cl\/prensa\/wp-content\/uploads\/2026\/03\/sar5-1160x773.jpeg 1160w, https:\/\/www.rengoenlanoticia.cl\/prensa\/wp-content\/uploads\/2026\/03\/sar5.jpeg 1280w\" sizes=\"auto, (max-width: 1024px) 100vw, 1024px\" \/><\/figure>\n\n\n\n<p>En ese contexto, la directora (s) del Servicio de Salud O\u2019Higgins, Margarita Yercic, destac\u00f3 que esta iniciativa forma parte de un proceso m\u00e1s amplio de fortalecimiento del dispositivo. \u201cHoy d\u00eda estamos aqu\u00ed con el SAR haciendo la entrega de uniformes a los equipos de salud, lo que sin duda refuerza el objetivo que tenemos como red, que es potenciar la gesti\u00f3n cl\u00ednica y entregar a nuestros funcionarios las condiciones para que puedan trabajar m\u00e1s c\u00f3modos y con una presentaci\u00f3n m\u00e1s formal ante la comunidad. Aprovecho tambi\u00e9n de felicitar al equipo del SAR por el trabajo que est\u00e1n realizando, con mejoras en infraestructura, en espacios comunes, en protocolos cl\u00ednicos y en la gesti\u00f3n de turnos, avances que ya est\u00e1n beneficiando a nuestra poblaci\u00f3n\u201d, se\u00f1al\u00f3.<\/p>\n\n\n\n<p>El SAR Oriente surge como una respuesta a las necesidades de la comunidad por contar con mayor resolutividad en la atenci\u00f3n de urgencias y, con el paso del tiempo, se ha consolidado como un pilar fundamental dentro de la red de emergencias de la regi\u00f3n. Es por esto que la entrega de uniformes forma parte de un proceso continuo de mejoras que impulsa el Servicio de Salud O\u2019Higgins en este centro de salud, el cual considera nuevas inversiones en equipamiento, capacitaci\u00f3n permanente de los equipos y el fortalecimiento de los est\u00e1ndares de atenci\u00f3n.<\/p>\n\n\n\n<figure class=\"wp-block-image size-large\"><img loading=\"lazy\" decoding=\"async\" width=\"1024\" height=\"682\" src=\"https:\/\/www.rengoenlanoticia.cl\/prensa\/wp-content\/uploads\/2026\/03\/sar6-1024x682.jpeg\" alt=\"\" class=\"wp-image-9568\" srcset=\"https:\/\/www.rengoenlanoticia.cl\/prensa\/wp-content\/uploads\/2026\/03\/sar6-1024x682.jpeg 1024w, https:\/\/www.rengoenlanoticia.cl\/prensa\/wp-content\/uploads\/2026\/03\/sar6-300x200.jpeg 300w, https:\/\/www.rengoenlanoticia.cl\/prensa\/wp-content\/uploads\/2026\/03\/sar6-768x512.jpeg 768w, https:\/\/www.rengoenlanoticia.cl\/prensa\/wp-content\/uploads\/2026\/03\/sar6-110x73.jpeg 110w, https:\/\/www.rengoenlanoticia.cl\/prensa\/wp-content\/uploads\/2026\/03\/sar6-200x133.jpeg 200w, https:\/\/www.rengoenlanoticia.cl\/prensa\/wp-content\/uploads\/2026\/03\/sar6-380x253.jpeg 380w, https:\/\/www.rengoenlanoticia.cl\/prensa\/wp-content\/uploads\/2026\/03\/sar6-255x170.jpeg 255w, https:\/\/www.rengoenlanoticia.cl\/prensa\/wp-content\/uploads\/2026\/03\/sar6-550x367.jpeg 550w, https:\/\/www.rengoenlanoticia.cl\/prensa\/wp-content\/uploads\/2026\/03\/sar6-800x533.jpeg 800w, https:\/\/www.rengoenlanoticia.cl\/prensa\/wp-content\/uploads\/2026\/03\/sar6-1160x773.jpeg 1160w, https:\/\/www.rengoenlanoticia.cl\/prensa\/wp-content\/uploads\/2026\/03\/sar6.jpeg 1280w\" sizes=\"auto, (max-width: 1024px) 100vw, 1024px\" \/><\/figure>\n\n\n\n<p>El director (s) de este dispositivo, Esteban San Mart\u00edn, explic\u00f3 que la entrega de uniformes responde a una estrategia que busca mejorar la calidad y la calidez de la atenci\u00f3n. \u201cLa provisi\u00f3n de ropa de trabajo para el equipo del SAR viene desde el a\u00f1o 2025 y est\u00e1 inserta dentro de una serie de estrategias que apuntan a ofrecer la mejor calidad y calidez de atenci\u00f3n a la comunidad. Una de ellas es la presentaci\u00f3n personal. Adem\u00e1s, tenemos programado adquirir zapatos cl\u00ednicos de alta exigencia para el equipo y delantales para el personal m\u00e9dico, lo que tambi\u00e9n contribuye a proteger a nuestros funcionarios y mejorar las condiciones en que desarrollan su trabajo\u201d, indic\u00f3.<\/p>\n\n\n\n<p>Por su parte, la enfermera coordinadora del SAR Oriente, Claudia Mu\u00f1oz, destac\u00f3 el impacto que esta iniciativa tiene en el equipo. \u201cEs muy importante para los funcionarios y para nosotros como jefatura poder entregar ropa de trabajo para que ellos se sientan m\u00e1s c\u00f3modos. Adem\u00e1s, visualmente la comunidad nos puede ver de otra manera. Ha sido un esfuerzo conjunto del servicio de salud y de nuestra jefatura para mejorar las condiciones de nuestros funcionarios\u201d, explic\u00f3.<\/p>\n\n\n\n<p>Desde el \u00e1mbito administrativo, Patricia Parra Correa valor\u00f3 la inversi\u00f3n realizada, destacando su impacto en el clima laboral y en la relaci\u00f3n con los pacientes. \u201cEs un gran beneficio. La ropa de trabajo permite mostrarnos de mejor manera hacia el paciente y la presentaci\u00f3n es muy importante en estos servicios cl\u00ednicos. Esta inversi\u00f3n del servicio de salud se agradece mucho, porque los funcionarios sienten que hay preocupaci\u00f3n por ellos y eso tambi\u00e9n se refleja en la forma en que trabajan\u201d, se\u00f1al\u00f3.<\/p>\n\n\n\n<p>Una visi\u00f3n que tambi\u00e9n comparte Rosa D\u00edaz, quien cuenta con una larga trayectoria en el \u00e1rea de urgencias. \u201cYo llevo muchos a\u00f1os trabajando en urgencia y he visto la evoluci\u00f3n de todo esto. Antes hab\u00eda muchas carencias y se hac\u00eda lo que se pod\u00eda. Hoy estos avances son importantes: tener uniforme, mejor equipamiento y m\u00e1s orden en el trabajo. Son logros que ayudan a que nosotros podamos atender mejor y que la comunidad tambi\u00e9n perciba que estamos avanzando\u201d, coment\u00f3.<\/p>\n\n\n\n<p>La entrega considera poleras cl\u00ednicas tipo scrub, pantalones cl\u00ednicos y un polar institucional, con colores diferenciados seg\u00fan estamento, lo que permite una mejor identificaci\u00f3n de los equipos y proyecta una imagen m\u00e1s ordenada y profesional hacia los usuarios.<\/p>\n","protected":false},"excerpt":{"rendered":"\u00a0La iniciativa forma parte de un plan de mejoras que incluye equipamiento, capacitaci\u00f3n y nuevos est\u00e1ndares de atenci\u00f3n.&hellip;\n","protected":false},"author":1,"featured_media":9566,"comment_status":"open","ping_status":"open","sticky":false,"template":"","format":"standard","meta":{"_monsterinsights_skip_tracking":false,"_monsterinsights_sitenote_active":false,"_monsterinsights_sitenote_note":"","_monsterinsights_sitenote_category":0,"footnotes":""},"categories":[8],"tags":[],"class_list":{"0":"post-9560","1":"post","2":"type-post","3":"status-publish","4":"format-standard","5":"has-post-thumbnail","7":"category-portada"},"aioseo_notices":[],"_links":{"self":[{"href":"https:\/\/www.rengoenlanoticia.cl\/prensa\/wp-json\/wp\/v2\/posts\/9560","targetHints":{"allow":["GET"]}}],"collection":[{"href":"https:\/\/www.rengoenlanoticia.cl\/prensa\/wp-json\/wp\/v2\/posts"}],"about":[{"href":"https:\/\/www.rengoenlanoticia.cl\/prensa\/wp-json\/wp\/v2\/types\/post"}],"author":[{"embeddable":true,"href":"https:\/\/www.rengoenlanoticia.cl\/prensa\/wp-json\/wp\/v2\/users\/1"}],"replies":[{"embeddable":true,"href":"https:\/\/www.rengoenlanoticia.cl\/prensa\/wp-json\/wp\/v2\/comments?post=9560"}],"version-history":[{"count":3,"href":"https:\/\/www.rengoenlanoticia.cl\/prensa\/wp-json\/wp\/v2\/posts\/9560\/revisions"}],"predecessor-version":[{"id":9577,"href":"https:\/\/www.rengoenlanoticia.cl\/prensa\/wp-json\/wp\/v2\/posts\/9560\/revisions\/9577"}],"wp:featuredmedia":[{"embeddable":true,"href":"https:\/\/www.rengoenlanoticia.cl\/prensa\/wp-json\/wp\/v2\/media\/9566"}],"wp:attachment":[{"href":"https:\/\/www.rengoenlanoticia.cl\/prensa\/wp-json\/wp\/v2\/media?parent=9560"}],"wp:term":[{"taxonomy":"category","embeddable":true,"href":"https:\/\/www.rengoenlanoticia.cl\/prensa\/wp-json\/wp\/v2\/categories?post=9560"},{"taxonomy":"post_tag","embeddable":true,"href":"https:\/\/www.rengoenlanoticia.cl\/prensa\/wp-json\/wp\/v2\/tags?post=9560"}],"curies":[{"name":"wp","href":"https:\/\/api.w.org\/{rel}","templated":true}]}}