{"id":9559,"date":"2026-03-06T00:34:18","date_gmt":"2026-03-06T00:34:18","guid":{"rendered":"https:\/\/www.rengoenlanoticia.cl\/prensa\/?p=9559"},"modified":"2026-03-06T00:50:42","modified_gmt":"2026-03-06T00:50:42","slug":"region-de-ohiggins-destaca-con-importante-baja-en-homicidios-consumados-durante-el-2025","status":"publish","type":"post","link":"https:\/\/www.rengoenlanoticia.cl\/prensa\/2026\/03\/06\/region-de-ohiggins-destaca-con-importante-baja-en-homicidios-consumados-durante-el-2025\/","title":{"rendered":"Regi\u00f3n de O\u2019Higgins destaca con importante baja en homicidios consumados durante el 2025"},"content":{"rendered":"\n<p>El Centro para la Prevenci\u00f3n de Homicidios y Delitos Violentos (CPHDV), dependiente de la Subsecretar\u00eda de Prevenci\u00f3n del Delito, ha entregado las cifras oficiales correspondientes al a\u00f1o 2025. Los resultados para la Regi\u00f3n de O\u2019Higgins son alentadores, consolidando una <strong>disminuci\u00f3n significativa del 25,6% en la tasa de homicidios por cada 100 mil habitantes<\/strong> en comparaci\u00f3n con el a\u00f1o anterior.<\/p>\n\n\n\n<p>Durante el a\u00f1o 2025, la regi\u00f3n registr\u00f3 un total de <strong>42 v\u00edctimas de homicidios consumados<\/strong>, lo que representa una baja considerable respecto a las 56 v\u00edctimas contabilizadas en 2024. Esta reducci\u00f3n sit\u00faa a la tasa regional en un <strong>4,1<\/strong>, cifra que se encuentra por debajo del promedio nacional.<\/p>\n\n\n\n<p>El seremi de Seguridad Publica de la Regi\u00f3n, Rodolfo N\u00fa\u00f1ez, se\u00f1al\u00f3 \u00abRecibimos con responsabilidad las cifras del informe 2025, que muestran una <strong>disminuci\u00f3n del 25,6% en la tasa de homicidios en O\u2019Higgins<\/strong>. Pasar de 56 a 42 v\u00edctimas es un avance concreto que nos permite decir que estamos por debajo del promedio nacional. Es especialmente relevante destacar que este a\u00f1o <strong>no hemos tenido que lamentar v\u00edctimas menores de edad<\/strong> en nuestra regi\u00f3n, un logro que nos impulsa a seguir fortaleciendo nuestras estrategias de prevenci\u00f3n.\u00bb<\/p>\n\n\n\n<p>Adem\u00e1s, N\u00fa\u00f1ez destac\u00f3 el trabajo de las polic\u00edas en estos resultados \u00abEstos resultados no son casualidad, sino fruto de un <strong>compromiso f\u00e9rreo de esta Serem\u00eda y de un trabajo estrat\u00e9gico coordinado con Carabineros y la PDI<\/strong>. El despliegue en el territorio y la persecuci\u00f3n penal efectiva por parte de la Fiscal\u00eda han sido claves para reducir la violencia letal. Seguiremos trabajando de la mano con nuestras polic\u00edas para que la v\u00eda p\u00fablica y los barrios de nuestra regi\u00f3n sean espacios cada vez m\u00e1s seguros para todas las familias.\u00bb<\/p>\n\n\n\n<p><strong>Resultados Regionales Destacados<\/strong> El informe revela datos clave sobre la caracterizaci\u00f3n de la violencia letal en la zona:<\/p>\n\n\n\n<ul class=\"wp-block-list\">\n<li><strong>Perfil de las v\u00edctimas:<\/strong> El 85,7% de las v\u00edctimas correspondi\u00f3 a hombres y el 14,3% a mujeres. Un dato de especial relevancia es que <strong>en 2025 no se registraron v\u00edctimas menores de 18 a\u00f1os<\/strong> en la regi\u00f3n.<\/li>\n\n\n\n<li><strong>Mecanismos y Lugares:<\/strong> El uso de armas de fuego se mantuvo como el principal mecanismo de muerte (45,2%), seguido de cerca por objetos cortopunzantes (42,9%). La <strong>v\u00eda p\u00fablica<\/strong> contin\u00faa siendo el lugar de mayor ocurrencia, concentrando el 50,0% de los casos.<\/li>\n\n\n\n<li><strong>Contexto:<\/strong> Los homicidios se dividieron equitativamente entre contextos asociados a delitos o grupos organizados y contextos interpersonales, con un 40,5% cada uno.<\/li>\n<\/ul>\n\n\n\n<p><strong>Panorama Nacional<\/strong> : A nivel pa\u00eds, el informe consolida una tendencia a la baja iniciada en 2022. Chile registr\u00f3 un total de <strong>1.091 v\u00edctimas<\/strong>, lo que equivale a una tasa nacional de <strong>5,4 por cada 100 mil habitantes<\/strong>. Esta cifra representa una disminuci\u00f3n del 11,5% respecto al a\u00f1o 2024.<\/p>\n\n\n\n<p>La Regi\u00f3n de O\u2019Higgins, junto con Tarapac\u00e1 y Coquimbo, se posiciona como una de las zonas con las reducciones m\u00e1s importantes del pa\u00eds durante este periodo. En contraste, el an\u00e1lisis territorial muestra que la Macrozona Metropolitana sigue siendo el principal foco de violencia, siendo la \u00fanica con una tasa superior al promedio nacional.<\/p>\n\n\n\n<figure class=\"wp-block-image size-large\"><img loading=\"lazy\" decoding=\"async\" width=\"576\" height=\"1024\" src=\"https:\/\/www.rengoenlanoticia.cl\/prensa\/wp-content\/uploads\/2026\/03\/homicidios-576x1024.jpg\" alt=\"\" class=\"wp-image-9563\" srcset=\"https:\/\/www.rengoenlanoticia.cl\/prensa\/wp-content\/uploads\/2026\/03\/homicidios-576x1024.jpg 576w, https:\/\/www.rengoenlanoticia.cl\/prensa\/wp-content\/uploads\/2026\/03\/homicidios-169x300.jpg 169w, https:\/\/www.rengoenlanoticia.cl\/prensa\/wp-content\/uploads\/2026\/03\/homicidios-768x1365.jpg 768w, https:\/\/www.rengoenlanoticia.cl\/prensa\/wp-content\/uploads\/2026\/03\/homicidios-864x1536.jpg 864w, https:\/\/www.rengoenlanoticia.cl\/prensa\/wp-content\/uploads\/2026\/03\/homicidios-110x196.jpg 110w, https:\/\/www.rengoenlanoticia.cl\/prensa\/wp-content\/uploads\/2026\/03\/homicidios-200x356.jpg 200w, https:\/\/www.rengoenlanoticia.cl\/prensa\/wp-content\/uploads\/2026\/03\/homicidios-380x676.jpg 380w, https:\/\/www.rengoenlanoticia.cl\/prensa\/wp-content\/uploads\/2026\/03\/homicidios-255x453.jpg 255w, https:\/\/www.rengoenlanoticia.cl\/prensa\/wp-content\/uploads\/2026\/03\/homicidios-300x533.jpg 300w, https:\/\/www.rengoenlanoticia.cl\/prensa\/wp-content\/uploads\/2026\/03\/homicidios-550x978.jpg 550w, https:\/\/www.rengoenlanoticia.cl\/prensa\/wp-content\/uploads\/2026\/03\/homicidios-800x1422.jpg 800w, https:\/\/www.rengoenlanoticia.cl\/prensa\/wp-content\/uploads\/2026\/03\/homicidios.jpg 1080w\" sizes=\"auto, (max-width: 576px) 100vw, 576px\" \/><\/figure>\n","protected":false},"excerpt":{"rendered":"El Centro para la Prevenci\u00f3n de Homicidios y Delitos Violentos (CPHDV), dependiente de la Subsecretar\u00eda de Prevenci\u00f3n del&hellip;\n","protected":false},"author":1,"featured_media":9562,"comment_status":"open","ping_status":"open","sticky":false,"template":"","format":"standard","meta":{"_monsterinsights_skip_tracking":false,"_monsterinsights_sitenote_active":false,"_monsterinsights_sitenote_note":"","_monsterinsights_sitenote_category":0,"footnotes":""},"categories":[8],"tags":[],"class_list":{"0":"post-9559","1":"post","2":"type-post","3":"status-publish","4":"format-standard","5":"has-post-thumbnail","7":"category-portada"},"aioseo_notices":[],"_links":{"self":[{"href":"https:\/\/www.rengoenlanoticia.cl\/prensa\/wp-json\/wp\/v2\/posts\/9559","targetHints":{"allow":["GET"]}}],"collection":[{"href":"https:\/\/www.rengoenlanoticia.cl\/prensa\/wp-json\/wp\/v2\/posts"}],"about":[{"href":"https:\/\/www.rengoenlanoticia.cl\/prensa\/wp-json\/wp\/v2\/types\/post"}],"author":[{"embeddable":true,"href":"https:\/\/www.rengoenlanoticia.cl\/prensa\/wp-json\/wp\/v2\/users\/1"}],"replies":[{"embeddable":true,"href":"https:\/\/www.rengoenlanoticia.cl\/prensa\/wp-json\/wp\/v2\/comments?post=9559"}],"version-history":[{"count":3,"href":"https:\/\/www.rengoenlanoticia.cl\/prensa\/wp-json\/wp\/v2\/posts\/9559\/revisions"}],"predecessor-version":[{"id":9580,"href":"https:\/\/www.rengoenlanoticia.cl\/prensa\/wp-json\/wp\/v2\/posts\/9559\/revisions\/9580"}],"wp:featuredmedia":[{"embeddable":true,"href":"https:\/\/www.rengoenlanoticia.cl\/prensa\/wp-json\/wp\/v2\/media\/9562"}],"wp:attachment":[{"href":"https:\/\/www.rengoenlanoticia.cl\/prensa\/wp-json\/wp\/v2\/media?parent=9559"}],"wp:term":[{"taxonomy":"category","embeddable":true,"href":"https:\/\/www.rengoenlanoticia.cl\/prensa\/wp-json\/wp\/v2\/categories?post=9559"},{"taxonomy":"post_tag","embeddable":true,"href":"https:\/\/www.rengoenlanoticia.cl\/prensa\/wp-json\/wp\/v2\/tags?post=9559"}],"curies":[{"name":"wp","href":"https:\/\/api.w.org\/{rel}","templated":true}]}}