{"id":9552,"date":"2026-03-05T02:10:32","date_gmt":"2026-03-05T02:10:32","guid":{"rendered":"https:\/\/www.rengoenlanoticia.cl\/prensa\/?p=9552"},"modified":"2026-03-05T02:10:33","modified_gmt":"2026-03-05T02:10:33","slug":"carabineros-de-la-oic-de-la-4a-comisaria-de-rengo-realizan-reunion-de-coordinacion-con-jardin-infantil-hormiguita-para-fortalecer-seguridad-escolar","status":"publish","type":"post","link":"https:\/\/www.rengoenlanoticia.cl\/prensa\/2026\/03\/05\/carabineros-de-la-oic-de-la-4a-comisaria-de-rengo-realizan-reunion-de-coordinacion-con-jardin-infantil-hormiguita-para-fortalecer-seguridad-escolar\/","title":{"rendered":"Carabineros de la OIC de la 4\u00aa Comisar\u00eda de Rengo realizan reuni\u00f3n de coordinaci\u00f3n con Jard\u00edn Infantil Hormiguita para fortalecer seguridad escolar"},"content":{"rendered":"\n<p>En el marco del fortalecimiento de las redes de prevenci\u00f3n y seguridad en establecimientos educacionales, personal de la Oficina de Integraci\u00f3n Comunitaria (OIC) de la 4\u00aa Comisar\u00eda de Rengo sostuvo una reuni\u00f3n de trabajo con la directora y el equipo t\u00e9cnico parvulario del Jard\u00edn Infantil \u201cHormiguita\u201d.<\/p>\n\n\n\n<p>La actividad tuvo como objetivo avanzar en la elaboraci\u00f3n del Plan Integral de Seguridad Escolar (PISE), instancia que forma parte del Comit\u00e9 de Seguridad Escolar y Parvulario del establecimiento.<\/p>\n\n\n\n<p>Durante la jornada se abord\u00f3 la importancia de fortalecer las redes intersectoriales que permitan desarrollar y coordinar protocolos de acci\u00f3n ante posibles emergencias y desastres naturales. Estas medidas buscan garantizar una respuesta oportuna y organizada frente a situaciones de riesgo.<\/p>\n\n\n\n<figure class=\"wp-block-image size-large\"><img loading=\"lazy\" decoding=\"async\" width=\"1024\" height=\"768\" src=\"https:\/\/www.rengoenlanoticia.cl\/prensa\/wp-content\/uploads\/2026\/03\/WhatsApp-Image-2026-03-04-at-12.56.44-1024x768.jpeg\" alt=\"\" class=\"wp-image-9554\" srcset=\"https:\/\/www.rengoenlanoticia.cl\/prensa\/wp-content\/uploads\/2026\/03\/WhatsApp-Image-2026-03-04-at-12.56.44-1024x768.jpeg 1024w, https:\/\/www.rengoenlanoticia.cl\/prensa\/wp-content\/uploads\/2026\/03\/WhatsApp-Image-2026-03-04-at-12.56.44-300x225.jpeg 300w, https:\/\/www.rengoenlanoticia.cl\/prensa\/wp-content\/uploads\/2026\/03\/WhatsApp-Image-2026-03-04-at-12.56.44-768x576.jpeg 768w, https:\/\/www.rengoenlanoticia.cl\/prensa\/wp-content\/uploads\/2026\/03\/WhatsApp-Image-2026-03-04-at-12.56.44-1536x1152.jpeg 1536w, https:\/\/www.rengoenlanoticia.cl\/prensa\/wp-content\/uploads\/2026\/03\/WhatsApp-Image-2026-03-04-at-12.56.44-110x83.jpeg 110w, https:\/\/www.rengoenlanoticia.cl\/prensa\/wp-content\/uploads\/2026\/03\/WhatsApp-Image-2026-03-04-at-12.56.44-200x150.jpeg 200w, https:\/\/www.rengoenlanoticia.cl\/prensa\/wp-content\/uploads\/2026\/03\/WhatsApp-Image-2026-03-04-at-12.56.44-380x285.jpeg 380w, https:\/\/www.rengoenlanoticia.cl\/prensa\/wp-content\/uploads\/2026\/03\/WhatsApp-Image-2026-03-04-at-12.56.44-255x191.jpeg 255w, https:\/\/www.rengoenlanoticia.cl\/prensa\/wp-content\/uploads\/2026\/03\/WhatsApp-Image-2026-03-04-at-12.56.44-550x413.jpeg 550w, https:\/\/www.rengoenlanoticia.cl\/prensa\/wp-content\/uploads\/2026\/03\/WhatsApp-Image-2026-03-04-at-12.56.44-800x600.jpeg 800w, https:\/\/www.rengoenlanoticia.cl\/prensa\/wp-content\/uploads\/2026\/03\/WhatsApp-Image-2026-03-04-at-12.56.44-1160x870.jpeg 1160w, https:\/\/www.rengoenlanoticia.cl\/prensa\/wp-content\/uploads\/2026\/03\/WhatsApp-Image-2026-03-04-at-12.56.44.jpeg 1600w\" sizes=\"auto, (max-width: 1024px) 100vw, 1024px\" \/><\/figure>\n\n\n\n<p>Asimismo, se destac\u00f3 que el trabajo conjunto entre Carabineros y la comunidad educativa permite establecer lineamientos claros para la protecci\u00f3n y resguardo de los ni\u00f1os y ni\u00f1as que asisten al jard\u00edn infantil, priorizando su seguridad y bienestar.<\/p>\n\n\n\n<p>Desde la Oficina de Integraci\u00f3n Comunitaria se\u00f1alaron que este tipo de instancias refuerza el compromiso institucional con la prevenci\u00f3n y la educaci\u00f3n en materia de seguridad, promoviendo entornos m\u00e1s seguros para la comunidad escolar.<\/p>\n","protected":false},"excerpt":{"rendered":"En el marco del fortalecimiento de las redes de prevenci\u00f3n y seguridad en establecimientos educacionales, personal de la&hellip;\n","protected":false},"author":2,"featured_media":9553,"comment_status":"open","ping_status":"open","sticky":false,"template":"","format":"standard","meta":{"_monsterinsights_skip_tracking":false,"_monsterinsights_sitenote_active":false,"_monsterinsights_sitenote_note":"","_monsterinsights_sitenote_category":0,"footnotes":""},"categories":[5,8],"tags":[],"class_list":{"0":"post-9552","1":"post","2":"type-post","3":"status-publish","4":"format-standard","5":"has-post-thumbnail","7":"category-policial","8":"category-portada"},"aioseo_notices":[],"_links":{"self":[{"href":"https:\/\/www.rengoenlanoticia.cl\/prensa\/wp-json\/wp\/v2\/posts\/9552","targetHints":{"allow":["GET"]}}],"collection":[{"href":"https:\/\/www.rengoenlanoticia.cl\/prensa\/wp-json\/wp\/v2\/posts"}],"about":[{"href":"https:\/\/www.rengoenlanoticia.cl\/prensa\/wp-json\/wp\/v2\/types\/post"}],"author":[{"embeddable":true,"href":"https:\/\/www.rengoenlanoticia.cl\/prensa\/wp-json\/wp\/v2\/users\/2"}],"replies":[{"embeddable":true,"href":"https:\/\/www.rengoenlanoticia.cl\/prensa\/wp-json\/wp\/v2\/comments?post=9552"}],"version-history":[{"count":3,"href":"https:\/\/www.rengoenlanoticia.cl\/prensa\/wp-json\/wp\/v2\/posts\/9552\/revisions"}],"predecessor-version":[{"id":9557,"href":"https:\/\/www.rengoenlanoticia.cl\/prensa\/wp-json\/wp\/v2\/posts\/9552\/revisions\/9557"}],"wp:featuredmedia":[{"embeddable":true,"href":"https:\/\/www.rengoenlanoticia.cl\/prensa\/wp-json\/wp\/v2\/media\/9553"}],"wp:attachment":[{"href":"https:\/\/www.rengoenlanoticia.cl\/prensa\/wp-json\/wp\/v2\/media?parent=9552"}],"wp:term":[{"taxonomy":"category","embeddable":true,"href":"https:\/\/www.rengoenlanoticia.cl\/prensa\/wp-json\/wp\/v2\/categories?post=9552"},{"taxonomy":"post_tag","embeddable":true,"href":"https:\/\/www.rengoenlanoticia.cl\/prensa\/wp-json\/wp\/v2\/tags?post=9552"}],"curies":[{"name":"wp","href":"https:\/\/api.w.org\/{rel}","templated":true}]}}