{"id":9532,"date":"2026-03-05T01:48:16","date_gmt":"2026-03-05T01:48:16","guid":{"rendered":"https:\/\/www.rengoenlanoticia.cl\/prensa\/?p=9532"},"modified":"2026-03-05T01:48:22","modified_gmt":"2026-03-05T01:48:22","slug":"descentralizacion-economica-comites-regionales-de-corfo-han-movilizado-mas-de-175-mil-millones-en-inversion-productiva","status":"publish","type":"post","link":"https:\/\/www.rengoenlanoticia.cl\/prensa\/2026\/03\/05\/descentralizacion-economica-comites-regionales-de-corfo-han-movilizado-mas-de-175-mil-millones-en-inversion-productiva\/","title":{"rendered":"DESCENTRALIZACI\u00d3N ECON\u00d3MICA: COMIT\u00c9S REGIONALES DE CORFO HAN MOVILIZADO M\u00c1S DE $175 MIL MILLONES EN INVERSI\u00d3N PRODUCTIVA"},"content":{"rendered":"\n<p>Impulsados por la Corporaci\u00f3n y liderados por los Gobiernos Regionales, estas instancias cofinanciaron cerca de\u00a0<strong>4.500 proyectos<\/strong>\u00a0en iniciativas de innovaci\u00f3n, emprendimiento y desarrollo productivo territorial entre el 2022 y 2025.<\/p>\n\n\n\n<p>Los Comit\u00e9s de Desarrollo Productivo Regional (CDPR) se han consolidado como uno de los principales instrumentos de descentralizaci\u00f3n econ\u00f3mica del pa\u00eds, movilizando&nbsp;<strong>m\u00e1s de $175 mil millones en recursos p\u00fablicos para innovaci\u00f3n, emprendimiento y fomento productivo en las regiones<\/strong>&nbsp;con aportes de Corfo, Sercotec y Gobiernos Regionales, entre los a\u00f1os 2022 y 2025.<\/p>\n\n\n\n<p>Durante este per\u00edodo, los 16 Comit\u00e9s apoyaron cerca de<strong>&nbsp;4.500 iniciativas<\/strong>&nbsp;en todo el pa\u00eds beneficiando a miles de empresas a trav\u00e9s de 30 l\u00edneas de financiamiento delegadas por Corfo y Sercotec. Solo en&nbsp;<strong>2025 los proyectos impulsados por los CDPR alcanzaron a 24.156 empresas beneficiarias a nivel nacional<\/strong>, reflejando una amplia cobertura territorial.<\/p>\n\n\n\n<p>El balance fue presentado por el vicepresidente ejecutivo de Corfo, Jos\u00e9 Miguel Benavente, en el encuentro de la Asociaci\u00f3n de Gobernadores Regionales de Chile (Agorechi), realizado en la Regi\u00f3n de Los Lagos.<\/p>\n\n\n\n<p>La cifra global de estos cuatro a\u00f1os incorpora el presupuesto de los tres primeros CDPR, creados en 2015 en Antofagasta, Biob\u00edo y Los R\u00edos. Desde 2023, el modelo se extendi\u00f3 progresivamente al resto del pa\u00eds, lo que permiti\u00f3 un crecimiento sostenido de la inversi\u00f3n anual, superando en 2025 los&nbsp;<strong>$74 mil millones<\/strong>, incluidos&nbsp;<strong>$32 mil millones de aporte directo de Corfo.<\/strong><\/p>\n\n\n\n<p>\u201cLos resultados de los Comit\u00e9s demuestran que la descentralizaci\u00f3n es una pol\u00edtica p\u00fablica concreta que moviliza recursos y genera impacto real en los territorios y las personas. Hemos impulsado una importante cantidad de iniciativas que dan cuenta de que cuando las decisiones se toman desde las regiones, con foco en sus vocaciones productivas y brechas, el desarrollo se vuelve m\u00e1s pertinente y efectivo. Valoro este modelo, porque fortalece el liderazgo regional y consolida una gobernanza colaborativa para impulsar el crecimiento desde las regiones, donde lo local es protagonista\u201d, sostuvo el gobernador de O\u00b4Higgins y ex presidente de la Agorechi, Pablo Silva Amaya.<\/p>\n\n\n\n<p>Impulsados por Corfo, en coordinaci\u00f3n con los Gobiernos Regionales, el Ministerio de Econom\u00eda, Fomento y Turismo, y la participaci\u00f3n de Sercotec, los CDPR se traducen en un nuevo est\u00e1ndar de&nbsp;<strong>focalizaci\u00f3n del gasto p\u00fablico<\/strong>, donde las decisiones de inversi\u00f3n se adoptan desde los territorios, en funci\u00f3n de sus brechas, vocaciones y estrategias de desarrollo.<\/p>\n\n\n\n<p>\u201cComo gobernadores regionales valoramos presidir los CDPR en el pa\u00eds. Esta es una institucionalidad que ha representado un avance en la descentralizaci\u00f3n econ\u00f3mica, porque permite que las regiones definan sus propias prioridades productivas, con presupuestos y convocatorias alineadas a sus estrategias de desarrollo. Hoy las decisiones sobre fomento productivo, innovaci\u00f3n y emprendimiento ya no se toman exclusivamente desde Santiago, sino desde los territorios, escuchando a nuestros emprendedores, pymes y sectores estrat\u00e9gicos. Ese cambio fortalece la autonom\u00eda regional y nos permite impulsar un desarrollo m\u00e1s pertinente, competitivo y sostenible para cada regi\u00f3n de Chile\u201d, se\u00f1al\u00f3 el Gobernador Regional de Los Lagos y actual presidente de Agorechi, Alejandro Santana.<\/p>\n\n\n\n<p><strong>Fortalecimiento del rol de las Direcciones Regionales de Corfo<\/strong><\/p>\n\n\n\n<p>En su presentaci\u00f3n, Benavente destac\u00f3 los principales avances impulsados por la Corporaci\u00f3n en materia de descentralizaci\u00f3n productiva. Entre ellos, subray\u00f3 la creaci\u00f3n de la&nbsp;<strong>Gerencia de Desarrollo Territorial en 2024<\/strong>, la puesta en marcha de una&nbsp;<strong>plataforma permanente de an\u00e1lisis y datos territoriales<\/strong>, la implementaci\u00f3n de&nbsp;<strong>metodolog\u00edas espec\u00edficas para territorios rezagados o en situaci\u00f3n de emergencia<\/strong>, y la identificaci\u00f3n de&nbsp;<strong>iniciativas estrat\u00e9gicas emblem\u00e1ticas<\/strong>&nbsp;en distintas regiones del pa\u00eds.<\/p>\n\n\n\n<p>Estas acciones, se\u00f1al\u00f3, han permitido fortalecer el rol de las Direcciones Regionales de Corfo como soporte t\u00e9cnico de los Comit\u00e9s, instalando una institucionalidad descentralizada capaz de articular actores p\u00fablicos y privados en torno a visiones compartidas de desarrollo territorial.<\/p>\n\n\n\n<p>La autoridad tambi\u00e9n agradeci\u00f3 el rol de los Gobernadores Regionales, \u201cquienes han asumido el liderazgo de estos Comit\u00e9s con compromiso y visi\u00f3n estrat\u00e9gica, consolidando un trabajo colaborativo que fortalece el desarrollo econ\u00f3mico de cada territorio\u201d.<\/p>\n\n\n\n<p>Los CDPR est\u00e1n integrados por representantes del mundo p\u00fablico, privado, acad\u00e9mico y de la sociedad civil. A nivel nacional, participan&nbsp;<strong>408 consejeros, entre titulares y suplentes<\/strong>, lo que da cuenta de una gobernanza amplia y diversa que permite incorporar distintas miradas en la toma de decisiones sobre inversi\u00f3n productiva regional.<\/p>\n\n\n\n<p><strong>Empresas destacadas por los CDPR<\/strong><\/p>\n\n\n\n<p>Para relevar el aporte realizado por las empresas beneficiarias, los CDPR de cada regi\u00f3n entregar\u00e1n la distinci\u00f3n \u201cImpacto Productivo Territorial\u201d por su capacidad de innovar, crecer, y hacer una contribuci\u00f3n real en sus comunidades.<\/p>\n\n\n\n<p>En el caso de la regi\u00f3n de O\u2019Higgins, en el pr\u00f3ximo pleno del Comit\u00e9 de Desarrollo Productivo Regional de O\u2019Higgins, a realizarse el 9 de marzo, se reconocer\u00e1 a Minera Valle Central como Empresa con Impacto Productivo Territorial, que actualmente est\u00e1 ejecutando un Red Proveedores de Corfo con el nombre \u201cPrograma de Sustentabilidad Empresas Colaboradoras Minera Valle Central\u201d, que busca desarrollar un diagn\u00f3stico integral que identifique brechas y oportunidades en la red de empresas colaboradoras de Minera Valle Central respecto a su estrategia corporativa de sostenibilidad, como base para dise\u00f1ar un plan de trabajo que facilite su futura alineaci\u00f3n y fortalezca las capacidades del ecosistema ante los desaf\u00edos del sector.<\/p>\n\n\n\n<p>Destacar que esta empresa minera, ha participado en el desarrollo de la iniciativa emblem\u00e1tica de Corfo O\u2019Higgins, enmarcada en la creaci\u00f3n y fortalecimiento de nuevos proveedores para la miner\u00eda&nbsp;fomentando la innovaci\u00f3n tecnol\u00f3gica y desarrollando capital humano, buscando que la regi\u00f3n aproveche mejor su potencial minero y se diversifique productivamente.<\/p>\n","protected":false},"excerpt":{"rendered":"Impulsados por la Corporaci\u00f3n y liderados por los Gobiernos Regionales, estas instancias cofinanciaron cerca de\u00a04.500 proyectos\u00a0en iniciativas de&hellip;\n","protected":false},"author":1,"featured_media":9536,"comment_status":"open","ping_status":"open","sticky":false,"template":"","format":"standard","meta":{"_monsterinsights_skip_tracking":false,"_monsterinsights_sitenote_active":false,"_monsterinsights_sitenote_note":"","_monsterinsights_sitenote_category":0,"footnotes":""},"categories":[8],"tags":[],"class_list":{"0":"post-9532","1":"post","2":"type-post","3":"status-publish","4":"format-standard","5":"has-post-thumbnail","7":"category-portada"},"aioseo_notices":[],"_links":{"self":[{"href":"https:\/\/www.rengoenlanoticia.cl\/prensa\/wp-json\/wp\/v2\/posts\/9532","targetHints":{"allow":["GET"]}}],"collection":[{"href":"https:\/\/www.rengoenlanoticia.cl\/prensa\/wp-json\/wp\/v2\/posts"}],"about":[{"href":"https:\/\/www.rengoenlanoticia.cl\/prensa\/wp-json\/wp\/v2\/types\/post"}],"author":[{"embeddable":true,"href":"https:\/\/www.rengoenlanoticia.cl\/prensa\/wp-json\/wp\/v2\/users\/1"}],"replies":[{"embeddable":true,"href":"https:\/\/www.rengoenlanoticia.cl\/prensa\/wp-json\/wp\/v2\/comments?post=9532"}],"version-history":[{"count":3,"href":"https:\/\/www.rengoenlanoticia.cl\/prensa\/wp-json\/wp\/v2\/posts\/9532\/revisions"}],"predecessor-version":[{"id":9541,"href":"https:\/\/www.rengoenlanoticia.cl\/prensa\/wp-json\/wp\/v2\/posts\/9532\/revisions\/9541"}],"wp:featuredmedia":[{"embeddable":true,"href":"https:\/\/www.rengoenlanoticia.cl\/prensa\/wp-json\/wp\/v2\/media\/9536"}],"wp:attachment":[{"href":"https:\/\/www.rengoenlanoticia.cl\/prensa\/wp-json\/wp\/v2\/media?parent=9532"}],"wp:term":[{"taxonomy":"category","embeddable":true,"href":"https:\/\/www.rengoenlanoticia.cl\/prensa\/wp-json\/wp\/v2\/categories?post=9532"},{"taxonomy":"post_tag","embeddable":true,"href":"https:\/\/www.rengoenlanoticia.cl\/prensa\/wp-json\/wp\/v2\/tags?post=9532"}],"curies":[{"name":"wp","href":"https:\/\/api.w.org\/{rel}","templated":true}]}}