{"id":9531,"date":"2026-03-05T01:48:29","date_gmt":"2026-03-05T01:48:29","guid":{"rendered":"https:\/\/www.rengoenlanoticia.cl\/prensa\/?p=9531"},"modified":"2026-03-05T02:11:28","modified_gmt":"2026-03-05T02:11:28","slug":"en-tiempo-record-da-con-sujetos-que-golpearon-a-persona-en-pleno-centro-de-rengo","status":"publish","type":"post","link":"https:\/\/www.rengoenlanoticia.cl\/prensa\/2026\/03\/05\/en-tiempo-record-da-con-sujetos-que-golpearon-a-persona-en-pleno-centro-de-rengo\/","title":{"rendered":"En tiempo r\u00e9cord PDI da con sujetos que golpearon a persona en pleno centro de Rengo"},"content":{"rendered":"\n<p>El Subprefecto Juan Reyes, jefe de la Brigada de Homicidios de Rancagua, entreg\u00f3 antecedentes respecto a un procedimiento desarrollado en la comuna de Rengo por el delito de homicidio frustrado.<\/p>\n\n\n\n<p>El d\u00eda domingo 1 de marzo de 2026, en horas de la tarde, personal de la Brigada de Homicidios de Rancagua, con apoyo de la Polic\u00eda de Investigaciones de Chile en Rengo y peritos del Laboratorio de Criminal\u00edstica Regional de Rancagua, y por instrucci\u00f3n del Ministerio P\u00fablico, concurrieron a dicha comuna para realizar diligencias investigativas en relaci\u00f3n a un homicidio frustrado con elemento contundente, cuya v\u00edctima corresponde a un hombre chileno, mayor de edad, sin antecedentes policiales.<\/p>\n\n\n\n<p>De acuerdo a los antecedentes recopilados, la v\u00edctima se encontraba en la v\u00eda p\u00fablica cuando fue abordada por dos sujetos chilenos, mayores de edad y tambi\u00e9n sin antecedentes policiales, quienes sin provocaci\u00f3n previa lo agredieron con golpes de pu\u00f1o y pie, dej\u00e1ndolo gravemente lesionado en el lugar. Posteriormente fue auxiliado y trasladado a un centro asistencial, mientras que los agresores huyeron en direcci\u00f3n desconocida.<\/p>\n\n\n\n<p>Actualmente, la v\u00edctima permanece hospitalizada en el Hospital Regional de Rancagua.<\/p>\n\n\n\n<p>Gracias al trabajo investigativo desarrollado por la Brigada de Homicidios, se logr\u00f3 identificar a los dos imputados y posicionarlos en el sitio del suceso mediante diversos medios de prueba. Estos antecedentes fueron puestos a disposici\u00f3n del Ministerio P\u00fablico.<\/p>\n\n\n\n<p>Finalmente, el d\u00eda de ayer martes, a las 09:00 horas, personal de esta brigada especializada concret\u00f3 la detenci\u00f3n de ambos sujetos, quienes ser\u00e1n puestos a disposici\u00f3n del Juzgado de Garant\u00eda de Rengo durante la presente jornada para su respectiva formalizaci\u00f3n por el delito investigado, se\u00f1al\u00f3 la autoridad de la PDI.<\/p>\n\n\n\n<figure class=\"wp-block-video\"><video controls src=\"https:\/\/www.rengoenlanoticia.cl\/prensa\/wp-content\/uploads\/2026\/03\/WhatsApp-Video-2026-03-04-at-11.29.38.mp4\"><\/video><\/figure>\n","protected":false},"excerpt":{"rendered":"El Subprefecto Juan Reyes, jefe de la Brigada de Homicidios de Rancagua, entreg\u00f3 antecedentes respecto a un procedimiento&hellip;\n","protected":false},"author":2,"featured_media":9533,"comment_status":"open","ping_status":"open","sticky":false,"template":"","format":"standard","meta":{"_monsterinsights_skip_tracking":false,"_monsterinsights_sitenote_active":false,"_monsterinsights_sitenote_note":"","_monsterinsights_sitenote_category":0,"footnotes":""},"categories":[5,8],"tags":[],"class_list":{"0":"post-9531","1":"post","2":"type-post","3":"status-publish","4":"format-standard","5":"has-post-thumbnail","7":"category-policial","8":"category-portada"},"aioseo_notices":[],"_links":{"self":[{"href":"https:\/\/www.rengoenlanoticia.cl\/prensa\/wp-json\/wp\/v2\/posts\/9531","targetHints":{"allow":["GET"]}}],"collection":[{"href":"https:\/\/www.rengoenlanoticia.cl\/prensa\/wp-json\/wp\/v2\/posts"}],"about":[{"href":"https:\/\/www.rengoenlanoticia.cl\/prensa\/wp-json\/wp\/v2\/types\/post"}],"author":[{"embeddable":true,"href":"https:\/\/www.rengoenlanoticia.cl\/prensa\/wp-json\/wp\/v2\/users\/2"}],"replies":[{"embeddable":true,"href":"https:\/\/www.rengoenlanoticia.cl\/prensa\/wp-json\/wp\/v2\/comments?post=9531"}],"version-history":[{"count":3,"href":"https:\/\/www.rengoenlanoticia.cl\/prensa\/wp-json\/wp\/v2\/posts\/9531\/revisions"}],"predecessor-version":[{"id":9558,"href":"https:\/\/www.rengoenlanoticia.cl\/prensa\/wp-json\/wp\/v2\/posts\/9531\/revisions\/9558"}],"wp:featuredmedia":[{"embeddable":true,"href":"https:\/\/www.rengoenlanoticia.cl\/prensa\/wp-json\/wp\/v2\/media\/9533"}],"wp:attachment":[{"href":"https:\/\/www.rengoenlanoticia.cl\/prensa\/wp-json\/wp\/v2\/media?parent=9531"}],"wp:term":[{"taxonomy":"category","embeddable":true,"href":"https:\/\/www.rengoenlanoticia.cl\/prensa\/wp-json\/wp\/v2\/categories?post=9531"},{"taxonomy":"post_tag","embeddable":true,"href":"https:\/\/www.rengoenlanoticia.cl\/prensa\/wp-json\/wp\/v2\/tags?post=9531"}],"curies":[{"name":"wp","href":"https:\/\/api.w.org\/{rel}","templated":true}]}}