{"id":9519,"date":"2026-03-04T01:07:34","date_gmt":"2026-03-04T01:07:34","guid":{"rendered":"https:\/\/www.rengoenlanoticia.cl\/prensa\/?p=9519"},"modified":"2026-03-04T01:08:51","modified_gmt":"2026-03-04T01:08:51","slug":"tres-detenidos-por-porte-ilegal-de-arma-de-fuego-microtrafico-y-estafa-en-san-fernando","status":"publish","type":"post","link":"https:\/\/www.rengoenlanoticia.cl\/prensa\/2026\/03\/04\/tres-detenidos-por-porte-ilegal-de-arma-de-fuego-microtrafico-y-estafa-en-san-fernando\/","title":{"rendered":"Tres detenidos por porte ilegal de arma de fuego, microtr\u00e1fico y estafa en San Fernando"},"content":{"rendered":"\n<p>En el marco de un servicio focalizado, personal de la Secci\u00f3n Centauro de la Prefectura Colchagua detuvo a tres individuos adultos en la comuna de San Fernando, tras verse involucrados en un procedimiento por estafa que deriv\u00f3 en el hallazgo de un arma de fuego, munici\u00f3n y droga en su poder.<\/p>\n\n\n\n<p>Los hechos se registraron durante la ma\u00f1ana, cuando los sujetos cargaron combustible en un servicentro de la comuna sin efectuar el pago correspondiente. La situaci\u00f3n fue denunciada oportunamente, lo que permiti\u00f3 la difusi\u00f3n del encargo del veh\u00edculo y de sus ocupantes a las unidades policiales del sector.<\/p>\n\n\n\n<p>Horas m\u00e1s tarde, cerca de la intersecci\u00f3n de calle Rucatalca con pasaje Cunaco, personal policial logr\u00f3 ubicar el m\u00f3vil involucrado, procediendo a su fiscalizaci\u00f3n. Durante el control, los funcionarios encontraron un arma de fuego tipo rev\u00f3lver con su respectiva munici\u00f3n, adem\u00e1s de droga dosificada y dinero en efectivo, por lo que se concret\u00f3 la detenci\u00f3n de los tres ocupantes.<\/p>\n\n\n\n<p>Los imputados corresponden a tres hombres de 21, 21 y 20 a\u00f1os de edad, todos de nacionalidad chilena y con antecedentes policiales. Por instrucci\u00f3n del Ministerio P\u00fablico, uno de ellos pas\u00f3 a control de detenci\u00f3n, mientras que los otros dos quedaron apercibidos conforme al art\u00edculo 26 del C\u00f3digo Procesal Penal, a la espera de citaci\u00f3n.<\/p>\n\n\n\n<p>Asimismo, se dispuso que el arma incautada sea remitida a LABOCAR para la realizaci\u00f3n de las pericias correspondientes.<\/p>\n","protected":false},"excerpt":{"rendered":"En el marco de un servicio focalizado, personal de la Secci\u00f3n Centauro de la Prefectura Colchagua detuvo a&hellip;\n","protected":false},"author":2,"featured_media":9521,"comment_status":"open","ping_status":"open","sticky":false,"template":"","format":"standard","meta":{"_monsterinsights_skip_tracking":false,"_monsterinsights_sitenote_active":false,"_monsterinsights_sitenote_note":"","_monsterinsights_sitenote_category":0,"footnotes":""},"categories":[5,8],"tags":[],"class_list":{"0":"post-9519","1":"post","2":"type-post","3":"status-publish","4":"format-standard","5":"has-post-thumbnail","7":"category-policial","8":"category-portada"},"aioseo_notices":[],"_links":{"self":[{"href":"https:\/\/www.rengoenlanoticia.cl\/prensa\/wp-json\/wp\/v2\/posts\/9519","targetHints":{"allow":["GET"]}}],"collection":[{"href":"https:\/\/www.rengoenlanoticia.cl\/prensa\/wp-json\/wp\/v2\/posts"}],"about":[{"href":"https:\/\/www.rengoenlanoticia.cl\/prensa\/wp-json\/wp\/v2\/types\/post"}],"author":[{"embeddable":true,"href":"https:\/\/www.rengoenlanoticia.cl\/prensa\/wp-json\/wp\/v2\/users\/2"}],"replies":[{"embeddable":true,"href":"https:\/\/www.rengoenlanoticia.cl\/prensa\/wp-json\/wp\/v2\/comments?post=9519"}],"version-history":[{"count":3,"href":"https:\/\/www.rengoenlanoticia.cl\/prensa\/wp-json\/wp\/v2\/posts\/9519\/revisions"}],"predecessor-version":[{"id":9524,"href":"https:\/\/www.rengoenlanoticia.cl\/prensa\/wp-json\/wp\/v2\/posts\/9519\/revisions\/9524"}],"wp:featuredmedia":[{"embeddable":true,"href":"https:\/\/www.rengoenlanoticia.cl\/prensa\/wp-json\/wp\/v2\/media\/9521"}],"wp:attachment":[{"href":"https:\/\/www.rengoenlanoticia.cl\/prensa\/wp-json\/wp\/v2\/media?parent=9519"}],"wp:term":[{"taxonomy":"category","embeddable":true,"href":"https:\/\/www.rengoenlanoticia.cl\/prensa\/wp-json\/wp\/v2\/categories?post=9519"},{"taxonomy":"post_tag","embeddable":true,"href":"https:\/\/www.rengoenlanoticia.cl\/prensa\/wp-json\/wp\/v2\/tags?post=9519"}],"curies":[{"name":"wp","href":"https:\/\/api.w.org\/{rel}","templated":true}]}}