{"id":9494,"date":"2026-03-02T22:47:48","date_gmt":"2026-03-02T22:47:48","guid":{"rendered":"https:\/\/www.rengoenlanoticia.cl\/prensa\/?p=9494"},"modified":"2026-03-02T22:58:01","modified_gmt":"2026-03-02T22:58:01","slug":"seremi-de-salud-ohiggins-lanza-campana-de-vacunacion-e-inmunizacion-2026","status":"publish","type":"post","link":"https:\/\/www.rengoenlanoticia.cl\/prensa\/2026\/03\/02\/seremi-de-salud-ohiggins-lanza-campana-de-vacunacion-e-inmunizacion-2026\/","title":{"rendered":"Seremi de Salud O\u2019Higgins lanza campa\u00f1a de Vacunaci\u00f3n e Inmunizaci\u00f3n 2026"},"content":{"rendered":"\n<p><em>Esta estrategia se desarrolla en trabajo conjunto con la red asistencial<\/em><\/p>\n\n\n\n<p>Con el objetivo de proteger oportunamente a la poblaci\u00f3n frente al aumento anticipado de virus respiratorios, el Ministerio de Salud inici\u00f3 este 1 de marzo a la Campa\u00f1a de Vacunaci\u00f3n e Inmunizaci\u00f3n 2026.<\/p>\n\n\n\n<p>El lanzamiento de la Campa\u00f1a de Vacunaci\u00f3n en O\u2019Higgins fue liderada por la Seremi de Salud, Carolina Torres Pinto y se realiz\u00f3 en el ELEAM Hermano Claudio de Rancagua, con el apoyo del equipo del CESFAM N\u00b02. En la instancia fueron inmunizadas autoridades regionales para dar el ejemplo y reforzar el llamado a la comunidad, entre ellas: la Autoridad Sanitaria, el representante del Servicio de Salud O\u2019Higgins, Nelson Mu\u00f1oz; y la directora subrogante de Salud Cormun, Marianne Hocker.<\/p>\n\n\n\n<p>La Seremi de Salud de O\u2019Higgins, Carolina Torres Pinto, explic\u00f3 que \u201cestamos iniciando el d\u00eda primero de marzo la Campa\u00f1a de Vacunaci\u00f3n, que tambi\u00e9n inicia la campa\u00f1a de invierno. El comportamiento de los virus que ha sido un poco err\u00e1tico despu\u00e9s de la pandemia y, por lo tanto, es muy importante que iniciemos precozmente\u201d.<\/p>\n\n\n\n<p>La autoridad agreg\u00f3 que la circulaci\u00f3n viral ha mostrado un incremento anticipado en los \u00faltimos a\u00f1os \u201cla circulaci\u00f3n viral se ha visto incrementada desde el mes de mayo hasta noviembre. Esta conducta de los virus es diferente a lo que era habitualmente\u201d.<\/p>\n\n\n\n<p>Durante el 2025, la regi\u00f3n alcanz\u00f3 una cobertura de 78,7% en Influenza, y este a\u00f1o la meta es inmunizar a cerca de 566 mil personas.<\/p>\n\n\n\n<p><strong>Grupos priorizados y protecci\u00f3n integral<\/strong><\/p>\n\n\n\n<p>En el caso de Influenza, la campa\u00f1a est\u00e1 dirigida a ni\u00f1os desde los 6 meses hasta los 10 a\u00f1os; personas con enfermedades cr\u00f3nicas entre los 11 y 59 a\u00f1os; mayores de 60 a\u00f1os; personal de salud p\u00fablico y privado; embarazadas; personas inmunosuprimidas; y trabajadores expuestos a aves, cerdos o ganado bovino.<\/p>\n\n\n\n<p>\u201cTodos estos grupos tienen que estar inmuniz\u00e1ndose desde ya, porque este a\u00f1o no sabemos si vamos a tener un comportamiento similar a lo que fue el a\u00f1o pasado\u201d, enfatiz\u00f3 la Seremi.<\/p>\n\n\n\n<p>Asimismo, Torres Pinto destac\u00f3 la continuidad de la estrategia con Nirsevimab para proteger a lactantes frente al virus respiratorio sincicial (VRS) \u201cestamos repitiendo este logro, que fue la administraci\u00f3n del Nirsevimab para los ni\u00f1os de menos de seis meses. Este a\u00f1o se va a inmunizar a los lactantes que nacieron desde el primero de octubre del a\u00f1o 2025 y a los que est\u00e9n naciendo desde el primero de marzo. Esta estrategia fue reconocida internacionalmente\u201d.<\/p>\n\n\n\n<p>La Campa\u00f1a de Invierno tambi\u00e9n contempla vacunaci\u00f3n contra COVID-19 para mayores de 65 a\u00f1os y personal de salud; vacunaci\u00f3n contra coqueluche para embarazadas; y vacuna neumoc\u00f3cica (Neumo 23) para mayores de 65 a\u00f1os.<\/p>\n\n\n\n<p>Por su parte, el representante del director del Servicio de Salud O\u2019Higgins, Nelson Mu\u00f1oz destac\u00f3 el trabajo coordinado previo al inicio de la campa\u00f1a \u201cya llevamos un tiempo importante de preparaci\u00f3n de esta campa\u00f1a en conjunto con la Seremi, este es un trabajo mancomunado y tambi\u00e9n en conjunto con toda la red de Atenci\u00f3n Primaria de Salud y el sector privado, para dar el inicio este 1 de marzo\u201d.<\/p>\n\n\n\n<p>Desde la Atenci\u00f3n Primaria, la directora subrogante de la Divisi\u00f3n de Salud de Rancagua, Marianne Hocker, inform\u00f3 que \u201cla vacunaci\u00f3n estar\u00e1 disponible en todos los CESFAM de nuestra comuna. Los horarios van de lunes a jueves, de ocho treinta a diecisiete horas, y los viernes, de ocho treinta a diecis\u00e9is horas. Adem\u00e1s, contaremos con un vacunatorio m\u00f3vil, que realizar\u00e1 operativos en los distintos sitios de la comuna de Rancagua, seg\u00fan los requerimientos que tengamos. Esto ser\u00e1 informado a trav\u00e9s de redes sociales, para que tengan conocimiento d\u00f3nde se encontrar\u00e1n d\u00eda a d\u00eda\u201d.<\/p>\n\n\n\n<p><strong>D\u00f3nde revisar los centros de vacunaci\u00f3n<\/strong><\/p>\n\n\n\n<p>Existen m\u00e1s de 1.200 puntos de vacunaci\u00f3n disponibles en todo el pa\u00eds, puedes revisar tu centro m\u00e1s cercano en MeVacuno.cl. Tambi\u00e9n puedes llamar a Salud Responde al 600 360 77 77, disponible las 24 horas.<\/p>\n","protected":false},"excerpt":{"rendered":"Esta estrategia se desarrolla en trabajo conjunto con la red asistencial Con el objetivo de proteger oportunamente a&hellip;\n","protected":false},"author":1,"featured_media":9506,"comment_status":"open","ping_status":"open","sticky":false,"template":"","format":"standard","meta":{"_monsterinsights_skip_tracking":false,"_monsterinsights_sitenote_active":false,"_monsterinsights_sitenote_note":"","_monsterinsights_sitenote_category":0,"footnotes":""},"categories":[8],"tags":[],"class_list":{"0":"post-9494","1":"post","2":"type-post","3":"status-publish","4":"format-standard","5":"has-post-thumbnail","7":"category-portada"},"aioseo_notices":[],"_links":{"self":[{"href":"https:\/\/www.rengoenlanoticia.cl\/prensa\/wp-json\/wp\/v2\/posts\/9494","targetHints":{"allow":["GET"]}}],"collection":[{"href":"https:\/\/www.rengoenlanoticia.cl\/prensa\/wp-json\/wp\/v2\/posts"}],"about":[{"href":"https:\/\/www.rengoenlanoticia.cl\/prensa\/wp-json\/wp\/v2\/types\/post"}],"author":[{"embeddable":true,"href":"https:\/\/www.rengoenlanoticia.cl\/prensa\/wp-json\/wp\/v2\/users\/1"}],"replies":[{"embeddable":true,"href":"https:\/\/www.rengoenlanoticia.cl\/prensa\/wp-json\/wp\/v2\/comments?post=9494"}],"version-history":[{"count":2,"href":"https:\/\/www.rengoenlanoticia.cl\/prensa\/wp-json\/wp\/v2\/posts\/9494\/revisions"}],"predecessor-version":[{"id":9517,"href":"https:\/\/www.rengoenlanoticia.cl\/prensa\/wp-json\/wp\/v2\/posts\/9494\/revisions\/9517"}],"wp:featuredmedia":[{"embeddable":true,"href":"https:\/\/www.rengoenlanoticia.cl\/prensa\/wp-json\/wp\/v2\/media\/9506"}],"wp:attachment":[{"href":"https:\/\/www.rengoenlanoticia.cl\/prensa\/wp-json\/wp\/v2\/media?parent=9494"}],"wp:term":[{"taxonomy":"category","embeddable":true,"href":"https:\/\/www.rengoenlanoticia.cl\/prensa\/wp-json\/wp\/v2\/categories?post=9494"},{"taxonomy":"post_tag","embeddable":true,"href":"https:\/\/www.rengoenlanoticia.cl\/prensa\/wp-json\/wp\/v2\/tags?post=9494"}],"curies":[{"name":"wp","href":"https:\/\/api.w.org\/{rel}","templated":true}]}}