{"id":9491,"date":"2026-03-02T22:40:39","date_gmt":"2026-03-02T22:40:39","guid":{"rendered":"https:\/\/www.rengoenlanoticia.cl\/prensa\/?p=9491"},"modified":"2026-03-02T22:59:37","modified_gmt":"2026-03-02T22:59:37","slug":"iper-biobio-alcanza-record-historico-empresarios-proyectan-inversion-y-empleo-en-alza-para-2026","status":"publish","type":"post","link":"https:\/\/www.rengoenlanoticia.cl\/prensa\/2026\/03\/02\/iper-biobio-alcanza-record-historico-empresarios-proyectan-inversion-y-empleo-en-alza-para-2026\/","title":{"rendered":"IPER Biob\u00edo alcanza r\u00e9cord hist\u00f3rico: empresarios proyectan inversi\u00f3n y empleo en alza para 2026"},"content":{"rendered":"\n<p>\u00b7\u00a0<\/p>\n\n\n\n<p>\u00a0El sondeo regional revela el mayor optimismo empresarial en 15 a\u00f1os, con proyectos de inversi\u00f3n que apuntan a innovaci\u00f3n, competitividad y generaci\u00f3n de nuevos puestos de trabajo.<\/p>\n\n\n\n<p>\u00a0A m\u00e1s de un a\u00f1o de la implementaci\u00f3n de la Ley de 40 horas, los empresarios advierten que la productividad sigue siendo el gran desaf\u00edo y piden ajustes normativos para armonizar bienestar y competitividad.<\/p>\n\n\n\n<p><strong>Concepci\u00f3n 02 de marzo de 2026.-<\/strong>&nbsp;Tras el an\u00e1lisis de variables clave como inversi\u00f3n, ventas y empleo, los resultados del \u00faltimo \u00cdndice de Percepci\u00f3n Empresarial Regional (IPER Biob\u00edo) \u2014comprendido entre diciembre de 2025 y enero de 2026\u2014 reflejan un comportamiento del indicador que se posiciona en niveles m\u00e1ximos hist\u00f3ricos desde que se inici\u00f3 la medici\u00f3n con 63 puntos.&nbsp;<\/p>\n\n\n\n<p>La edici\u00f3n N\u00b029 del estudio elaborado por la C\u00e1mara de la Producci\u00f3n y del Comercio, CPC Biob\u00edo, junto a la Consultora EY y la Universidad Andr\u00e9s Bello Concepci\u00f3n, recoge la visi\u00f3n estrat\u00e9gica del empresariado regional, con la participaci\u00f3n de 102 ejecutivos de distintos rubros y tama\u00f1os de empresa, destacando la presencia de grandes compa\u00f1\u00edas (70,6%), seguidas por medianas (14,7%), peque\u00f1as (10,8%) y microempresas (3,9%).<\/p>\n\n\n\n<p>Para Ricardo Fuentes, director de Ingenier\u00eda Comercial UNAB, \u201cesta nueva edici\u00f3n del IPER marca el resultado m\u00e1s optimista desde que iniciamos el estudio en 2011. Es un reflejo de un cambio significativo en el \u00e1nimo empresarial, que ahora mira el futuro con mayor convicci\u00f3n, en base a se\u00f1ales concretas\u201d.<\/p>\n\n\n\n<p>\u201cEl IPER no solo sube en su medici\u00f3n, sube en su significado, nos habla de las expectativas est\u00e1n cambiando. El desaf\u00edo ahora es que este optimismo se traduzca en inversi\u00f3n efectiva, empleo de calidad y mayor competitividad para la regi\u00f3n, \u201canaliz\u00f3 el acad\u00e9mico.<\/p>\n\n\n\n<p><strong>Inversi\u00f3n al alza<\/strong><\/p>\n\n\n\n<p>La \u00faltima medici\u00f3n del IPER refleja un marcado optimismo en materia de inversi\u00f3n para el a\u00f1o 2026 en la regi\u00f3n. De acuerdo con los resultados, 57% de los empresarios y ejecutivos encuestados proyecta un aumento de la inversi\u00f3n regional, mientras que un 40% anticipa una disminuci\u00f3n y solo un 3% espera que se mantenga estable. A nivel de empresas e instituciones, la tendencia es igualmente positiva: 50% prev\u00e9 incrementar sus inversiones, frente a un 35% que estima una reducci\u00f3n y un 13% que no realizar\u00e1 nuevas iniciativas.<\/p>\n\n\n\n<p>En cuanto a la magnitud de las inversiones, el estudio muestra que la mayor\u00eda se concentrar\u00e1 en proyectos de hasta US$5 millones (61%), aunque destaca que un 8% de los encuestados planea iniciativas superiores a US$50 millones, reflejando confianza en el potencial de la regi\u00f3n.<\/p>\n\n\n\n<p>Respecto de los objetivos de inversi\u00f3n, los empresarios se\u00f1alan como principales prioridades el aumentar la capacidad de producci\u00f3n (33%), mejorar, desarrollar o introducir nuevos productos y servicios (19%) y automatizar y digitalizar procesos (17%). \u00c1lvaro Anan\u00edas, presidente de CPC Biob\u00edo, asegur\u00f3 que estos objetivos de inversi\u00f3n demuestran que el empresariado est\u00e1 apostando por innovaci\u00f3n y competitividad, claves para el futuro del Biob\u00edo.\u00bb<\/p>\n\n\n\n<p>El l\u00edder de la multigremial analiz\u00f3 los resultados, los que a su juicio confirman que, \u201cpese a un contexto econ\u00f3mico desafiante, el sector empresarial de la zona mantiene una visi\u00f3n de futuro marcada por la confianza y el compromiso con el crecimiento sostenible de la regi\u00f3n. El IPER confirma que la inversi\u00f3n es el motor que puede sostener el crecimiento regional y es por eso que desde el gremio seguiremos impulsando condiciones de certeza y colaboraci\u00f3n p\u00fablico-privada para que estas proyecciones se concreten.\u00bb<\/p>\n\n\n\n<p><strong>Empleo<\/strong><\/p>\n\n\n\n<p>En materia laboral, un 89% de los empresarios cree que el empleo regional aumentar\u00e1 o se mantendr\u00e1 en 2026, y un 62% afirma que sus propias inversiones generar\u00e1n nuevos puestos de trabajo. Este dato es fundamental para una regi\u00f3n con brechas persistentes de empleabilidad.<\/p>\n\n\n\n<p>En cuanto a las remuneraciones, el 68% proyecta aumentos en l\u00ednea con la inflaci\u00f3n y un 18% lo har\u00e1 por sobre ella. Para el acad\u00e9mico, Ricardo Fuentes, \u201cno hay registros de empresas que vayan a reducir sueldos, lo que confirma que el mercado laboral est\u00e1 comenzando a responder al mejor escenario proyectado\u201d.<\/p>\n\n\n\n<p>Consultados por las prioridades de las entidades de fomento para impulsar el desarrollo productivo del Biob\u00edo, los empresarios ponen el foco en la manufactura avanzada e industria 4.0 (52%), seguida por la mayor internacionalizaci\u00f3n de la regi\u00f3n (50%). Para Fuentes, \u201cesto demuestra una visi\u00f3n estrat\u00e9gica alineada con productividad, innovaci\u00f3n y apertura al mundo\u201d.<\/p>\n\n\n\n<p><strong>\u00c1mbito laboral<\/strong><\/p>\n\n\n\n<p>El informe pone especial \u00e9nfasis en el impacto de la agenda legislativa sobre la productividad regional. Tras cumplirse m\u00e1s de un a\u00f1o de la vigencia de la Ley de 40 horas, los ejecutivos evaluaron si sus organizaciones han logrado compensar el menor tiempo de trabajo con una mayor eficiencia productiva.<\/p>\n\n\n\n<p>Mauricio P\u00e9rez Wilson, socio adjunto de Impuestos de EY Concepci\u00f3n destac\u00f3 que \u201cel IPER revela que un sector empresarial reconoce beneficios potenciales en bienestar laboral, pero mantiene dudas significativas respecto a la productividad y al cumplimiento de las metas operativas bajo la reducci\u00f3n de jornada. La transici\u00f3n hacia las 42 horas \u2014y, posteriormente, las 40 horas\u2014 seguir\u00e1 exigiendo transformaciones m\u00e1s profundas en gesti\u00f3n, tecnolog\u00eda y estilos de trabajo para alcanzar una compensaci\u00f3n plena del tiempo reducido.\u201d<\/p>\n\n\n\n<p>Por su parte, Juan Andr\u00e9s Perry, socio de Consultor\u00eda en Personas de EY complement\u00f3 al respecto que \u00abel pr\u00f3ximo cambio se sit\u00faa en un escenario de mayor claridad normativa en cuanto a c\u00f3mo llevar a cabo los cambios regulatorios y contractuales, a c\u00f3mo operar en caso de falta de acuerdo, en c\u00f3mo distribuir la rebaja de jornada y en su impacto en otras materias tales como interrupci\u00f3n diaria y colaci\u00f3n, pero a su vez en un escenario econ\u00f3mico de incertidumbre, desaf\u00edo y necesidades. Todo ello supone el esfuerzo de seguir avanzando en la adopci\u00f3n de estos ajustes normativos procurando lograr la concreci\u00f3n de un modelo de relaciones laborales y de organizaci\u00f3n de modelo de servicios que armonice productividad, bienestar y desarrollo\u00bb.&nbsp;&nbsp;&nbsp;<\/p>\n\n\n\n<p>En relaci\u00f3n con las expectativas de crecimiento, el IPER muestra un repunte en la confianza empresarial: en diciembre de 2025, 79% de los empresarios cree que Chile puede alcanzar un 4% de crecimiento en el mediano plazo, frente a un 68% en junio. Esta alza refleja mejores perspectivas de inversi\u00f3n y un entorno m\u00e1s favorable para el desarrollo productivo.<\/p>\n\n\n\n<p>En contraste, la evaluaci\u00f3n de la situaci\u00f3n actual del Biob\u00edo es cr\u00edtica: 54% la califica como \u201cmala\u201d y 35% como \u201cni buena ni mala\u201d. Sin embargo, las proyecciones son alentadoras: 78% espera que la econom\u00eda regional mejore en los pr\u00f3ximos cuatro a\u00f1os, lo que evidencia confianza en que las inversiones y pol\u00edticas adecuadas permitir\u00e1n revertir el escenario y encaminar al Biob\u00edo hacia un ciclo de crecimiento sostenido.<\/p>\n","protected":false},"excerpt":{"rendered":"\u00b7\u00a0 \u00a0El sondeo regional revela el mayor optimismo empresarial en 15 a\u00f1os, con proyectos de inversi\u00f3n que apuntan&hellip;\n","protected":false},"author":1,"featured_media":9497,"comment_status":"open","ping_status":"open","sticky":false,"template":"","format":"standard","meta":{"_monsterinsights_skip_tracking":false,"_monsterinsights_sitenote_active":false,"_monsterinsights_sitenote_note":"","_monsterinsights_sitenote_category":0,"footnotes":""},"categories":[8],"tags":[],"class_list":{"0":"post-9491","1":"post","2":"type-post","3":"status-publish","4":"format-standard","5":"has-post-thumbnail","7":"category-portada"},"aioseo_notices":[],"_links":{"self":[{"href":"https:\/\/www.rengoenlanoticia.cl\/prensa\/wp-json\/wp\/v2\/posts\/9491","targetHints":{"allow":["GET"]}}],"collection":[{"href":"https:\/\/www.rengoenlanoticia.cl\/prensa\/wp-json\/wp\/v2\/posts"}],"about":[{"href":"https:\/\/www.rengoenlanoticia.cl\/prensa\/wp-json\/wp\/v2\/types\/post"}],"author":[{"embeddable":true,"href":"https:\/\/www.rengoenlanoticia.cl\/prensa\/wp-json\/wp\/v2\/users\/1"}],"replies":[{"embeddable":true,"href":"https:\/\/www.rengoenlanoticia.cl\/prensa\/wp-json\/wp\/v2\/comments?post=9491"}],"version-history":[{"count":3,"href":"https:\/\/www.rengoenlanoticia.cl\/prensa\/wp-json\/wp\/v2\/posts\/9491\/revisions"}],"predecessor-version":[{"id":9513,"href":"https:\/\/www.rengoenlanoticia.cl\/prensa\/wp-json\/wp\/v2\/posts\/9491\/revisions\/9513"}],"wp:featuredmedia":[{"embeddable":true,"href":"https:\/\/www.rengoenlanoticia.cl\/prensa\/wp-json\/wp\/v2\/media\/9497"}],"wp:attachment":[{"href":"https:\/\/www.rengoenlanoticia.cl\/prensa\/wp-json\/wp\/v2\/media?parent=9491"}],"wp:term":[{"taxonomy":"category","embeddable":true,"href":"https:\/\/www.rengoenlanoticia.cl\/prensa\/wp-json\/wp\/v2\/categories?post=9491"},{"taxonomy":"post_tag","embeddable":true,"href":"https:\/\/www.rengoenlanoticia.cl\/prensa\/wp-json\/wp\/v2\/tags?post=9491"}],"curies":[{"name":"wp","href":"https:\/\/api.w.org\/{rel}","templated":true}]}}