{"id":949,"date":"2025-01-12T15:54:42","date_gmt":"2025-01-12T15:54:42","guid":{"rendered":"https:\/\/www.rengoenlanoticia.cl\/prensa\/?p=949"},"modified":"2025-01-12T15:54:44","modified_gmt":"2025-01-12T15:54:44","slug":"avanzan-obras-de-pavimentacion-rural-en-caminos-de-litueche","status":"publish","type":"post","link":"https:\/\/www.rengoenlanoticia.cl\/prensa\/2025\/01\/12\/avanzan-obras-de-pavimentacion-rural-en-caminos-de-litueche\/","title":{"rendered":"AVANZAN OBRAS DE PAVIMENTACI\u00d3N RURAL EN CAMINOS DE LITUECHE"},"content":{"rendered":"\n<p><em>Trabajos contemplan un total de 21,5 kil\u00f3metros de asfalto e implican una inversi\u00f3n sectorial de m\u00e1s de $2.150 millones, beneficiando directamente a las comunidades del secano costero.<\/em><\/p>\n\n\n\n<p>La Direcci\u00f3n regional de Vialidad del MOP O\u2019Higgins, a trav\u00e9s de su equipo de Administraci\u00f3n Directa, est\u00e1 trabajando en la comuna de Litueche con el objetivo de mejorar la conectividad y seguridad vial de los habitantes del secano costero. De esta forma, durante la semana finaliz\u00f3 exitosamente las obras de pavimentaci\u00f3n del camino I-112, sector Hidango, que abarc\u00f3 5,7 kil\u00f3metros con lo que se espera potenciar el desarrollo local y el tur\u00edstico de quienes transitan entre las comunas de Litueche y Navidad.<\/p>\n\n\n\n<p>La seremi de Obras P\u00fablicas, Mar\u00eda de los \u00c1ngeles Latorre, destac\u00f3 la importancia de esta inversi\u00f3n, se\u00f1alando que <strong>\u201ceste asfaltado es una obra que responde directamente a las necesidades de las comunidades de Litueche y Navidad. Con una inversi\u00f3n cercana a los 2.150 millones de pesos, estamos construyendo una infraestructura vial que mejora la calidad de vida de las personas, asegurando desplazamientos m\u00e1s eficientes y seguros. Este es un paso importante hacia un desarrollo m\u00e1s equitativo en nuestra regi\u00f3n\u00bb<\/strong>.<\/p>\n\n\n\n<figure class=\"wp-block-image size-large\"><img decoding=\"async\" src=\"https:\/\/www.rengoenlanoticia.cl\/prensa\/wp-content\/uploads\/2025\/01\/DRON-3-Caminos-Litueche-1024x576.jpg\" alt=\"\" class=\"wp-image-957\"\/><\/figure>\n\n\n\n<p>Por su parte, el Director Regional de Vialidad, Maurice Dintrans, enfatiz\u00f3 que <strong>\u201cestas obras reflejan nuestro compromiso con conectar territorios y brindar caminos m\u00e1s seguros y transitables a sus habitantes. No solo se facilita el traslado diario, sino que tambi\u00e9n se impulsa el desarrollo econ\u00f3mico y tur\u00edstico de la zona\u201d<\/strong>.<\/p>\n\n\n\n<p>Los trabajos en el camino I-112 incluyeron preparaci\u00f3n de la base granular y la aplicaci\u00f3n de \u201cCape Seal\u201d en la superficie de la v\u00eda, con tu total de 7,5 metros de ancho. Adem\u00e1s, se ejecutaron obras en los caminos S\/R I-134, sector Pulin Viejo, y en el camino S\/R I-166, sector El Cuzco, donde se aplic\u00f3 doble lechada asf\u00e1ltica, que en total suman otros 3,7 km de asfalto.<\/p>\n\n\n\n<p><strong>Pr\u00f3ximas obras<\/strong><\/p>\n\n\n\n<p>Adem\u00e1s, la Direcci\u00f3n de Vialidad continuar\u00e1 desarrollando trabajos en Litueche durante el primer trimestre de este a\u00f1o. Estas obras incluyen el mejoramiento del tramo Cruce I-112 (Crucero) \u2013 Topocalma, en el camino I-190, con una extensi\u00f3n de 2,8 kil\u00f3metros; el Cruce I-80-G (San Vicente) \u2013 Cocal\u00e1n \u2013 Cruce I-62-G (Central Rapel), en el camino I-110, con 2,5 kil\u00f3metros; y el Cruce I-132 (Matancilla) \u2013 El Cuzco \u2013 Cruce I-138 (Pul\u00edn), en el camino S\/R I-108, con 2,4 kil\u00f3metros.<\/p>\n\n\n\n<p>Asimismo, el equipo de Administraci\u00f3n Directa intervendr\u00e1 4,5 kil\u00f3metros adicionales en el tramo Cruce I-112 (Crucero) \u2013 Topocalma, camino I-190, sumando un total de 12 kil\u00f3metros de pavimentaci\u00f3n planificada.<\/p>\n\n\n\n<p>La iniciativa responde al compromiso del MOP O\u2019Higgins de mejorar la conectividad vial en las comunas del secano costero, hist\u00f3ricamente postergadas. <strong>\u201cEstas intervenciones no solo contribuyen al desarrollo y turismo local, sino que tambi\u00e9n fortalecen la calidad de vida de sus habitantes, consolidando la zona como un eje estrat\u00e9gico para la conectividad regional\u201d<\/strong>, resalt\u00f3 finalmente la seremi Mar\u00eda de los \u00c1ngeles Latorre.<\/p>\n","protected":false},"excerpt":{"rendered":"Trabajos contemplan un total de 21,5 kil\u00f3metros de asfalto e implican una inversi\u00f3n sectorial de m\u00e1s de $2.150&hellip;\n","protected":false},"author":1,"featured_media":0,"comment_status":"open","ping_status":"open","sticky":false,"template":"","format":"standard","meta":{"_monsterinsights_skip_tracking":false,"_monsterinsights_sitenote_active":false,"_monsterinsights_sitenote_note":"","_monsterinsights_sitenote_category":0,"footnotes":""},"categories":[8],"tags":[],"class_list":{"0":"post-949","1":"post","2":"type-post","3":"status-publish","4":"format-standard","6":"category-portada"},"aioseo_notices":[],"_links":{"self":[{"href":"https:\/\/www.rengoenlanoticia.cl\/prensa\/wp-json\/wp\/v2\/posts\/949","targetHints":{"allow":["GET"]}}],"collection":[{"href":"https:\/\/www.rengoenlanoticia.cl\/prensa\/wp-json\/wp\/v2\/posts"}],"about":[{"href":"https:\/\/www.rengoenlanoticia.cl\/prensa\/wp-json\/wp\/v2\/types\/post"}],"author":[{"embeddable":true,"href":"https:\/\/www.rengoenlanoticia.cl\/prensa\/wp-json\/wp\/v2\/users\/1"}],"replies":[{"embeddable":true,"href":"https:\/\/www.rengoenlanoticia.cl\/prensa\/wp-json\/wp\/v2\/comments?post=949"}],"version-history":[{"count":2,"href":"https:\/\/www.rengoenlanoticia.cl\/prensa\/wp-json\/wp\/v2\/posts\/949\/revisions"}],"predecessor-version":[{"id":959,"href":"https:\/\/www.rengoenlanoticia.cl\/prensa\/wp-json\/wp\/v2\/posts\/949\/revisions\/959"}],"wp:attachment":[{"href":"https:\/\/www.rengoenlanoticia.cl\/prensa\/wp-json\/wp\/v2\/media?parent=949"}],"wp:term":[{"taxonomy":"category","embeddable":true,"href":"https:\/\/www.rengoenlanoticia.cl\/prensa\/wp-json\/wp\/v2\/categories?post=949"},{"taxonomy":"post_tag","embeddable":true,"href":"https:\/\/www.rengoenlanoticia.cl\/prensa\/wp-json\/wp\/v2\/tags?post=949"}],"curies":[{"name":"wp","href":"https:\/\/api.w.org\/{rel}","templated":true}]}}