{"id":945,"date":"2025-01-12T15:48:30","date_gmt":"2025-01-12T15:48:30","guid":{"rendered":"https:\/\/www.rengoenlanoticia.cl\/prensa\/?p=945"},"modified":"2025-01-12T15:48:32","modified_gmt":"2025-01-12T15:48:32","slug":"vigilancia-epidemiologica-2024-2025","status":"publish","type":"post","link":"https:\/\/www.rengoenlanoticia.cl\/prensa\/2025\/01\/12\/vigilancia-epidemiologica-2024-2025\/","title":{"rendered":"Vigilancia epidemiol\u00f3gica 2024-2025"},"content":{"rendered":"\n<p><strong>COANIQUEM cierra campa\u00f1a No m\u00e1s Fuegos Artificiales y reporta 7 menores de edad con quemaduras por esta causa<\/strong><\/p>\n\n\n\n<p><strong><em>Los casos corresponden a pacientes de entre 1 y 13 a\u00f1os de las regiones de Arica y Parinacota, Coquimbo, Valpara\u00edso, Metropolitana, O\u2019Higgins y \u00d1uble, seg\u00fan lo reportado por servicios de atenci\u00f3n en salud p\u00fablicos y privados a nivel nacional, entre el 6 de diciembre de 2024 a causa de fuegos artificiales.<\/em><\/strong><\/p>\n\n\n\n<p>El Presidente Ejecutivo de COANIQUEM, Jorge Rojas Goldsack, junto al Director de la Direcci\u00f3n de Docencia, Extensi\u00f3n, Investigaci\u00f3n y Asuntos Internacionales, Orlando Flores y el General Director de Carabineros, Marcelo Araya realizaron el cierre de la campa\u00f1a No m\u00e1s Fuegos Artificiales y entregaron el balance de la vigilancia epidemiol\u00f3gica de los casos de quemaduras por esta causa en menores de 15 a\u00f1os.<\/p>\n\n\n\n<p>Seg\u00fan los casos notificados a COANIQUEM, por servicios de salud p\u00fablicos y privados a nivel nacional, entre el 6 de diciembre de 2024 y el 6 de enero de 2025; se registraron 7 casos de ni\u00f1os quemados por fuegos artificiales (4 varones y 3 mujeres), 2 menos respecto del per\u00edodo 2023-2024.&nbsp; Las primeras 2 lesiones ocurrieron antes del a\u00f1o nuevo y 5 se produjeron en los d\u00edas 31 de diciembre y 1 de enero.<\/p>\n\n\n\n<p><a>Los casos fueron reportados en las regiones de Arica y Parinacota, Coquimbo, Valpara\u00edso, Metropolitana, O\u2019Higgins y \u00d1uble.<\/a><\/p>\n\n\n\n<p>Desde hace 30 a\u00f1os que COANIQUEM realiza una vigilancia epidemiol\u00f3gica de los casos de quemaduras por fuegos artificiales en menores de 15 a\u00f1os en el periodo comprendido entre el 6 de diciembre y el 6 de enero.<\/p>\n\n\n\n<p>\u201cEste es un momento para acordarnos que podemos trabajar juntos. En un esfuerzo conjunto del Ministerio de Salud, Carabineros de Chile, COANIQUEM, los municipios de nuestro pa\u00eds y otras instituciones, estamos trabajando para que no haya m\u00e1s ni\u00f1os que sufran quemaduras por fuegos artificiales en nuestro pa\u00eds. No podemos bajar los brazos. Es muy doloroso recordar que antes de que se promulgara la Ley 19.680, que proh\u00edbe la compra, venta y uso de Fuegos Artificiales y que fue impulsada por COANIQUEM; en estas fechas ten\u00edamos que lamentar fallecimientos y amputaciones\u201d, sostuvo el Presidente Ejecutivo de la instituci\u00f3n, Jorge Rojas Goldsack.<\/p>\n\n\n\n<p>Por su parte, el General Director de Carabineros, Marcelo Araya, expres\u00f3: \u201cLa prevenci\u00f3n es muy importante y tambi\u00e9n est\u00e1 el control, en el que tenemos que ser fuertes. Vamos a poner nuestro m\u00e1ximo esfuerzo para que estas cifras no aumenten, ojal\u00e1 puedan disminuir, pero habiendo una v\u00edctima, esta situaci\u00f3n ser\u00e1 una preocupaci\u00f3n de todos\u201d.<\/p>\n\n\n\n<p>COANIQUEM llama a no usar, no comprar, no vender fuegos artificiales de uso dom\u00e9stico, seg\u00fan lo exige la ley. Est\u00e1 fue impulsada por la instituci\u00f3n y desde que fue promulgada, en mayo del a\u00f1o 2000, se ha registrado una ca\u00edda del 90% de casos de pacientes con quemaduras por Fuegos Artificiales. Es importante recordar que no hay fuegos artificiales inofensivos, todos tienen el riesgo de provocar quemaduras u otros da\u00f1os.<\/p>\n","protected":false},"excerpt":{"rendered":"COANIQUEM cierra campa\u00f1a No m\u00e1s Fuegos Artificiales y reporta 7 menores de edad con quemaduras por esta causa&hellip;\n","protected":false},"author":1,"featured_media":0,"comment_status":"open","ping_status":"open","sticky":false,"template":"","format":"standard","meta":{"_monsterinsights_skip_tracking":false,"_monsterinsights_sitenote_active":false,"_monsterinsights_sitenote_note":"","_monsterinsights_sitenote_category":0,"footnotes":""},"categories":[1],"tags":[],"class_list":{"0":"post-945","1":"post","2":"type-post","3":"status-publish","4":"format-standard","6":"category-uncategorized"},"aioseo_notices":[],"_links":{"self":[{"href":"https:\/\/www.rengoenlanoticia.cl\/prensa\/wp-json\/wp\/v2\/posts\/945","targetHints":{"allow":["GET"]}}],"collection":[{"href":"https:\/\/www.rengoenlanoticia.cl\/prensa\/wp-json\/wp\/v2\/posts"}],"about":[{"href":"https:\/\/www.rengoenlanoticia.cl\/prensa\/wp-json\/wp\/v2\/types\/post"}],"author":[{"embeddable":true,"href":"https:\/\/www.rengoenlanoticia.cl\/prensa\/wp-json\/wp\/v2\/users\/1"}],"replies":[{"embeddable":true,"href":"https:\/\/www.rengoenlanoticia.cl\/prensa\/wp-json\/wp\/v2\/comments?post=945"}],"version-history":[{"count":2,"href":"https:\/\/www.rengoenlanoticia.cl\/prensa\/wp-json\/wp\/v2\/posts\/945\/revisions"}],"predecessor-version":[{"id":953,"href":"https:\/\/www.rengoenlanoticia.cl\/prensa\/wp-json\/wp\/v2\/posts\/945\/revisions\/953"}],"wp:attachment":[{"href":"https:\/\/www.rengoenlanoticia.cl\/prensa\/wp-json\/wp\/v2\/media?parent=945"}],"wp:term":[{"taxonomy":"category","embeddable":true,"href":"https:\/\/www.rengoenlanoticia.cl\/prensa\/wp-json\/wp\/v2\/categories?post=945"},{"taxonomy":"post_tag","embeddable":true,"href":"https:\/\/www.rengoenlanoticia.cl\/prensa\/wp-json\/wp\/v2\/tags?post=945"}],"curies":[{"name":"wp","href":"https:\/\/api.w.org\/{rel}","templated":true}]}}