{"id":939,"date":"2025-01-10T19:40:00","date_gmt":"2025-01-10T19:40:00","guid":{"rendered":"https:\/\/www.rengoenlanoticia.cl\/prensa\/?p=939"},"modified":"2025-01-10T19:40:03","modified_gmt":"2025-01-10T19:40:03","slug":"alex-ramirez-reelecto-presidente-de-la-comision-de-infraestructura-del-core","status":"publish","type":"post","link":"https:\/\/www.rengoenlanoticia.cl\/prensa\/2025\/01\/10\/alex-ramirez-reelecto-presidente-de-la-comision-de-infraestructura-del-core\/","title":{"rendered":"Alex Ram\u00edrez reelecto presidente de la Comisi\u00f3n de Infraestructura del CORE"},"content":{"rendered":"\n<p>El psic\u00f3logo Alex Ram\u00edrez fue reelecto por unanimidad como presidente de la Comisi\u00f3n de Infraestructura y Obras P\u00fablicas en la primera sesi\u00f3n del Consejo Regional de 2025, un logro significativo para Rengo y la provincia de Cachapoal 2. Rengo recibe buenas noticias con la reelecci\u00f3n del Core Alex Ram\u00edrez, quien fue ratificado como presidente de la Comisi\u00f3n de Infraestructura y Obras P\u00fablicas del Consejo Regional en la sesi\u00f3n inaugural del per\u00edodo 2025-2029.<\/p>\n\n\n\n<p>La votaci\u00f3n, que se llev\u00f3 a cabo con el apoyo un\u00e1nime de sus colegas, subraya la confianza que los consejeros regionales depositan en su liderazgo. Este ser\u00e1 el segundo a\u00f1o consecutivo en el que Ram\u00edrez dirigir\u00e1 una de las comisiones m\u00e1s cruciales para la gesti\u00f3n de recursos en la circunscripci\u00f3n provincial de Cachapoal 2, que abarca importantes proyectos para Rengo: como los colectores de aguas lluvias, el nuevo Hospital de Alta Complejidad y la prolongaci\u00f3n de la Avenida Alonso de Ercilla.<\/p>\n\n\n\n<p>Al respecto, Ram\u00edrez expres\u00f3 su satisfacci\u00f3n por la reelecci\u00f3n: \u00abMe siento muy contento por el apoyo recibido, que es un reflejo claro de la confianza en mi trabajo en el CORE y en la regi\u00f3n. Estoy seguro de que desempe\u00f1ar\u00e9 un buen papel, como lo he hecho en cada desaf\u00edo que se me ha presentado. Es un gran honor presidir una de las comisiones m\u00e1s significativas del Consejo Regional\u00bb.<\/p>\n\n\n\n<p>El presidente reelecto tambi\u00e9n destac\u00f3 la colaboraci\u00f3n entre sus colegas: \u00abQuiero agradecer a todos los que me apoyaron. He recibido un respaldo transversal, tanto del oficialismo como de la oposici\u00f3n. La mayor\u00eda de nosotros trabajamos a diario en un ambiente de unidad, priorizando el bienestar com\u00fan sobre intereses personales. Este fue un acto democr\u00e1tico fundamentado en el respeto y en nuestra intenci\u00f3n de asegurar la continuidad de las actividades de las comisiones\u00bb.<\/p>\n\n\n\n<p>Es relevante mencionar que, en el \u00faltimo mes, la Comisi\u00f3n de Infraestructura y Obras P\u00fablicas, bajo la presidencia de Ram\u00edrez, aprob\u00f3 un importante proyecto de mejora de la conectividad oriente-poniente en San Fernando, lo que refuerza la importancia de su liderazgo en este nuevo per\u00edodo. Cachapoal 2 abarca las comunas de Codegua, Coinco, Coltauco, Do\u00f1ihue, Graneros, Las Cabras, Machal\u00ed, Malloa, Mostazal, Olivar, Peumo, Pichidegua, Quinta de Tilcoco, Rengo, Requinoa y San Vicente de Tagua Tagua.<\/p>\n","protected":false},"excerpt":{"rendered":"El psic\u00f3logo Alex Ram\u00edrez fue reelecto por unanimidad como presidente de la Comisi\u00f3n de Infraestructura y Obras P\u00fablicas&hellip;\n","protected":false},"author":1,"featured_media":0,"comment_status":"open","ping_status":"open","sticky":false,"template":"","format":"standard","meta":{"_monsterinsights_skip_tracking":false,"_monsterinsights_sitenote_active":false,"_monsterinsights_sitenote_note":"","_monsterinsights_sitenote_category":0,"footnotes":""},"categories":[11],"tags":[],"class_list":{"0":"post-939","1":"post","2":"type-post","3":"status-publish","4":"format-standard","6":"category-politica"},"aioseo_notices":[],"_links":{"self":[{"href":"https:\/\/www.rengoenlanoticia.cl\/prensa\/wp-json\/wp\/v2\/posts\/939","targetHints":{"allow":["GET"]}}],"collection":[{"href":"https:\/\/www.rengoenlanoticia.cl\/prensa\/wp-json\/wp\/v2\/posts"}],"about":[{"href":"https:\/\/www.rengoenlanoticia.cl\/prensa\/wp-json\/wp\/v2\/types\/post"}],"author":[{"embeddable":true,"href":"https:\/\/www.rengoenlanoticia.cl\/prensa\/wp-json\/wp\/v2\/users\/1"}],"replies":[{"embeddable":true,"href":"https:\/\/www.rengoenlanoticia.cl\/prensa\/wp-json\/wp\/v2\/comments?post=939"}],"version-history":[{"count":2,"href":"https:\/\/www.rengoenlanoticia.cl\/prensa\/wp-json\/wp\/v2\/posts\/939\/revisions"}],"predecessor-version":[{"id":942,"href":"https:\/\/www.rengoenlanoticia.cl\/prensa\/wp-json\/wp\/v2\/posts\/939\/revisions\/942"}],"wp:attachment":[{"href":"https:\/\/www.rengoenlanoticia.cl\/prensa\/wp-json\/wp\/v2\/media?parent=939"}],"wp:term":[{"taxonomy":"category","embeddable":true,"href":"https:\/\/www.rengoenlanoticia.cl\/prensa\/wp-json\/wp\/v2\/categories?post=939"},{"taxonomy":"post_tag","embeddable":true,"href":"https:\/\/www.rengoenlanoticia.cl\/prensa\/wp-json\/wp\/v2\/tags?post=939"}],"curies":[{"name":"wp","href":"https:\/\/api.w.org\/{rel}","templated":true}]}}