{"id":9376,"date":"2026-02-13T02:04:11","date_gmt":"2026-02-13T02:04:11","guid":{"rendered":"https:\/\/www.rengoenlanoticia.cl\/prensa\/?p=9376"},"modified":"2026-02-13T02:04:13","modified_gmt":"2026-02-13T02:04:13","slug":"senor-director","status":"publish","type":"post","link":"https:\/\/www.rengoenlanoticia.cl\/prensa\/2026\/02\/13\/senor-director\/","title":{"rendered":"Se\u00f1or Director:"},"content":{"rendered":"\n<p>Ya est\u00e1 dicho que el debate en torno al proyecto de sala cuna universal es una oportunidad relevante para avanzar en equidad, corresponsabilidad y mayor participaci\u00f3n laboral femenina. Sin embargo, para que esta pol\u00edtica p\u00fablica cumpla efectivamente su prop\u00f3sito, es clave que su dise\u00f1o considere la realidad del mercado del cuidado infantil y sus din\u00e1micas de costos.<\/p>\n\n\n\n<p>El Estudio de Precios de Salas Cuna 2026 desarrollado por Edenred muestra que, a nivel nacional, la mensualidad promedio aument\u00f3 un 4,2% entre 2025 y 2026, pasando de $484.217 a $504.429. La mayor alza se registr\u00f3 en la Regi\u00f3n de O\u2019Higgins, con un aumento de 6,5%, mientras que las regiones Metropolitana y de Magallanes presentaron incrementos de 4,7%. En contraste, solo dos regiones mostraron bajas: La Araucan\u00eda, con una disminuci\u00f3n de 3,8%, y Tarapac\u00e1, con una variaci\u00f3n marginal de -0,1%.<\/p>\n\n\n\n<p>El an\u00e1lisis tambi\u00e9n evidencia una importante dispersi\u00f3n territorial. La mensualidad promedio m\u00e1s alta se observa en la Regi\u00f3n del Maule, con $547.450, mientras que el valor m\u00e1s bajo corresponde a la Regi\u00f3n de Coquimbo, con $443.448. Estas diferencias reflejan un mercado heterog\u00e9neo, donde los precios no responden a una l\u00f3gica \u00fanica y est\u00e1n influenciados por m\u00faltiples factores locales.<\/p>\n\n\n\n<p>Estos datos son relevantes para el dise\u00f1o de la ley. Un modelo de financiamiento que no considere la evoluci\u00f3n de los precios ni las brechas regionales corre el riesgo de generar distorsiones, trasladar costos inesperados a las empresas o afectar decisiones de contrataci\u00f3n, especialmente en peque\u00f1as y medianas organizaciones.<\/p>\n\n\n\n<p>Avanzar hacia una sala cuna universal es un objetivo compartido y su sostenibilidad depender\u00e1 de una regulaci\u00f3n que combine ampliaci\u00f3n de derechos, viabilidad econ\u00f3mica y una implementaci\u00f3n simple y predecible. Incorporar evidencia concreta permite anticipar efectos no deseados y fortalecer una pol\u00edtica p\u00fablica que busca apoyar a las familias y al desarrollo del pa\u00eds.<\/p>\n\n\n\n<p>Por \u00faltimo, para que este importante proyecto se implemente de manera correcta es necesario generar una colaboraci\u00f3n p\u00fablico privada con altos est\u00e1ndares de calidad que permita garantizar que se cumpla su prop\u00f3sito adecuadamente.<\/p>\n\n\n\n<p>Atentamente,<\/p>\n\n\n\n<p>Gonzalo Silva<\/p>\n\n\n\n<p>Gerente General<\/p>\n\n\n\n<p>Edenred Chile<\/p>\n","protected":false},"excerpt":{"rendered":"Ya est\u00e1 dicho que el debate en torno al proyecto de sala cuna universal es una oportunidad relevante&hellip;\n","protected":false},"author":1,"featured_media":9385,"comment_status":"open","ping_status":"open","sticky":false,"template":"","format":"standard","meta":{"_monsterinsights_skip_tracking":false,"_monsterinsights_sitenote_active":false,"_monsterinsights_sitenote_note":"","_monsterinsights_sitenote_category":0,"footnotes":""},"categories":[8],"tags":[],"class_list":{"0":"post-9376","1":"post","2":"type-post","3":"status-publish","4":"format-standard","5":"has-post-thumbnail","7":"category-portada"},"aioseo_notices":[],"_links":{"self":[{"href":"https:\/\/www.rengoenlanoticia.cl\/prensa\/wp-json\/wp\/v2\/posts\/9376","targetHints":{"allow":["GET"]}}],"collection":[{"href":"https:\/\/www.rengoenlanoticia.cl\/prensa\/wp-json\/wp\/v2\/posts"}],"about":[{"href":"https:\/\/www.rengoenlanoticia.cl\/prensa\/wp-json\/wp\/v2\/types\/post"}],"author":[{"embeddable":true,"href":"https:\/\/www.rengoenlanoticia.cl\/prensa\/wp-json\/wp\/v2\/users\/1"}],"replies":[{"embeddable":true,"href":"https:\/\/www.rengoenlanoticia.cl\/prensa\/wp-json\/wp\/v2\/comments?post=9376"}],"version-history":[{"count":3,"href":"https:\/\/www.rengoenlanoticia.cl\/prensa\/wp-json\/wp\/v2\/posts\/9376\/revisions"}],"predecessor-version":[{"id":9399,"href":"https:\/\/www.rengoenlanoticia.cl\/prensa\/wp-json\/wp\/v2\/posts\/9376\/revisions\/9399"}],"wp:featuredmedia":[{"embeddable":true,"href":"https:\/\/www.rengoenlanoticia.cl\/prensa\/wp-json\/wp\/v2\/media\/9385"}],"wp:attachment":[{"href":"https:\/\/www.rengoenlanoticia.cl\/prensa\/wp-json\/wp\/v2\/media?parent=9376"}],"wp:term":[{"taxonomy":"category","embeddable":true,"href":"https:\/\/www.rengoenlanoticia.cl\/prensa\/wp-json\/wp\/v2\/categories?post=9376"},{"taxonomy":"post_tag","embeddable":true,"href":"https:\/\/www.rengoenlanoticia.cl\/prensa\/wp-json\/wp\/v2\/tags?post=9376"}],"curies":[{"name":"wp","href":"https:\/\/api.w.org\/{rel}","templated":true}]}}