{"id":935,"date":"2025-01-10T19:34:38","date_gmt":"2025-01-10T19:34:38","guid":{"rendered":"https:\/\/www.rengoenlanoticia.cl\/prensa\/?p=935"},"modified":"2025-01-10T19:34:40","modified_gmt":"2025-01-10T19:34:40","slug":"carabineros-informa-a-servicentros-sobre-normativa-para-la-venta-de-combustible-en-bidones-durante-alerta-preventiva","status":"publish","type":"post","link":"https:\/\/www.rengoenlanoticia.cl\/prensa\/2025\/01\/10\/carabineros-informa-a-servicentros-sobre-normativa-para-la-venta-de-combustible-en-bidones-durante-alerta-preventiva\/","title":{"rendered":"Carabineros informa a servicentros sobre normativa para la venta de combustible en bidones durante alerta preventiva"},"content":{"rendered":"\n<p>A ra\u00edz de la alerta preventiva por las altas temperaturas en la Regi\u00f3n de O\u00b4Higgins, Carabineros de la Tenencia El Olivar se encuentra entregando informaci\u00f3n en los servicentros respecto a la normativa que rige la venta de combustible en bidones para zonas declaradas con \u00abalerta Roja\u00bb, seg\u00fan el Servicio Nacional de Prevenci\u00f3n y Respuesta ante Desastres (SENAPRED).<br>Por otra parte, esta acci\u00f3n va de la mano con fiscalizaciones y controles a veh\u00edculos o personas que porten l\u00edquido combustible u otro elemento que pueda ser utilizado perjudicialmente.<br>Se insta a la comunidad a denunciar y entregar cualquier tipo de informaci\u00f3n relacionada con la contingencia.<\/p>\n","protected":false},"excerpt":{"rendered":"A ra\u00edz de la alerta preventiva por las altas temperaturas en la Regi\u00f3n de O\u00b4Higgins, Carabineros de la&hellip;\n","protected":false},"author":1,"featured_media":0,"comment_status":"open","ping_status":"open","sticky":false,"template":"","format":"standard","meta":{"_monsterinsights_skip_tracking":false,"_monsterinsights_sitenote_active":false,"_monsterinsights_sitenote_note":"","_monsterinsights_sitenote_category":0,"footnotes":""},"categories":[5],"tags":[],"class_list":{"0":"post-935","1":"post","2":"type-post","3":"status-publish","4":"format-standard","6":"category-policial"},"aioseo_notices":[],"_links":{"self":[{"href":"https:\/\/www.rengoenlanoticia.cl\/prensa\/wp-json\/wp\/v2\/posts\/935","targetHints":{"allow":["GET"]}}],"collection":[{"href":"https:\/\/www.rengoenlanoticia.cl\/prensa\/wp-json\/wp\/v2\/posts"}],"about":[{"href":"https:\/\/www.rengoenlanoticia.cl\/prensa\/wp-json\/wp\/v2\/types\/post"}],"author":[{"embeddable":true,"href":"https:\/\/www.rengoenlanoticia.cl\/prensa\/wp-json\/wp\/v2\/users\/1"}],"replies":[{"embeddable":true,"href":"https:\/\/www.rengoenlanoticia.cl\/prensa\/wp-json\/wp\/v2\/comments?post=935"}],"version-history":[{"count":2,"href":"https:\/\/www.rengoenlanoticia.cl\/prensa\/wp-json\/wp\/v2\/posts\/935\/revisions"}],"predecessor-version":[{"id":938,"href":"https:\/\/www.rengoenlanoticia.cl\/prensa\/wp-json\/wp\/v2\/posts\/935\/revisions\/938"}],"wp:attachment":[{"href":"https:\/\/www.rengoenlanoticia.cl\/prensa\/wp-json\/wp\/v2\/media?parent=935"}],"wp:term":[{"taxonomy":"category","embeddable":true,"href":"https:\/\/www.rengoenlanoticia.cl\/prensa\/wp-json\/wp\/v2\/categories?post=935"},{"taxonomy":"post_tag","embeddable":true,"href":"https:\/\/www.rengoenlanoticia.cl\/prensa\/wp-json\/wp\/v2\/tags?post=935"}],"curies":[{"name":"wp","href":"https:\/\/api.w.org\/{rel}","templated":true}]}}