{"id":931,"date":"2025-01-10T19:31:45","date_gmt":"2025-01-10T19:31:45","guid":{"rendered":"https:\/\/www.rengoenlanoticia.cl\/prensa\/?p=931"},"modified":"2025-01-10T19:31:48","modified_gmt":"2025-01-10T19:31:48","slug":"sernameg-ohiggins-invita-a-mujeres-del-territorio-a-ser-parte-del-programa-mujer-participacion-politica-y-social","status":"publish","type":"post","link":"https:\/\/www.rengoenlanoticia.cl\/prensa\/2025\/01\/10\/sernameg-ohiggins-invita-a-mujeres-del-territorio-a-ser-parte-del-programa-mujer-participacion-politica-y-social\/","title":{"rendered":"SernamEG O&#8217;Higgins invita a mujeres del territorio a ser parte del Programa Mujer, Participaci\u00f3n Pol\u00edtica y Social"},"content":{"rendered":"\n<p><\/p>\n\n\n\n<p>El Servicio Nacional de la Mujer y la Equidad de G\u00e9nero, tiene una especial invitaci\u00f3n para mujeres organizadas (desde los 15 a\u00f1os) o que son parte de alguna agrupaci\u00f3n social, vecinal, estudiantil, deportiva u otras, a que participen del Programa Mujer, Participaci\u00f3n Pol\u00edtica y Social 2025, el cual tras su reformulaci\u00f3n, entregar\u00e1 herramientas relevantes a las participantes, que buscar\u00e1 reforzar sus liderazgos y habilidades directivas para sus organizaciones.<\/p>\n\n\n\n<p>Este Programa -de car\u00e1cter gratuito- otorgar\u00e1 conocimientos y herramientas te\u00f3rico-pr\u00e1cticas durante 12 meses continuos, en modalidad h\u00edbrida (online y presencial), el cual adem\u00e1s generar\u00e1 espacios para la incidencia efectiva pol\u00edtica y social, situando a las mujeres en espacios claves de toma de decisi\u00f3n y participando en la construcci\u00f3n y desarrollo de pol\u00edticas p\u00fablicas.<\/p>\n\n\n\n<p>&#x1f4cd;Postula en el banner que encontrar\u00e1s en la web www.sernameg.gob.cl<br>&#x1f5d3;&#xfe0f; El plazo de postulaci\u00f3n es hasta el 13 de enero<br>&#x1f514; Todas las participantes egresadas recibir\u00e1n certificado de participaci\u00f3n que acredita los conocimientos adquiridos y las horas cursadas.<br>&#x1f449; Para m\u00e1s informaci\u00f3n sigue las redes sociales:<br>Instagram: sernamegohiggins<br>Facebook: Servicio Nacional de la Mujer y la Equidad de G\u00e9nero O&#8217;HIggins<br>&#x2709;&#xfe0f; M\u00e1s consultas en cjofre@sernameg.gob.cl<\/p>\n","protected":false},"excerpt":{"rendered":"El Servicio Nacional de la Mujer y la Equidad de G\u00e9nero, tiene una especial invitaci\u00f3n para mujeres organizadas&hellip;\n","protected":false},"author":1,"featured_media":0,"comment_status":"open","ping_status":"open","sticky":false,"template":"","format":"standard","meta":{"_monsterinsights_skip_tracking":false,"_monsterinsights_sitenote_active":false,"_monsterinsights_sitenote_note":"","_monsterinsights_sitenote_category":0,"footnotes":""},"categories":[8],"tags":[],"class_list":{"0":"post-931","1":"post","2":"type-post","3":"status-publish","4":"format-standard","6":"category-portada"},"aioseo_notices":[],"_links":{"self":[{"href":"https:\/\/www.rengoenlanoticia.cl\/prensa\/wp-json\/wp\/v2\/posts\/931","targetHints":{"allow":["GET"]}}],"collection":[{"href":"https:\/\/www.rengoenlanoticia.cl\/prensa\/wp-json\/wp\/v2\/posts"}],"about":[{"href":"https:\/\/www.rengoenlanoticia.cl\/prensa\/wp-json\/wp\/v2\/types\/post"}],"author":[{"embeddable":true,"href":"https:\/\/www.rengoenlanoticia.cl\/prensa\/wp-json\/wp\/v2\/users\/1"}],"replies":[{"embeddable":true,"href":"https:\/\/www.rengoenlanoticia.cl\/prensa\/wp-json\/wp\/v2\/comments?post=931"}],"version-history":[{"count":2,"href":"https:\/\/www.rengoenlanoticia.cl\/prensa\/wp-json\/wp\/v2\/posts\/931\/revisions"}],"predecessor-version":[{"id":934,"href":"https:\/\/www.rengoenlanoticia.cl\/prensa\/wp-json\/wp\/v2\/posts\/931\/revisions\/934"}],"wp:attachment":[{"href":"https:\/\/www.rengoenlanoticia.cl\/prensa\/wp-json\/wp\/v2\/media?parent=931"}],"wp:term":[{"taxonomy":"category","embeddable":true,"href":"https:\/\/www.rengoenlanoticia.cl\/prensa\/wp-json\/wp\/v2\/categories?post=931"},{"taxonomy":"post_tag","embeddable":true,"href":"https:\/\/www.rengoenlanoticia.cl\/prensa\/wp-json\/wp\/v2\/tags?post=931"}],"curies":[{"name":"wp","href":"https:\/\/api.w.org\/{rel}","templated":true}]}}