{"id":9299,"date":"2026-02-09T02:04:09","date_gmt":"2026-02-09T02:04:09","guid":{"rendered":"https:\/\/www.rengoenlanoticia.cl\/prensa\/?p=9299"},"modified":"2026-02-09T02:04:10","modified_gmt":"2026-02-09T02:04:10","slug":"servicio-de-salud-ohiggins-presenta-avances-del-futuro-hospital-de-rengo","status":"publish","type":"post","link":"https:\/\/www.rengoenlanoticia.cl\/prensa\/2026\/02\/09\/servicio-de-salud-ohiggins-presenta-avances-del-futuro-hospital-de-rengo\/","title":{"rendered":"Servicio de Salud O\u2019Higgins presenta avances del futuro Hospital de Rengo"},"content":{"rendered":"\n<p>El nuevo recinto contar\u00e1 con 235 camas, helipuerto, Servicio de Oncolog\u00eda y Hemodi\u00e1lisis.En el marco de un Consejo T\u00e9cnico Extraordinario realizado en el Hospital de Rengo, el Servicio de Salud O\u2019Higgins (SSO) present\u00f3 los avances del proyecto del futuro Hospital Dr. Ricardo Valenzuela S\u00e1ez, una iniciativa largamente esperada por la comunidad de Rengo y por las comunas de la Micro\u00e1rea de la Carretera de la Fruta.<\/p>\n\n\n\n<p>La actividad fue encabezada por la directora (s) del Servicio de Salud O\u2019Higgins, Margarita Yercic Bravo, junto a su equipo directivo, y cont\u00f3 con la participaci\u00f3n de la directora (s) del Hospital de Rengo, Dra. Valeria Olavarr\u00eda Manr\u00edquez, adem\u00e1s del equipo directivo local, jefaturas de servicio, profesionales de enfermer\u00eda y matroner\u00eda, quienes conocieron en detalle los alcances de este relevante proyecto de infraestructura hospitalaria.<\/p>\n\n\n\n<figure class=\"wp-block-image size-large\"><img loading=\"lazy\" decoding=\"async\" width=\"1024\" height=\"551\" src=\"https:\/\/www.rengoenlanoticia.cl\/prensa\/wp-content\/uploads\/2026\/02\/Hospital-Nuevo-5-1024x551.jpg\" alt=\"\" class=\"wp-image-9301\" srcset=\"https:\/\/www.rengoenlanoticia.cl\/prensa\/wp-content\/uploads\/2026\/02\/Hospital-Nuevo-5-1024x551.jpg 1024w, https:\/\/www.rengoenlanoticia.cl\/prensa\/wp-content\/uploads\/2026\/02\/Hospital-Nuevo-5-300x161.jpg 300w, https:\/\/www.rengoenlanoticia.cl\/prensa\/wp-content\/uploads\/2026\/02\/Hospital-Nuevo-5-768x413.jpg 768w, https:\/\/www.rengoenlanoticia.cl\/prensa\/wp-content\/uploads\/2026\/02\/Hospital-Nuevo-5-1536x827.jpg 1536w, https:\/\/www.rengoenlanoticia.cl\/prensa\/wp-content\/uploads\/2026\/02\/Hospital-Nuevo-5-110x59.jpg 110w, https:\/\/www.rengoenlanoticia.cl\/prensa\/wp-content\/uploads\/2026\/02\/Hospital-Nuevo-5-200x108.jpg 200w, https:\/\/www.rengoenlanoticia.cl\/prensa\/wp-content\/uploads\/2026\/02\/Hospital-Nuevo-5-380x204.jpg 380w, https:\/\/www.rengoenlanoticia.cl\/prensa\/wp-content\/uploads\/2026\/02\/Hospital-Nuevo-5-255x137.jpg 255w, https:\/\/www.rengoenlanoticia.cl\/prensa\/wp-content\/uploads\/2026\/02\/Hospital-Nuevo-5-550x296.jpg 550w, https:\/\/www.rengoenlanoticia.cl\/prensa\/wp-content\/uploads\/2026\/02\/Hospital-Nuevo-5-800x431.jpg 800w, https:\/\/www.rengoenlanoticia.cl\/prensa\/wp-content\/uploads\/2026\/02\/Hospital-Nuevo-5-1160x624.jpg 1160w, https:\/\/www.rengoenlanoticia.cl\/prensa\/wp-content\/uploads\/2026\/02\/Hospital-Nuevo-5.jpg 1600w\" sizes=\"auto, (max-width: 1024px) 100vw, 1024px\" \/><\/figure>\n\n\n\n<p>El nuevo establecimiento contempla un est\u00e1ndar de alta complejidad, con 235 camas, siete pabellones quir\u00fargicos, helipuerto, Servicio de Oncolog\u00eda y Hemodi\u00e1lisis, lo que permitir\u00e1 fortalecer de manera significativa la atenci\u00f3n de salud para la poblaci\u00f3n del territorio.<\/p>\n\n\n\n<p>Al respecto, la directora (s) del Servicio de Salud O\u2019Higgins, Margarita Yercic Bravo, destac\u00f3 la importancia de esta instancia para transparentar el estado del proyecto y socializarlo con la comunidad funcionaria. \u201cHoy estamos en el Hospital de Rengo presentando los avances de este anhelado proyecto, socializando su impacto y alcances, e incorporando la mirada de los funcionarios en algunos aspectos del dise\u00f1o m\u00e9dico-arquitect\u00f3nico. Durante el a\u00f1o esperamos seguir compartiendo estos avances e invitar tambi\u00e9n a la comunidad de Rengo y de las comunas de la micro\u00e1rea a conocer en terreno el dise\u00f1o de su nuevo hospital, un sue\u00f1o largamente esperado\u201d, se\u00f1al\u00f3.<\/p>\n\n\n\n<p>Por su parte, la directora (s) del Hospital de Rengo, Dra. Valeria Olavarr\u00eda Manr\u00edquez, valor\u00f3 el impacto que tendr\u00e1 esta nueva infraestructura tanto para los funcionarios como para los usuarios.<\/p>\n\n\n\n<p>\u201cEste proyecto es una tremenda oportunidad para entregar una atenci\u00f3n m\u00e1s oportuna y de mayor calidad, ampliar nuestra cartera de servicios y contar con mejor tecnolog\u00eda e infraestructura. Hoy pudimos conocer avances concretos, con planimetr\u00eda y modelos 3D, que muestran claramente el crecimiento del hospital, pasando de 104 a 235 camas y de tres a siete pabellones\u201d, indic\u00f3.<\/p>\n\n\n\n<p>En la misma l\u00ednea, la subdirectora (s) de Gesti\u00f3n del Cuidado de Enfermer\u00eda del Hospital de Rengo, Katerine Aceituno, expres\u00f3 su satisfacci\u00f3n tras la presentaci\u00f3n \u201cestamos muy contentos con la exposici\u00f3n; era lo que esper\u00e1bamos: conocer lo que viene y las proyecciones futuras. La infraestructura actual ya nos qued\u00f3 peque\u00f1a y tenemos muchas esperanzas en lo que ser\u00e1 este nuevo hospital y los beneficios que traer\u00e1 tanto para los equipos de salud como para la comunidad\u201d.<\/p>\n\n\n\n<p>Desde la mirada de los trabajadores, el presidente (s) de FENATS base Rengo, Pedro Mardones, calific\u00f3 la iniciativa como un avance relevante para el territorio. \u201cEste proyecto es un gran logro para Rengo, para los funcionarios y para toda la micro\u00e1rea. Los espacios est\u00e1n bien dimensionados y aunque existen limitaciones para realizar modificaciones, representa una gran oportunidad para mejorar las condiciones laborales y la atenci\u00f3n que se entrega a la comunidad\u201d, concluy\u00f3.<\/p>\n","protected":false},"excerpt":{"rendered":"El nuevo recinto contar\u00e1 con 235 camas, helipuerto, Servicio de Oncolog\u00eda y Hemodi\u00e1lisis.En el marco de un Consejo&hellip;\n","protected":false},"author":1,"featured_media":9302,"comment_status":"open","ping_status":"open","sticky":false,"template":"","format":"standard","meta":{"_monsterinsights_skip_tracking":false,"_monsterinsights_sitenote_active":false,"_monsterinsights_sitenote_note":"","_monsterinsights_sitenote_category":0,"footnotes":""},"categories":[8],"tags":[],"class_list":{"0":"post-9299","1":"post","2":"type-post","3":"status-publish","4":"format-standard","5":"has-post-thumbnail","7":"category-portada"},"aioseo_notices":[],"_links":{"self":[{"href":"https:\/\/www.rengoenlanoticia.cl\/prensa\/wp-json\/wp\/v2\/posts\/9299","targetHints":{"allow":["GET"]}}],"collection":[{"href":"https:\/\/www.rengoenlanoticia.cl\/prensa\/wp-json\/wp\/v2\/posts"}],"about":[{"href":"https:\/\/www.rengoenlanoticia.cl\/prensa\/wp-json\/wp\/v2\/types\/post"}],"author":[{"embeddable":true,"href":"https:\/\/www.rengoenlanoticia.cl\/prensa\/wp-json\/wp\/v2\/users\/1"}],"replies":[{"embeddable":true,"href":"https:\/\/www.rengoenlanoticia.cl\/prensa\/wp-json\/wp\/v2\/comments?post=9299"}],"version-history":[{"count":3,"href":"https:\/\/www.rengoenlanoticia.cl\/prensa\/wp-json\/wp\/v2\/posts\/9299\/revisions"}],"predecessor-version":[{"id":9305,"href":"https:\/\/www.rengoenlanoticia.cl\/prensa\/wp-json\/wp\/v2\/posts\/9299\/revisions\/9305"}],"wp:featuredmedia":[{"embeddable":true,"href":"https:\/\/www.rengoenlanoticia.cl\/prensa\/wp-json\/wp\/v2\/media\/9302"}],"wp:attachment":[{"href":"https:\/\/www.rengoenlanoticia.cl\/prensa\/wp-json\/wp\/v2\/media?parent=9299"}],"wp:term":[{"taxonomy":"category","embeddable":true,"href":"https:\/\/www.rengoenlanoticia.cl\/prensa\/wp-json\/wp\/v2\/categories?post=9299"},{"taxonomy":"post_tag","embeddable":true,"href":"https:\/\/www.rengoenlanoticia.cl\/prensa\/wp-json\/wp\/v2\/tags?post=9299"}],"curies":[{"name":"wp","href":"https:\/\/api.w.org\/{rel}","templated":true}]}}