{"id":926,"date":"2025-01-10T19:20:22","date_gmt":"2025-01-10T19:20:22","guid":{"rendered":"https:\/\/www.rengoenlanoticia.cl\/prensa\/?p=926"},"modified":"2025-01-10T19:20:24","modified_gmt":"2025-01-10T19:20:24","slug":"historico-carabineros-decomisa-844-kilos-de-metanfetamina-y-desarticula-laboratorio-de-cristalizacion-de-la-sustancia","status":"publish","type":"post","link":"https:\/\/www.rengoenlanoticia.cl\/prensa\/2025\/01\/10\/historico-carabineros-decomisa-844-kilos-de-metanfetamina-y-desarticula-laboratorio-de-cristalizacion-de-la-sustancia\/","title":{"rendered":"HISTORICO: Carabineros decomisa 844 kilos de Metanfetamina y desarticula laboratorio de cristalizaci\u00f3n de la sustancia"},"content":{"rendered":"\n<p><\/p>\n\n\n\n<p>Efectivos del OS7 de Carabineros en conjunto con la Fiscal\u00eda Local de Antofagasta, Aduanas y Directemar, lograron la desarticulaci\u00f3n de una organizaci\u00f3n internacional mexicana que hab\u00eda ingresado al pa\u00eds y estaba en proceso de elaboraci\u00f3n de Metanfetamina en Cristales.<\/p>\n\n\n\n<p>La operaci\u00f3n denominada \u00abCristales del Pac\u00edfico\u00bb llevaba m\u00e1s de 8 meses de investigaci\u00f3n por el Ministerio P\u00fablico y Carabineros quienes detectaron a la organizaci\u00f3n de origen mexicano quienes ingresaron la droga al pa\u00eds escondida en tinajas de pintura v\u00eda mar\u00edtima desde el puerto de Manzanillo hacia el puerto de Valpara\u00edso.<\/p>\n\n\n\n<p>Tras detectar las maniobras de la organizaci\u00f3n se logr\u00f3 determinar el lugar donde llegaban las tinajas con la droga para ser procesada y cristalizada mejorando su pureza para ser exportada al mercado Europeo y de Ocean\u00eda.<\/p>\n\n\n\n<figure class=\"wp-block-image size-large\"><img decoding=\"async\" src=\"https:\/\/www.rengoenlanoticia.cl\/prensa\/wp-content\/uploads\/2025\/01\/WhatsApp-Image-2025-01-10-at-11.17.26-1-1024x723.jpeg\" alt=\"\" class=\"wp-image-927\"\/><\/figure>\n\n\n\n<p>En una parcela de la Sexta Regi\u00f3n se logr\u00f3 detener a los dos blancos investigados de nacionalidad mexicana<\/p>\n\n\n\n<p>Finalmente la operaci\u00f3n \u00bb Cristales del Pac\u00edfico\u00bb logr\u00f3 incautar la hist\u00f3rica cantidad de 844 kilos de metanfetaminas en estado s\u00f3lido y l\u00edquido. La cantidad m\u00e1s grande descubierta en Chile.<\/p>\n\n\n\n<p>Adem\u00e1s se encontraron 90 lts. de Acetona, precursor qu\u00edmico empleado para la cristalizaci\u00f3n de la metanfetamina.<\/p>\n\n\n\n<ul class=\"wp-block-list\">\n<li>Cocinillas, cilindros de gas, y diversos implementos de uso qu\u00edmico utilizados para el proceso de s\u00edntesis de esta droga. El aval\u00fao total de esta droga puesta en el mercado europeo bordear\u00eda los 16,8 millones de d\u00f3lares americanos (20 mil d\u00f3lares x kilo); mientras que su monto aumentar\u00eda considerablemente si su comercializaci\u00f3n ilegal fuese en ocean\u00eda, cuyo valor ascender\u00eda a los 160,3 millones de d\u00f3lares americanos (190 mil d\u00f3lares x kilo), seg\u00fan reporte obtenido desde agencias internacionales.<\/li>\n<\/ul>\n","protected":false},"excerpt":{"rendered":"Efectivos del OS7 de Carabineros en conjunto con la Fiscal\u00eda Local de Antofagasta, Aduanas y Directemar, lograron la&hellip;\n","protected":false},"author":1,"featured_media":0,"comment_status":"open","ping_status":"open","sticky":false,"template":"","format":"standard","meta":{"_monsterinsights_skip_tracking":false,"_monsterinsights_sitenote_active":false,"_monsterinsights_sitenote_note":"","_monsterinsights_sitenote_category":0,"footnotes":""},"categories":[5],"tags":[],"class_list":{"0":"post-926","1":"post","2":"type-post","3":"status-publish","4":"format-standard","6":"category-policial"},"aioseo_notices":[],"_links":{"self":[{"href":"https:\/\/www.rengoenlanoticia.cl\/prensa\/wp-json\/wp\/v2\/posts\/926","targetHints":{"allow":["GET"]}}],"collection":[{"href":"https:\/\/www.rengoenlanoticia.cl\/prensa\/wp-json\/wp\/v2\/posts"}],"about":[{"href":"https:\/\/www.rengoenlanoticia.cl\/prensa\/wp-json\/wp\/v2\/types\/post"}],"author":[{"embeddable":true,"href":"https:\/\/www.rengoenlanoticia.cl\/prensa\/wp-json\/wp\/v2\/users\/1"}],"replies":[{"embeddable":true,"href":"https:\/\/www.rengoenlanoticia.cl\/prensa\/wp-json\/wp\/v2\/comments?post=926"}],"version-history":[{"count":2,"href":"https:\/\/www.rengoenlanoticia.cl\/prensa\/wp-json\/wp\/v2\/posts\/926\/revisions"}],"predecessor-version":[{"id":930,"href":"https:\/\/www.rengoenlanoticia.cl\/prensa\/wp-json\/wp\/v2\/posts\/926\/revisions\/930"}],"wp:attachment":[{"href":"https:\/\/www.rengoenlanoticia.cl\/prensa\/wp-json\/wp\/v2\/media?parent=926"}],"wp:term":[{"taxonomy":"category","embeddable":true,"href":"https:\/\/www.rengoenlanoticia.cl\/prensa\/wp-json\/wp\/v2\/categories?post=926"},{"taxonomy":"post_tag","embeddable":true,"href":"https:\/\/www.rengoenlanoticia.cl\/prensa\/wp-json\/wp\/v2\/tags?post=926"}],"curies":[{"name":"wp","href":"https:\/\/api.w.org\/{rel}","templated":true}]}}