{"id":9160,"date":"2026-01-29T10:39:12","date_gmt":"2026-01-29T10:39:12","guid":{"rendered":"https:\/\/www.rengoenlanoticia.cl\/prensa\/?p=9160"},"modified":"2026-01-29T10:45:19","modified_gmt":"2026-01-29T10:45:19","slug":"sebv-ohiggins-detiene-a-tres-personas-en-pichilemu-por-ordenes-vigentes-y-vehiculo-robado","status":"publish","type":"post","link":"https:\/\/www.rengoenlanoticia.cl\/prensa\/2026\/01\/29\/sebv-ohiggins-detiene-a-tres-personas-en-pichilemu-por-ordenes-vigentes-y-vehiculo-robado\/","title":{"rendered":"SEBV O\u2019Higgins detiene a tres personas en Pichilemu por \u00f3rdenes vigentes y veh\u00edculo robado"},"content":{"rendered":"\n<p>En el marco de diligencias orientadas a la ubicaci\u00f3n de personas pr\u00f3fugas de la justicia, Carabineros especializados de la Secci\u00f3n de B\u00fasqueda y Encargo de Veh\u00edculos (SEBV) de la Regi\u00f3n de O\u2019Higgins realiz\u00f3 un amplio operativo durante los d\u00edas 27 y 28 de enero, en la comuna de Pichilemu, logrando la detenci\u00f3n de tres personas.<br>En el operativo, previas diligencias investigativas, se ubic\u00f3 y detuvo a dos hombres adultos que manten\u00edan \u00f3rdenes de detenci\u00f3n vigentes por los delitos de microtr\u00e1fico y amenazas simples.<br>Durante el operativo adem\u00e1s se detuvo a una mujer que manten\u00eda en su poder un autom\u00f3vil con placas patentes de fabricaci\u00f3n artesanal. Tras la verificaci\u00f3n realizada por el personal policial, se estableci\u00f3 que el veh\u00edculo registraba encargo vigente por el delito de robo de veh\u00edculo motorizado, hecho ocurrido el a\u00f1o 2022 en la comuna de Maip\u00fa.<br>Las tres personas detenidas fueron puestas a disposici\u00f3n del Ministerio P\u00fablico para su respectivo control de detenci\u00f3n.<\/p>\n","protected":false},"excerpt":{"rendered":"En el marco de diligencias orientadas a la ubicaci\u00f3n de personas pr\u00f3fugas de la justicia, Carabineros especializados de&hellip;\n","protected":false},"author":1,"featured_media":9162,"comment_status":"open","ping_status":"open","sticky":false,"template":"","format":"standard","meta":{"_monsterinsights_skip_tracking":false,"_monsterinsights_sitenote_active":false,"_monsterinsights_sitenote_note":"","_monsterinsights_sitenote_category":0,"footnotes":""},"categories":[5,8],"tags":[],"class_list":{"0":"post-9160","1":"post","2":"type-post","3":"status-publish","4":"format-standard","5":"has-post-thumbnail","7":"category-policial","8":"category-portada"},"aioseo_notices":[],"_links":{"self":[{"href":"https:\/\/www.rengoenlanoticia.cl\/prensa\/wp-json\/wp\/v2\/posts\/9160","targetHints":{"allow":["GET"]}}],"collection":[{"href":"https:\/\/www.rengoenlanoticia.cl\/prensa\/wp-json\/wp\/v2\/posts"}],"about":[{"href":"https:\/\/www.rengoenlanoticia.cl\/prensa\/wp-json\/wp\/v2\/types\/post"}],"author":[{"embeddable":true,"href":"https:\/\/www.rengoenlanoticia.cl\/prensa\/wp-json\/wp\/v2\/users\/1"}],"replies":[{"embeddable":true,"href":"https:\/\/www.rengoenlanoticia.cl\/prensa\/wp-json\/wp\/v2\/comments?post=9160"}],"version-history":[{"count":2,"href":"https:\/\/www.rengoenlanoticia.cl\/prensa\/wp-json\/wp\/v2\/posts\/9160\/revisions"}],"predecessor-version":[{"id":9166,"href":"https:\/\/www.rengoenlanoticia.cl\/prensa\/wp-json\/wp\/v2\/posts\/9160\/revisions\/9166"}],"wp:featuredmedia":[{"embeddable":true,"href":"https:\/\/www.rengoenlanoticia.cl\/prensa\/wp-json\/wp\/v2\/media\/9162"}],"wp:attachment":[{"href":"https:\/\/www.rengoenlanoticia.cl\/prensa\/wp-json\/wp\/v2\/media?parent=9160"}],"wp:term":[{"taxonomy":"category","embeddable":true,"href":"https:\/\/www.rengoenlanoticia.cl\/prensa\/wp-json\/wp\/v2\/categories?post=9160"},{"taxonomy":"post_tag","embeddable":true,"href":"https:\/\/www.rengoenlanoticia.cl\/prensa\/wp-json\/wp\/v2\/tags?post=9160"}],"curies":[{"name":"wp","href":"https:\/\/api.w.org\/{rel}","templated":true}]}}