{"id":916,"date":"2025-01-10T17:40:26","date_gmt":"2025-01-10T17:40:26","guid":{"rendered":"https:\/\/www.rengoenlanoticia.cl\/prensa\/?p=916"},"modified":"2025-01-10T17:40:28","modified_gmt":"2025-01-10T17:40:28","slug":"declaran-alerta-roja-en-region-de-ohiggins-ante-calor-extremo","status":"publish","type":"post","link":"https:\/\/www.rengoenlanoticia.cl\/prensa\/2025\/01\/10\/declaran-alerta-roja-en-region-de-ohiggins-ante-calor-extremo\/","title":{"rendered":"Declaran Alerta Roja en Regi\u00f3n de O\u2019Higgins ante calor extremo"},"content":{"rendered":"\n<p>Durante tercera mesa t\u00e9cnica en Senapred -realizada esta ma\u00f1ana- se informaron medidas por altas temperaturas y el trabajo efectuado a trav\u00e9s del \u201cgolpe \u00fanico\u201d.<strong><\/strong><\/p>\n\n\n\n<p>Los pron\u00f3sticos de altas temperaturas anunciadas por la Direcci\u00f3n Meteorol\u00f3gica de Chile (DMC), desde Coquimbo a los R\u00edos, se est\u00e1n cumpliendo con creces, y producto de ello, el Delegado Presidencial de O\u2019Higgins, Fabio L\u00f3pez, anunci\u00f3 la declaraci\u00f3n de Alerta Rojo Regional por Calor Extremo, a partir de este viernes 10 de enero, ya que las temperaturas podr\u00edan llegar entre los 37 y 39 grados en algunos sectores.<\/p>\n\n\n\n<p>Lo anterior fue informado durante la tercera mesa t\u00e9cnica regional por altas temperaturas en Senapred, donde la autoridad indic\u00f3 que qued\u00f3 sin efecto la Alerta Amarilla Regional por Calor Intenso que estaba vigente desde el 9 de enero, ya que existe un probable riesgo para la poblaci\u00f3n por las condiciones extremas de calor, que podr\u00edan afectar la salud de las personas, y tener impactos en otros sectores.<\/p>\n\n\n\n<p>Durante la mesa t\u00e9cnica, donde participaron diversos servicios p\u00fablicos y privados que tienen relaci\u00f3n con las emergencias, se indic\u00f3 que con la declaraci\u00f3n de Alerta Roja Regional se activan en forma preventiva los Comit\u00e9s Provinciales y Comunales de Gesti\u00f3n de Riesgo y Desastre de Emergencia, asimismo, los puntos de enlaces de coordinaci\u00f3n y la planificaci\u00f3n de operaciones de emergencia, con una efectiva informaci\u00f3n a la comunidad. A ello se suma que por la Alerta Roja Regional, los servicios p\u00fablicos deber\u00e1n adoptar las medidas establecidas en el Plan Nacional de Emergencia por \u201cAmenaza de Calor Extremo\u201d.<\/p>\n\n\n\n<p>Asimismo, el Sistema Nacional para la Prevenci\u00f3n Mitigaci\u00f3n y Atenci\u00f3n a Desastre (SINAPRED) deber\u00e1 mantener las coordinaciones acordes a los niveles de alerta vigente, especialmente destinadas al control de los incendios activos. Adem\u00e1s, se deber\u00e1n mantener alistados los recursos para disponer de ellos de manera escalonada en el caso de ser requeridos.<\/p>\n\n\n\n<figure class=\"wp-block-image size-large\"><img decoding=\"async\" src=\"https:\/\/www.rengoenlanoticia.cl\/prensa\/wp-content\/uploads\/2025\/01\/WhatsApp-Image-2025-01-10-at-12.53.30-1024x576.jpeg\" alt=\"\" class=\"wp-image-918\"\/><\/figure>\n\n\n\n<p>En la reuni\u00f3n, donde la Mesa T\u00e9cnica se conect\u00f3 en forma online con autoridades nacionales, el Delegado Presidencial resalt\u00f3 que \u201choy hemos participado de mesa t\u00e9cnica nacional, donde la Ministra Carolina Toh\u00e1 ha sido muy clara en indicar que hay que tomar medidas y prepararnos a\u00fan m\u00e1s ante las horas que vienen y que van a significar muchos riesgos para las personas y riesgos tambi\u00e9n de incendios. Nosotros como regi\u00f3n nos hemos preparado para ello, en especial con el aumento que hemos tenido de incendios forestales, y por ello hemos sido constantes en el llamado a la prevenci\u00f3n, a la conciencia de las personas y a evitar conductas de riesgo\u201d.<\/p>\n\n\n\n<p>A\u00f1adi\u00f3 Fabio L\u00f3pez que \u201ceste aumento de incendios forestales, que con el calor extremo podr\u00edan potenciarse aun m\u00e1s, ha logrado ser combatido desde el inicio, y por ello aunque son m\u00e1s los incendios que hemos tenido en comparaci\u00f3n a la temporada del a\u00f1o anterior, la superficie consumida es menor. Y ello es gracias a la estrategia de golpe \u00fanico, donde los recursos y la capacidad de respuesta se aplican con fuerza desde el principio del incendio y as\u00ed se evita que se expanda. Pero nada es infinito en recursos, y no podemos tener muchos golpes \u00fanicos. Y hoy, tal como indicaba la Ministra Toh\u00e1, estamos frente a una ola de calor que aumentar\u00e1 el riesgo\u201d.<\/p>\n\n\n\n<p>Respecto a lo anterior, la autoridad llam\u00f3 a protegerse del sol, a estar hidratados permanentemente, a evitar estar en lugares abiertos donde no hay protecci\u00f3n, y a aplicar estas recomendaciones en especial en ni\u00f1os, adultos mayores y enfermos cr\u00f3nicos. Asimismo, inst\u00f3 a empleadores a tener presentes las condiciones clim\u00e1ticas en faenas agr\u00edcolas y en el \u00e1rea de la construcci\u00f3n, donde debe primar la salud de los trabajadores.<\/p>\n\n\n\n<p>Finalmente, el Delegado Fabio L\u00f3pez coment\u00f3 que \u201cnos mantendremos atentos a la situaci\u00f3n ante este calor extremo, monitoreando el trabajo de preparaci\u00f3n que se ha desarrollado, manteniendo una constante comunicaci\u00f3n de riesgo, y avanzando en la coordinaci\u00f3n de las acciones de respuestas oportunas que permitan mitigar los posibles efectos de las altas temperaturas que nos afectar\u00e1n con fuerza en los pr\u00f3ximos d\u00edas\u201d.<\/p>\n\n\n\n<p>Por su parte, el director regional de Conaf, \u00d3scar Galdamez dijo que \u201cen la regi\u00f3n hoy no tenemos incendios activos, y contamos con 25 brigadas, cuatro helic\u00f3pteros, dos aviones de combate, 11 camiones aljibes y cinco skidders. Tambi\u00e9n tenemos un avi\u00f3n de observaci\u00f3n y un avi\u00f3n de coordinaci\u00f3n ac\u00e1 en la regi\u00f3n. A ello se suman cerca de 400 brigadistas, dos brigadas del Ej\u00e9rcito y el constante apoyo de Bomberos y Senapred. Estamos realizando patrullajes preventivos y movilizamos un helic\u00f3ptero hasta Pumanque que ten\u00edamos en el sector de Los Lirios\u201d.<\/p>\n","protected":false},"excerpt":{"rendered":"Durante tercera mesa t\u00e9cnica en Senapred -realizada esta ma\u00f1ana- se informaron medidas por altas temperaturas y el trabajo&hellip;\n","protected":false},"author":1,"featured_media":0,"comment_status":"open","ping_status":"open","sticky":false,"template":"","format":"standard","meta":{"_monsterinsights_skip_tracking":false,"_monsterinsights_sitenote_active":false,"_monsterinsights_sitenote_note":"","_monsterinsights_sitenote_category":0,"footnotes":""},"categories":[8],"tags":[],"class_list":{"0":"post-916","1":"post","2":"type-post","3":"status-publish","4":"format-standard","6":"category-portada"},"aioseo_notices":[],"_links":{"self":[{"href":"https:\/\/www.rengoenlanoticia.cl\/prensa\/wp-json\/wp\/v2\/posts\/916","targetHints":{"allow":["GET"]}}],"collection":[{"href":"https:\/\/www.rengoenlanoticia.cl\/prensa\/wp-json\/wp\/v2\/posts"}],"about":[{"href":"https:\/\/www.rengoenlanoticia.cl\/prensa\/wp-json\/wp\/v2\/types\/post"}],"author":[{"embeddable":true,"href":"https:\/\/www.rengoenlanoticia.cl\/prensa\/wp-json\/wp\/v2\/users\/1"}],"replies":[{"embeddable":true,"href":"https:\/\/www.rengoenlanoticia.cl\/prensa\/wp-json\/wp\/v2\/comments?post=916"}],"version-history":[{"count":2,"href":"https:\/\/www.rengoenlanoticia.cl\/prensa\/wp-json\/wp\/v2\/posts\/916\/revisions"}],"predecessor-version":[{"id":920,"href":"https:\/\/www.rengoenlanoticia.cl\/prensa\/wp-json\/wp\/v2\/posts\/916\/revisions\/920"}],"wp:attachment":[{"href":"https:\/\/www.rengoenlanoticia.cl\/prensa\/wp-json\/wp\/v2\/media?parent=916"}],"wp:term":[{"taxonomy":"category","embeddable":true,"href":"https:\/\/www.rengoenlanoticia.cl\/prensa\/wp-json\/wp\/v2\/categories?post=916"},{"taxonomy":"post_tag","embeddable":true,"href":"https:\/\/www.rengoenlanoticia.cl\/prensa\/wp-json\/wp\/v2\/tags?post=916"}],"curies":[{"name":"wp","href":"https:\/\/api.w.org\/{rel}","templated":true}]}}