{"id":9139,"date":"2026-01-28T11:34:36","date_gmt":"2026-01-28T11:34:36","guid":{"rendered":"https:\/\/www.rengoenlanoticia.cl\/prensa\/?p=9139"},"modified":"2026-01-28T11:34:38","modified_gmt":"2026-01-28T11:34:38","slug":"minvu-reconoce-a-villa-los-jardines-de-quinta-de-tilcoco-como-el-proyecto-industrializado-de-ejecucion-mas-rapida-en-el-pais","status":"publish","type":"post","link":"https:\/\/www.rengoenlanoticia.cl\/prensa\/2026\/01\/28\/minvu-reconoce-a-villa-los-jardines-de-quinta-de-tilcoco-como-el-proyecto-industrializado-de-ejecucion-mas-rapida-en-el-pais\/","title":{"rendered":"Minvu reconoce a Villa Los Jardines de Quinta de Tilcoco como el proyecto industrializado de ejecuci\u00f3n m\u00e1s r\u00e1pida en el pa\u00eds"},"content":{"rendered":"\n<h3 id=\"el-ministro-de-vivienda-y-urbanismo-carlos-montes-encabezo-la-ceremonia-de-reconocimiento-en-la-que-destaco-el-aporte-de-la-vivienda-industrializada-al-plan-de-emergencia-habitacional\" class=\"wp-block-heading\"><em>El ministro de Vivienda y Urbanismo, Carlos Montes, encabez\u00f3 la ceremonia de reconocimiento en la que destac\u00f3 el aporte de la vivienda industrializada al Plan de Emergencia Habitacional.<\/em><\/h3>\n\n\n\n<p><em>&#8211; Villa Los Jardines de Quinta de Tilcoco tard\u00f3 11 meses en ser terminado, beneficiando a 150 familias. El seremi de Vivienda y Urbanismo destac\u00f3 la importancia de la industrializaci\u00f3n como pol\u00edtica p\u00fablica de vivienda.<\/em><\/p>\n\n\n\n<p> El ministro de Vivienda y Urbanismo, Carlos Montes, junto a representantes de la C\u00e1mara Chilena de la Construcci\u00f3n y m\u00e1s de 20 empresas del rubro, encabez\u00f3 en el ex Congreso Nacional la ceremonia \u201cVivienda Industrializada: Proyectos y Actores Destacados 2026\u201d.<\/p>\n\n\n\n<p>En la instancia se reconoci\u00f3 al proyecto Villa Los Jardines, de la comuna de Quinta de Tilcoco, como el conjunto habitacional de mayor velocidad de ejecuci\u00f3n bajo modalidad industrializada en el pa\u00eds, beneficiando a 150 familias y logrando su t\u00e9rmino en menos de un a\u00f1o.<\/p>\n\n\n\n<p>Este reconocimiento institucional \u2014entregado por primera vez\u2014 busca distinguir a organizaciones y personas que han sido fundamentales en la gesti\u00f3n de soluciones habitacionales mediante nuevas tecnolog\u00edas constructivas, las que permiten procesos m\u00e1s r\u00e1pidos, eficientes y sustentables.<\/p>\n\n\n\n<figure class=\"wp-block-image size-large\"><img loading=\"lazy\" decoding=\"async\" width=\"1024\" height=\"576\" src=\"https:\/\/www.rengoenlanoticia.cl\/prensa\/wp-content\/uploads\/2026\/01\/IMG_5589-1024x576.jpg\" alt=\"\" class=\"wp-image-9140\" srcset=\"https:\/\/www.rengoenlanoticia.cl\/prensa\/wp-content\/uploads\/2026\/01\/IMG_5589-1024x576.jpg 1024w, https:\/\/www.rengoenlanoticia.cl\/prensa\/wp-content\/uploads\/2026\/01\/IMG_5589-300x169.jpg 300w, https:\/\/www.rengoenlanoticia.cl\/prensa\/wp-content\/uploads\/2026\/01\/IMG_5589-768x432.jpg 768w, https:\/\/www.rengoenlanoticia.cl\/prensa\/wp-content\/uploads\/2026\/01\/IMG_5589-1536x864.jpg 1536w, https:\/\/www.rengoenlanoticia.cl\/prensa\/wp-content\/uploads\/2026\/01\/IMG_5589-2048x1152.jpg 2048w, https:\/\/www.rengoenlanoticia.cl\/prensa\/wp-content\/uploads\/2026\/01\/IMG_5589-110x62.jpg 110w, https:\/\/www.rengoenlanoticia.cl\/prensa\/wp-content\/uploads\/2026\/01\/IMG_5589-200x113.jpg 200w, https:\/\/www.rengoenlanoticia.cl\/prensa\/wp-content\/uploads\/2026\/01\/IMG_5589-380x214.jpg 380w, https:\/\/www.rengoenlanoticia.cl\/prensa\/wp-content\/uploads\/2026\/01\/IMG_5589-255x143.jpg 255w, https:\/\/www.rengoenlanoticia.cl\/prensa\/wp-content\/uploads\/2026\/01\/IMG_5589-550x309.jpg 550w, https:\/\/www.rengoenlanoticia.cl\/prensa\/wp-content\/uploads\/2026\/01\/IMG_5589-800x450.jpg 800w, https:\/\/www.rengoenlanoticia.cl\/prensa\/wp-content\/uploads\/2026\/01\/IMG_5589-1160x653.jpg 1160w, https:\/\/www.rengoenlanoticia.cl\/prensa\/wp-content\/uploads\/2026\/01\/IMG_5589-scaled.jpg 2560w\" sizes=\"auto, (max-width: 1024px) 100vw, 1024px\" \/><\/figure>\n\n\n\n<p>Durante el encuentro, el ministro Montes destac\u00f3 que este enfoque ha permitido avanzar de manera significativa en el Plan de Emergencia Habitacional, ampliando la diversidad de soluciones habitacionales y mejorando la calidad de vida de las familias. En esa l\u00ednea, subray\u00f3 que el sector de la vivienda industrializada presenta un potencial de crecimiento que podr\u00eda alcanzar las 25 mil viviendas a nivel nacional.<\/p>\n\n\n\n<p>\u201cEste sistema permite avanzar mucho m\u00e1s r\u00e1pido en enfrentar el d\u00e9ficit habitacional, en producir vivienda de calidad en menor tiempo, con menos contaminaci\u00f3n, con trabajadores que est\u00e1n bajo techo cuando producen la vivienda y no sufren las consecuencias de la intemperie. Esto significa mejorar la productividad en la producci\u00f3n de viviendas para sectores de bajos ingresos y tambi\u00e9n para sectores medios de bajos ingresos. Eso es lo que hicimos ahora. Aqu\u00ed se destacaron cuatro proyectos, pero por cierto hay mucho m\u00e1s en todo el pa\u00eds\u201d, dijo el secretario de Estado.<\/p>\n\n\n\n<p>En la ceremonia de entrega participaron el seremi de Vivienda y Urbanismo de O\u2019Higgins, Luis Barboza, y la directora (s) de Serviu O\u2019Higgins, Daniela Soto. En la instancia, Barboza destac\u00f3 que \u201cla incorporaci\u00f3n de la vivienda industrializada ha sido clave para acelerar los procesos constructivos. Villa Los Jardines fue el primer conjunto masivo de este tipo en la regi\u00f3n, con 150 viviendas completamente terminadas, urbanizaci\u00f3n y accesibilidad, alcanzando un est\u00e1ndar que marca un antes y un despu\u00e9s en la pol\u00edtica habitacional. Se trat\u00f3 de una ejecuci\u00f3n en tiempo r\u00e9cord: un 57% m\u00e1s r\u00e1pida que lo presupuestado y con obras finalizadas en menos de un a\u00f1o, un hito in\u00e9dito para el Minvu en la Regi\u00f3n de O\u2019Higgins\u201d.<\/p>\n\n\n\n<h3 id=\"desde-que-el-ministerio-impulso-esta-agenda-en-2022-el-sector-ha-mostrado-avances-significativos-a-la-fecha-existen-2-627-viviendas-industrializadas-terminadas-3-802-en-ejecucion-y-5-508-en-desarr\" class=\"wp-block-heading\">Desde que el ministerio impuls\u00f3 esta agenda en 2022, el sector ha mostrado avances significativos. A la fecha, existen 2.627 viviendas industrializadas terminadas, 3.802 en ejecuci\u00f3n y 5.508 en desarrollo, junto a 24 empresas industrializadoras autorizadas y 45 tipolog\u00edas de viviendas certificadas por la DITEC del Minvu, contribuyendo tanto a la reducci\u00f3n del d\u00e9ficit habitacional como a los procesos de reconstrucci\u00f3n.<\/h3>\n\n\n\n<h3 id=\"en-la-categoria-actores-relevantes-del-sector-se-reconocio-la-trayectoria-de-jacqueline-galvez-por-su-liderazgo-en-la-estandarizacion-de-procesos-y-su-rol-gremial-en-la-camara-chilena-de-la-construc\" class=\"wp-block-heading\">En la categor\u00eda Actores Relevantes del Sector, se reconoci\u00f3 la trayectoria de Jacqueline G\u00e1lvez, por su liderazgo en la estandarizaci\u00f3n de procesos y su rol gremial en la C\u00e1mara Chilena de la Construcci\u00f3n. Asimismo, se distingui\u00f3 al arquitecto Ricardo Carvajal, por su aporte t\u00e9cnico en el servicio p\u00fablico, y a Gian Capurro, CEO del Grupo Geom\u00e9trica, por su especializaci\u00f3n en proyectos industrializados en zonas del sur y austral del pa\u00eds.<\/h3>\n\n\n\n<h3 id=\"respecto-de-otros-proyectos-destacados-el-conjunto-habitacional-fuerte-bulnes-de-arica-fue-reconocido-por-estar-emplazado-a-la-mayor-distancia-de-su-planta-productiva-la-villa-las-estrellas-de-pu\" class=\"wp-block-heading\">Respecto de otros proyectos destacados, el Conjunto Habitacional Fuerte Bulnes, de Arica, fue reconocido por estar emplazado a la mayor distancia de su planta productiva; la Villa Las Estrellas, de Punta Lavapi\u00e9, por su exitosa ejecuci\u00f3n en un terreno de dif\u00edcil acceso y compleja topograf\u00eda; y el Proyecto Lo Espejo, por marcar un hito en innovaci\u00f3n al convertirse en el primer conjunto industrializado de cuatro pisos con estructura de madera en la Regi\u00f3n Metropolitana.<\/h3>\n","protected":false},"excerpt":{"rendered":"El ministro de Vivienda y Urbanismo, Carlos Montes, encabez\u00f3 la ceremonia de reconocimiento en la que destac\u00f3 el&hellip;\n","protected":false},"author":1,"featured_media":9141,"comment_status":"open","ping_status":"open","sticky":false,"template":"","format":"standard","meta":{"_monsterinsights_skip_tracking":false,"_monsterinsights_sitenote_active":false,"_monsterinsights_sitenote_note":"","_monsterinsights_sitenote_category":0,"footnotes":""},"categories":[8],"tags":[],"class_list":{"0":"post-9139","1":"post","2":"type-post","3":"status-publish","4":"format-standard","5":"has-post-thumbnail","7":"category-portada"},"aioseo_notices":[],"_links":{"self":[{"href":"https:\/\/www.rengoenlanoticia.cl\/prensa\/wp-json\/wp\/v2\/posts\/9139","targetHints":{"allow":["GET"]}}],"collection":[{"href":"https:\/\/www.rengoenlanoticia.cl\/prensa\/wp-json\/wp\/v2\/posts"}],"about":[{"href":"https:\/\/www.rengoenlanoticia.cl\/prensa\/wp-json\/wp\/v2\/types\/post"}],"author":[{"embeddable":true,"href":"https:\/\/www.rengoenlanoticia.cl\/prensa\/wp-json\/wp\/v2\/users\/1"}],"replies":[{"embeddable":true,"href":"https:\/\/www.rengoenlanoticia.cl\/prensa\/wp-json\/wp\/v2\/comments?post=9139"}],"version-history":[{"count":3,"href":"https:\/\/www.rengoenlanoticia.cl\/prensa\/wp-json\/wp\/v2\/posts\/9139\/revisions"}],"predecessor-version":[{"id":9144,"href":"https:\/\/www.rengoenlanoticia.cl\/prensa\/wp-json\/wp\/v2\/posts\/9139\/revisions\/9144"}],"wp:featuredmedia":[{"embeddable":true,"href":"https:\/\/www.rengoenlanoticia.cl\/prensa\/wp-json\/wp\/v2\/media\/9141"}],"wp:attachment":[{"href":"https:\/\/www.rengoenlanoticia.cl\/prensa\/wp-json\/wp\/v2\/media?parent=9139"}],"wp:term":[{"taxonomy":"category","embeddable":true,"href":"https:\/\/www.rengoenlanoticia.cl\/prensa\/wp-json\/wp\/v2\/categories?post=9139"},{"taxonomy":"post_tag","embeddable":true,"href":"https:\/\/www.rengoenlanoticia.cl\/prensa\/wp-json\/wp\/v2\/tags?post=9139"}],"curies":[{"name":"wp","href":"https:\/\/api.w.org\/{rel}","templated":true}]}}