{"id":9107,"date":"2026-01-27T10:58:04","date_gmt":"2026-01-27T10:58:04","guid":{"rendered":"https:\/\/www.rengoenlanoticia.cl\/prensa\/?p=9107"},"modified":"2026-01-27T11:07:39","modified_gmt":"2026-01-27T11:07:39","slug":"gobierno-regional-restaura-las-estaciones-de-trenes-en-requinoa-y-rosario","status":"publish","type":"post","link":"https:\/\/www.rengoenlanoticia.cl\/prensa\/2026\/01\/27\/gobierno-regional-restaura-las-estaciones-de-trenes-en-requinoa-y-rosario\/","title":{"rendered":"Gobierno Regional restaura las estaciones de trenes en Requ\u00ednoa y Rosario"},"content":{"rendered":"\n<p>Proyecto signific\u00f3 una inversi\u00f3n superior a los mil 370 millones de pesos.<\/p>\n\n\n\n<p>La red ferroviaria de O\u2019Higgins se encuentra en proceso gradual de remodelaci\u00f3n. Su primera etapa culmin\u00f3 hace algunas semanas en las estaciones de Requ\u00ednoa y Rosario, en un proyecto que consider\u00f3 el mejoramiento de la boleter\u00eda, accesos universales, espacios para espera del p\u00fablico, se\u00f1al\u00e9tica, alzamiento y extensi\u00f3n del and\u00e9n, pavimentos, pintura, entre otras acciones.<\/p>\n\n\n\n<p>Esta iniciativa, financiada \u00edntegramente por el Gobierno Regional de O\u2019Higgins junto a su Consejo Regional, implic\u00f3 una inversi\u00f3n superior a los mil 370 millones de pesos. Al respecto, el Gobernador Pablo Silva Amaya sostuvo que \u201clos espacios estaban muy deteriorados y hoy estamos dando vida a las estaciones de Rosario y Requ\u00ednoa. Estamos muy contentos por este trabajo, hoy hemos entregado oficialmente las instalaciones a EFE y esperamos que prontamente abran los paraderos para las y los usuarios\u201d.<\/p>\n\n\n\n<figure class=\"wp-block-image size-large\"><img loading=\"lazy\" decoding=\"async\" width=\"1024\" height=\"683\" src=\"https:\/\/www.rengoenlanoticia.cl\/prensa\/wp-content\/uploads\/2026\/01\/WhatsApp-Image-2026-01-26-at-14.18.33-1024x683.jpeg\" alt=\"\" class=\"wp-image-9115\" srcset=\"https:\/\/www.rengoenlanoticia.cl\/prensa\/wp-content\/uploads\/2026\/01\/WhatsApp-Image-2026-01-26-at-14.18.33-1024x683.jpeg 1024w, https:\/\/www.rengoenlanoticia.cl\/prensa\/wp-content\/uploads\/2026\/01\/WhatsApp-Image-2026-01-26-at-14.18.33-300x200.jpeg 300w, https:\/\/www.rengoenlanoticia.cl\/prensa\/wp-content\/uploads\/2026\/01\/WhatsApp-Image-2026-01-26-at-14.18.33-768x512.jpeg 768w, https:\/\/www.rengoenlanoticia.cl\/prensa\/wp-content\/uploads\/2026\/01\/WhatsApp-Image-2026-01-26-at-14.18.33-1536x1024.jpeg 1536w, https:\/\/www.rengoenlanoticia.cl\/prensa\/wp-content\/uploads\/2026\/01\/WhatsApp-Image-2026-01-26-at-14.18.33-2048x1365.jpeg 2048w, https:\/\/www.rengoenlanoticia.cl\/prensa\/wp-content\/uploads\/2026\/01\/WhatsApp-Image-2026-01-26-at-14.18.33-110x73.jpeg 110w, https:\/\/www.rengoenlanoticia.cl\/prensa\/wp-content\/uploads\/2026\/01\/WhatsApp-Image-2026-01-26-at-14.18.33-200x133.jpeg 200w, https:\/\/www.rengoenlanoticia.cl\/prensa\/wp-content\/uploads\/2026\/01\/WhatsApp-Image-2026-01-26-at-14.18.33-380x253.jpeg 380w, https:\/\/www.rengoenlanoticia.cl\/prensa\/wp-content\/uploads\/2026\/01\/WhatsApp-Image-2026-01-26-at-14.18.33-255x170.jpeg 255w, https:\/\/www.rengoenlanoticia.cl\/prensa\/wp-content\/uploads\/2026\/01\/WhatsApp-Image-2026-01-26-at-14.18.33-550x367.jpeg 550w, https:\/\/www.rengoenlanoticia.cl\/prensa\/wp-content\/uploads\/2026\/01\/WhatsApp-Image-2026-01-26-at-14.18.33-800x533.jpeg 800w, https:\/\/www.rengoenlanoticia.cl\/prensa\/wp-content\/uploads\/2026\/01\/WhatsApp-Image-2026-01-26-at-14.18.33-1160x773.jpeg 1160w, https:\/\/www.rengoenlanoticia.cl\/prensa\/wp-content\/uploads\/2026\/01\/WhatsApp-Image-2026-01-26-at-14.18.33-scaled.jpeg 2560w\" sizes=\"auto, (max-width: 1024px) 100vw, 1024px\" \/><\/figure>\n\n\n\n<p>Con el traspaso del proyecto por parte del GORE a EFE Trenes Chile, ahora la estatal est\u00e1 en condiciones de avanzar en el funcionamiento de las estaciones. \u201cNuestro horizonte es que la primera quincena de marzo ya estemos en etapa de operaci\u00f3n\u201d, asegur\u00f3 el presidente de la Empresa de Ferrocarriles del Estado, Eric Martin, agregando que \u201cagradecer al Gobierno Regional, a Pablo en particular, el se\u00f1or gobernador, respecto a considerarnos para las inversiones que se hacen para el beneficio de la comunidad\u201d.<\/p>\n\n\n\n<figure class=\"wp-block-image size-large\"><img loading=\"lazy\" decoding=\"async\" width=\"1024\" height=\"683\" src=\"https:\/\/www.rengoenlanoticia.cl\/prensa\/wp-content\/uploads\/2026\/01\/WhatsApp-Image-2026-01-26-at-14.18.35-1024x683.jpeg\" alt=\"\" class=\"wp-image-9116\" srcset=\"https:\/\/www.rengoenlanoticia.cl\/prensa\/wp-content\/uploads\/2026\/01\/WhatsApp-Image-2026-01-26-at-14.18.35-1024x683.jpeg 1024w, https:\/\/www.rengoenlanoticia.cl\/prensa\/wp-content\/uploads\/2026\/01\/WhatsApp-Image-2026-01-26-at-14.18.35-300x200.jpeg 300w, https:\/\/www.rengoenlanoticia.cl\/prensa\/wp-content\/uploads\/2026\/01\/WhatsApp-Image-2026-01-26-at-14.18.35-768x512.jpeg 768w, https:\/\/www.rengoenlanoticia.cl\/prensa\/wp-content\/uploads\/2026\/01\/WhatsApp-Image-2026-01-26-at-14.18.35-1536x1024.jpeg 1536w, https:\/\/www.rengoenlanoticia.cl\/prensa\/wp-content\/uploads\/2026\/01\/WhatsApp-Image-2026-01-26-at-14.18.35-2048x1365.jpeg 2048w, https:\/\/www.rengoenlanoticia.cl\/prensa\/wp-content\/uploads\/2026\/01\/WhatsApp-Image-2026-01-26-at-14.18.35-110x73.jpeg 110w, https:\/\/www.rengoenlanoticia.cl\/prensa\/wp-content\/uploads\/2026\/01\/WhatsApp-Image-2026-01-26-at-14.18.35-200x133.jpeg 200w, https:\/\/www.rengoenlanoticia.cl\/prensa\/wp-content\/uploads\/2026\/01\/WhatsApp-Image-2026-01-26-at-14.18.35-380x253.jpeg 380w, https:\/\/www.rengoenlanoticia.cl\/prensa\/wp-content\/uploads\/2026\/01\/WhatsApp-Image-2026-01-26-at-14.18.35-255x170.jpeg 255w, https:\/\/www.rengoenlanoticia.cl\/prensa\/wp-content\/uploads\/2026\/01\/WhatsApp-Image-2026-01-26-at-14.18.35-550x367.jpeg 550w, https:\/\/www.rengoenlanoticia.cl\/prensa\/wp-content\/uploads\/2026\/01\/WhatsApp-Image-2026-01-26-at-14.18.35-800x533.jpeg 800w, https:\/\/www.rengoenlanoticia.cl\/prensa\/wp-content\/uploads\/2026\/01\/WhatsApp-Image-2026-01-26-at-14.18.35-1160x773.jpeg 1160w, https:\/\/www.rengoenlanoticia.cl\/prensa\/wp-content\/uploads\/2026\/01\/WhatsApp-Image-2026-01-26-at-14.18.35-scaled.jpeg 2560w\" sizes=\"auto, (max-width: 1024px) 100vw, 1024px\" \/><\/figure>\n\n\n\n<p>Las obras de conservaci\u00f3n de la infraestructura ferroviaria en Requ\u00ednoa y Rosario fueron bien evaluadas por las autoridades comunales. El alcalde de Rengo, Enrique del Barrio, afirm\u00f3 que \u201cpara nosotros era muy importante mejorar la conectividad de todos los vecinos de la comuna y esto nos beneficia de gran manera. Quiero agradecer a la gente de EFE. Quiero agradecer al Gobierno Regional por la inversi\u00f3n que se est\u00e1 llevando a cabo en este lugar y nosotros como comuna lo tomamos de muy buena forma y entendemos que nuestros vecinos en la localidad de Rosario se encuentran muy contentos, muy satisfechos por el trabajo realizado\u201d. Se estima que m\u00e1s de 30 mil personas se ver\u00e1n beneficiadas con la restauraci\u00f3n de los paraderos de trenes. El seremi (s) del MOP, Roberto Soto, asegur\u00f3 que como unidad t\u00e9cnica \u201cnuestro rol fue la articulaci\u00f3n y materializaci\u00f3n de infraestructura p\u00fablica. A partir de una motivaci\u00f3n del Gobierno Regional y una necesidad informada por EFE es que nosotros utilizamos herramientas que tiene el estado para poder transformarlo y hacer realidad este proyecto. Hoy estamos entregando las obras a ferrocarriles para que ellos inicien un trabajo administrativo interno y se pueda operar la estaci\u00f3n como corresponde<\/p>\n\n\n\n<figure class=\"wp-block-image size-large\"><img loading=\"lazy\" decoding=\"async\" width=\"1024\" height=\"683\" src=\"https:\/\/www.rengoenlanoticia.cl\/prensa\/wp-content\/uploads\/2026\/01\/WhatsApp-Image-2026-01-26-at-14.18.33-1-1024x683.jpeg\" alt=\"\" class=\"wp-image-9114\" srcset=\"https:\/\/www.rengoenlanoticia.cl\/prensa\/wp-content\/uploads\/2026\/01\/WhatsApp-Image-2026-01-26-at-14.18.33-1-1024x683.jpeg 1024w, https:\/\/www.rengoenlanoticia.cl\/prensa\/wp-content\/uploads\/2026\/01\/WhatsApp-Image-2026-01-26-at-14.18.33-1-300x200.jpeg 300w, https:\/\/www.rengoenlanoticia.cl\/prensa\/wp-content\/uploads\/2026\/01\/WhatsApp-Image-2026-01-26-at-14.18.33-1-768x512.jpeg 768w, https:\/\/www.rengoenlanoticia.cl\/prensa\/wp-content\/uploads\/2026\/01\/WhatsApp-Image-2026-01-26-at-14.18.33-1-1536x1024.jpeg 1536w, https:\/\/www.rengoenlanoticia.cl\/prensa\/wp-content\/uploads\/2026\/01\/WhatsApp-Image-2026-01-26-at-14.18.33-1-2048x1365.jpeg 2048w, https:\/\/www.rengoenlanoticia.cl\/prensa\/wp-content\/uploads\/2026\/01\/WhatsApp-Image-2026-01-26-at-14.18.33-1-110x73.jpeg 110w, https:\/\/www.rengoenlanoticia.cl\/prensa\/wp-content\/uploads\/2026\/01\/WhatsApp-Image-2026-01-26-at-14.18.33-1-200x133.jpeg 200w, https:\/\/www.rengoenlanoticia.cl\/prensa\/wp-content\/uploads\/2026\/01\/WhatsApp-Image-2026-01-26-at-14.18.33-1-380x253.jpeg 380w, https:\/\/www.rengoenlanoticia.cl\/prensa\/wp-content\/uploads\/2026\/01\/WhatsApp-Image-2026-01-26-at-14.18.33-1-255x170.jpeg 255w, https:\/\/www.rengoenlanoticia.cl\/prensa\/wp-content\/uploads\/2026\/01\/WhatsApp-Image-2026-01-26-at-14.18.33-1-550x367.jpeg 550w, https:\/\/www.rengoenlanoticia.cl\/prensa\/wp-content\/uploads\/2026\/01\/WhatsApp-Image-2026-01-26-at-14.18.33-1-800x533.jpeg 800w, https:\/\/www.rengoenlanoticia.cl\/prensa\/wp-content\/uploads\/2026\/01\/WhatsApp-Image-2026-01-26-at-14.18.33-1-1160x773.jpeg 1160w, https:\/\/www.rengoenlanoticia.cl\/prensa\/wp-content\/uploads\/2026\/01\/WhatsApp-Image-2026-01-26-at-14.18.33-1-scaled.jpeg 2560w\" sizes=\"auto, (max-width: 1024px) 100vw, 1024px\" \/><\/figure>\n","protected":false},"excerpt":{"rendered":"Proyecto signific\u00f3 una inversi\u00f3n superior a los mil 370 millones de pesos. La red ferroviaria de O\u2019Higgins se&hellip;\n","protected":false},"author":1,"featured_media":9117,"comment_status":"open","ping_status":"open","sticky":false,"template":"","format":"standard","meta":{"_monsterinsights_skip_tracking":false,"_monsterinsights_sitenote_active":false,"_monsterinsights_sitenote_note":"","_monsterinsights_sitenote_category":0,"footnotes":""},"categories":[8],"tags":[],"class_list":{"0":"post-9107","1":"post","2":"type-post","3":"status-publish","4":"format-standard","5":"has-post-thumbnail","7":"category-portada"},"aioseo_notices":[],"_links":{"self":[{"href":"https:\/\/www.rengoenlanoticia.cl\/prensa\/wp-json\/wp\/v2\/posts\/9107","targetHints":{"allow":["GET"]}}],"collection":[{"href":"https:\/\/www.rengoenlanoticia.cl\/prensa\/wp-json\/wp\/v2\/posts"}],"about":[{"href":"https:\/\/www.rengoenlanoticia.cl\/prensa\/wp-json\/wp\/v2\/types\/post"}],"author":[{"embeddable":true,"href":"https:\/\/www.rengoenlanoticia.cl\/prensa\/wp-json\/wp\/v2\/users\/1"}],"replies":[{"embeddable":true,"href":"https:\/\/www.rengoenlanoticia.cl\/prensa\/wp-json\/wp\/v2\/comments?post=9107"}],"version-history":[{"count":3,"href":"https:\/\/www.rengoenlanoticia.cl\/prensa\/wp-json\/wp\/v2\/posts\/9107\/revisions"}],"predecessor-version":[{"id":9131,"href":"https:\/\/www.rengoenlanoticia.cl\/prensa\/wp-json\/wp\/v2\/posts\/9107\/revisions\/9131"}],"wp:featuredmedia":[{"embeddable":true,"href":"https:\/\/www.rengoenlanoticia.cl\/prensa\/wp-json\/wp\/v2\/media\/9117"}],"wp:attachment":[{"href":"https:\/\/www.rengoenlanoticia.cl\/prensa\/wp-json\/wp\/v2\/media?parent=9107"}],"wp:term":[{"taxonomy":"category","embeddable":true,"href":"https:\/\/www.rengoenlanoticia.cl\/prensa\/wp-json\/wp\/v2\/categories?post=9107"},{"taxonomy":"post_tag","embeddable":true,"href":"https:\/\/www.rengoenlanoticia.cl\/prensa\/wp-json\/wp\/v2\/tags?post=9107"}],"curies":[{"name":"wp","href":"https:\/\/api.w.org\/{rel}","templated":true}]}}