{"id":9106,"date":"2026-01-28T11:36:49","date_gmt":"2026-01-28T11:36:49","guid":{"rendered":"https:\/\/www.rengoenlanoticia.cl\/prensa\/?p=9106"},"modified":"2026-01-28T11:41:06","modified_gmt":"2026-01-28T11:41:06","slug":"seremi-de-desarrollo-social-y-familia-instala-oficinas-locales-de-las-ninez-en-las-33-comunas-de-la-region-tras-inauguracion-en-san-fernando","status":"publish","type":"post","link":"https:\/\/www.rengoenlanoticia.cl\/prensa\/2026\/01\/28\/seremi-de-desarrollo-social-y-familia-instala-oficinas-locales-de-las-ninez-en-las-33-comunas-de-la-region-tras-inauguracion-en-san-fernando\/","title":{"rendered":"Seremi de Desarrollo Social y Familia instala Oficinas Locales de las Ni\u00f1ez en las 33 comunas de la regi\u00f3n tras inauguraci\u00f3n en San Fernando"},"content":{"rendered":"\n<p><strong><em>Esta nueva institucionalidad enmarcada en ley de Garant\u00edas y Protecci\u00f3n Integral de los derechos de la Ni\u00f1ez y Adolescencia, permitir\u00e1 que todas las comunas de O\u2019Higgins, cuenten con espacios para garantizar y promover derechos, adem\u00e1s de proteger y reparar de vulneraciones de ni\u00f1os, ni\u00f1as y adolescentes.<\/em><\/strong><\/p>\n\n\n\n<p>Un hito hist\u00f3rico para la promoci\u00f3n de los derechos, la prevenci\u00f3n de situaciones de riesgo y vulneraciones, y la protecci\u00f3n de los derechos de ni\u00f1os, ni\u00f1as y adolescentes, se vivi\u00f3 el pasado jueves 22 de enero en San Fernando, con la inauguraci\u00f3n de la Oficina Local de la Ni\u00f1ez (OLN) de esta comuna, dando paso a la cobertura total de OLN en la regi\u00f3n de O\u2019Higgins, lo que permite cumplir con el compromiso presidencial de instalar Oficinas Locales de la Ni\u00f1ez en las 33 comunas antes del 2027.<\/p>\n\n\n\n<p>La jornada fue liderada por la Seremi de Desarrollo Social y Familia, Nayadeth Ahumada junto al alcalde de San Fernando, Pablo Silva P\u00e9rez; contando tambi\u00e9n con la presencia de la Delegada Presidencial Regional (s), Marta Pizarro; la Seremi del Deporte, Macarena Chand\u00eda; el director ejecutivo (s) de SLEP Colchagua, Rodrigo Valenzuela; representantes del Consejo Consultivo Comunal de ni\u00f1os, ni\u00f1as y adolescentes y el equipo municipal que conforma esta nueva institucionalidad.<\/p>\n\n\n\n<p>Se trata de una nueva institucionalidad a nivel comunal que se enmarca en la Ley 21.430, la cual crea un Sistema de Garant\u00edas y Protecci\u00f3n Integral de derechos de ni\u00f1os y adolescentes. A partir de ello, se establece la instalaci\u00f3n de las Oficinas Locales de la Ni\u00f1ez, que buscan proteger de manera integral a los ni\u00f1os y adolescentes y contribuir a garantizar el ejercicio de sus derechos, con el fin de lograr el despliegue de sus potencialidades y alcanzar su desarrollo integral.<\/p>\n\n\n\n<p>En la ocasi\u00f3n, la Delegada Presidencial Regional (s) Marta Pizarro se\u00f1al\u00f3 que \u201ceste un hito muy importante para el Ministerio de Desarrollo Social y Familia, pero tambi\u00e9n para el trabajo que nos encomend\u00f3 el Presidente Gabriel Boric, que era tener una Oficina Local de la Ni\u00f1ez en todas las comunas de la regi\u00f3n de O\u2019Higgins. Felicitar el trabajo de los funcionarios municipales y de nuestra seremi Nayadeth Ahumada, que ha logrado cumplir con el 100% de esta meta\u201d.<\/p>\n\n\n\n<figure class=\"wp-block-image size-large\"><img loading=\"lazy\" decoding=\"async\" width=\"1024\" height=\"768\" src=\"https:\/\/www.rengoenlanoticia.cl\/prensa\/wp-content\/uploads\/2026\/01\/Firma-compromiso-1024x768.jpeg\" alt=\"\" class=\"wp-image-9146\" srcset=\"https:\/\/www.rengoenlanoticia.cl\/prensa\/wp-content\/uploads\/2026\/01\/Firma-compromiso-1024x768.jpeg 1024w, https:\/\/www.rengoenlanoticia.cl\/prensa\/wp-content\/uploads\/2026\/01\/Firma-compromiso-300x225.jpeg 300w, https:\/\/www.rengoenlanoticia.cl\/prensa\/wp-content\/uploads\/2026\/01\/Firma-compromiso-768x576.jpeg 768w, https:\/\/www.rengoenlanoticia.cl\/prensa\/wp-content\/uploads\/2026\/01\/Firma-compromiso-1536x1152.jpeg 1536w, https:\/\/www.rengoenlanoticia.cl\/prensa\/wp-content\/uploads\/2026\/01\/Firma-compromiso-110x83.jpeg 110w, https:\/\/www.rengoenlanoticia.cl\/prensa\/wp-content\/uploads\/2026\/01\/Firma-compromiso-200x150.jpeg 200w, https:\/\/www.rengoenlanoticia.cl\/prensa\/wp-content\/uploads\/2026\/01\/Firma-compromiso-380x285.jpeg 380w, https:\/\/www.rengoenlanoticia.cl\/prensa\/wp-content\/uploads\/2026\/01\/Firma-compromiso-255x191.jpeg 255w, https:\/\/www.rengoenlanoticia.cl\/prensa\/wp-content\/uploads\/2026\/01\/Firma-compromiso-550x413.jpeg 550w, https:\/\/www.rengoenlanoticia.cl\/prensa\/wp-content\/uploads\/2026\/01\/Firma-compromiso-800x600.jpeg 800w, https:\/\/www.rengoenlanoticia.cl\/prensa\/wp-content\/uploads\/2026\/01\/Firma-compromiso-1160x870.jpeg 1160w, https:\/\/www.rengoenlanoticia.cl\/prensa\/wp-content\/uploads\/2026\/01\/Firma-compromiso.jpeg 1600w\" sizes=\"auto, (max-width: 1024px) 100vw, 1024px\" \/><\/figure>\n\n\n\n<p>La Seremi de Desarrollo Social y Familia, Nayadeth Ahumada destac\u00f3 que \u201cpudimos dar cumplimiento a la inauguraci\u00f3n de la Oficina Local de la Ni\u00f1ez de San Fernando, una de las comunas que particip\u00f3 del \u00faltimo ciclo de instalaci\u00f3n, en el cual estuvimos trabajando para hacer la transici\u00f3n entre la Oficina de Protecci\u00f3n de Derechos a la actual institucionalidad que es la Oficina Local de la Ni\u00f1ez. Para el Gobierno del Presidente Gabriel Boric era un compromiso poder dejar instaladas las Oficinas Locales de la Ni\u00f1ez en todas las comunas de nuestra regi\u00f3n, eso nos pone muy contentos, porque a trav\u00e9s de esta oficina vamos a poder promover espacios de promoci\u00f3n, participaci\u00f3n y protecci\u00f3n para ni\u00f1os, ni\u00f1as y adolescentes en su totalidad\u201d.<\/p>\n\n\n\n<p>Por su parte, el alcalde de San Fernando, Pablo Silva P\u00e9rez, manifest\u00f3 que \u201cestamos muy contentos como comuna en San Fernando, porque hoy d\u00eda se est\u00e1 inaugurando oficialmente la \u00faltima Oficina Local de la Ni\u00f1ez de las 33 comunas de O\u2019Higgins. Es muy importante para el acompa\u00f1amiento de las familias, de los j\u00f3venes, adolescentes, ni\u00f1os y ni\u00f1as, para un trabajo en conjunto de protecci\u00f3n hacia ellos. Agradecemos al Gobierno, a la seremi de Desarrollo Social, Nayadeth Ahumada, el empe\u00f1o que le puso para que nos anticip\u00e1ramos a lo que indicaba la ley, y que ya hoy d\u00eda esto sea una realidad\u201d.&nbsp;&nbsp;<\/p>\n\n\n\n<p>El vicepresidente del Consejo Consultivo Comunal de Ni\u00f1os, Ni\u00f1as y Adolescentes, Pablo Pavez Cid, expres\u00f3 que \u201cme parece s\u00faper importante para la comuna y en general para los ni\u00f1os ni\u00f1as y j\u00f3venes de la regi\u00f3n. Es s\u00faper importante que haya tantas oficinas locales de la ni\u00f1ez y se haya podido dar la oportunidad de tener esta oficina que ayudan a todos los ni\u00f1os en educaci\u00f3n, en el \u00e1rea social. En todo lo que necesiten, porque van a ser el futuro en un par de a\u00f1os m\u00e1s\u201d.<\/p>\n\n\n\n<p>La nueva OLN de San Fernando, que se encuentra ubicada en calle Argomedo N\u00b0 780, enfocar\u00e1 su trabajo en articular la oferta dirigida a ni\u00f1os y adolescentes, especialmente la relacionada a los servicios sociales vinculados al Subsistema de Protecci\u00f3n Integral de la<\/p>\n\n\n\n<p>Infancia, Chile Crece M\u00e1s y la del Servicio Nacional de Protecci\u00f3n Especializada a la Ni\u00f1ez y Adolescencia, a trav\u00e9s de redes intersectoriales a nivel comunal.<\/p>\n\n\n\n<p>Desde la promulgaci\u00f3n de la Ley de Garant\u00edas en el a\u00f1o 2023, la regi\u00f3n de O&#8217;Higgins comenz\u00f3 un proceso de implementaci\u00f3n, en donde, a la fecha, existe cobertura en las 33 comunas con oficinas locales de la ni\u00f1ez, cumpliendo as\u00ed con el mandato presidencial de la instalaci\u00f3n de esta nueva institucionalidad.<\/p>\n","protected":false},"excerpt":{"rendered":"Esta nueva institucionalidad enmarcada en ley de Garant\u00edas y Protecci\u00f3n Integral de los derechos de la Ni\u00f1ez y&hellip;\n","protected":false},"author":1,"featured_media":9145,"comment_status":"open","ping_status":"open","sticky":false,"template":"","format":"standard","meta":{"_monsterinsights_skip_tracking":false,"_monsterinsights_sitenote_active":false,"_monsterinsights_sitenote_note":"","_monsterinsights_sitenote_category":0,"footnotes":""},"categories":[8],"tags":[],"class_list":{"0":"post-9106","1":"post","2":"type-post","3":"status-publish","4":"format-standard","5":"has-post-thumbnail","7":"category-portada"},"aioseo_notices":[],"_links":{"self":[{"href":"https:\/\/www.rengoenlanoticia.cl\/prensa\/wp-json\/wp\/v2\/posts\/9106","targetHints":{"allow":["GET"]}}],"collection":[{"href":"https:\/\/www.rengoenlanoticia.cl\/prensa\/wp-json\/wp\/v2\/posts"}],"about":[{"href":"https:\/\/www.rengoenlanoticia.cl\/prensa\/wp-json\/wp\/v2\/types\/post"}],"author":[{"embeddable":true,"href":"https:\/\/www.rengoenlanoticia.cl\/prensa\/wp-json\/wp\/v2\/users\/1"}],"replies":[{"embeddable":true,"href":"https:\/\/www.rengoenlanoticia.cl\/prensa\/wp-json\/wp\/v2\/comments?post=9106"}],"version-history":[{"count":3,"href":"https:\/\/www.rengoenlanoticia.cl\/prensa\/wp-json\/wp\/v2\/posts\/9106\/revisions"}],"predecessor-version":[{"id":9154,"href":"https:\/\/www.rengoenlanoticia.cl\/prensa\/wp-json\/wp\/v2\/posts\/9106\/revisions\/9154"}],"wp:featuredmedia":[{"embeddable":true,"href":"https:\/\/www.rengoenlanoticia.cl\/prensa\/wp-json\/wp\/v2\/media\/9145"}],"wp:attachment":[{"href":"https:\/\/www.rengoenlanoticia.cl\/prensa\/wp-json\/wp\/v2\/media?parent=9106"}],"wp:term":[{"taxonomy":"category","embeddable":true,"href":"https:\/\/www.rengoenlanoticia.cl\/prensa\/wp-json\/wp\/v2\/categories?post=9106"},{"taxonomy":"post_tag","embeddable":true,"href":"https:\/\/www.rengoenlanoticia.cl\/prensa\/wp-json\/wp\/v2\/tags?post=9106"}],"curies":[{"name":"wp","href":"https:\/\/api.w.org\/{rel}","templated":true}]}}