{"id":9105,"date":"2026-01-27T11:02:20","date_gmt":"2026-01-27T11:02:20","guid":{"rendered":"https:\/\/www.rengoenlanoticia.cl\/prensa\/?p=9105"},"modified":"2026-01-27T11:02:22","modified_gmt":"2026-01-27T11:02:22","slug":"juzgado-de-garantia-de-rancagua-refuerza-sistema-de-atencion-preferente-para-personas-pertenecientes-a-grupos-vulnerables","status":"publish","type":"post","link":"https:\/\/www.rengoenlanoticia.cl\/prensa\/2026\/01\/27\/juzgado-de-garantia-de-rancagua-refuerza-sistema-de-atencion-preferente-para-personas-pertenecientes-a-grupos-vulnerables\/","title":{"rendered":"Juzgado de Garant\u00eda de Rancagua refuerza sistema de atenci\u00f3n preferente para personas pertenecientes a grupos vulnerables"},"content":{"rendered":"\n<p><\/p>\n\n\n\n<p>El Juzgado de Garant\u00eda de Rancagua instaur\u00f3 una serie de medidas para fortalecer el acceso a la justicia de todas y todos los usuarios de la comuna para entregar un servicio judicial oportuno y calidad.<\/p>\n\n\n\n<p>Una de estas acciones es la atenci\u00f3n preferente por parte de la Unidad de Atenci\u00f3n de P\u00fablico del tribunal a personas mayores, con neurodivergencias, embarazadas, con discapacidad y que posean movilidad reducida.<\/p>\n\n\n\n<p>Junto con esto, siguiendo en la l\u00ednea de la normativa del Poder Judicial, la legislaci\u00f3n nacional e internacional en materia de derechos humanos, inclusi\u00f3n y no discriminaci\u00f3n, el tribunal posee una rampa de acceso para personas en silla de ruedas, letreros con informaci\u00f3n en Braille e interpretaci\u00f3n en lengua de se\u00f1as para las audiencias en que participen personas con discapacidad auditiva.<\/p>\n\n\n\n<figure class=\"wp-block-image size-large\"><img loading=\"lazy\" decoding=\"async\" width=\"1024\" height=\"581\" src=\"https:\/\/www.rengoenlanoticia.cl\/prensa\/wp-content\/uploads\/2026\/01\/WhatsApp-Image-2026-01-21-at-10.29.12-1-1024x581.jpeg\" alt=\"\" class=\"wp-image-9110\" srcset=\"https:\/\/www.rengoenlanoticia.cl\/prensa\/wp-content\/uploads\/2026\/01\/WhatsApp-Image-2026-01-21-at-10.29.12-1-1024x581.jpeg 1024w, https:\/\/www.rengoenlanoticia.cl\/prensa\/wp-content\/uploads\/2026\/01\/WhatsApp-Image-2026-01-21-at-10.29.12-1-300x170.jpeg 300w, https:\/\/www.rengoenlanoticia.cl\/prensa\/wp-content\/uploads\/2026\/01\/WhatsApp-Image-2026-01-21-at-10.29.12-1-768x436.jpeg 768w, https:\/\/www.rengoenlanoticia.cl\/prensa\/wp-content\/uploads\/2026\/01\/WhatsApp-Image-2026-01-21-at-10.29.12-1-1536x872.jpeg 1536w, https:\/\/www.rengoenlanoticia.cl\/prensa\/wp-content\/uploads\/2026\/01\/WhatsApp-Image-2026-01-21-at-10.29.12-1-110x62.jpeg 110w, https:\/\/www.rengoenlanoticia.cl\/prensa\/wp-content\/uploads\/2026\/01\/WhatsApp-Image-2026-01-21-at-10.29.12-1-200x114.jpeg 200w, https:\/\/www.rengoenlanoticia.cl\/prensa\/wp-content\/uploads\/2026\/01\/WhatsApp-Image-2026-01-21-at-10.29.12-1-380x216.jpeg 380w, https:\/\/www.rengoenlanoticia.cl\/prensa\/wp-content\/uploads\/2026\/01\/WhatsApp-Image-2026-01-21-at-10.29.12-1-255x145.jpeg 255w, https:\/\/www.rengoenlanoticia.cl\/prensa\/wp-content\/uploads\/2026\/01\/WhatsApp-Image-2026-01-21-at-10.29.12-1-550x312.jpeg 550w, https:\/\/www.rengoenlanoticia.cl\/prensa\/wp-content\/uploads\/2026\/01\/WhatsApp-Image-2026-01-21-at-10.29.12-1-800x454.jpeg 800w, https:\/\/www.rengoenlanoticia.cl\/prensa\/wp-content\/uploads\/2026\/01\/WhatsApp-Image-2026-01-21-at-10.29.12-1-1160x658.jpeg 1160w, https:\/\/www.rengoenlanoticia.cl\/prensa\/wp-content\/uploads\/2026\/01\/WhatsApp-Image-2026-01-21-at-10.29.12-1.jpeg 1600w\" sizes=\"auto, (max-width: 1024px) 100vw, 1024px\" \/><\/figure>\n\n\n\n<p>\u201cEn el Juzgado de Garant\u00eda de Rancagua, especialmente la Unidad de Atenci\u00f3n de P\u00fablico, nos hemos preparado para da mayor facilidad en el acceso a la justicia. Especialmente, personas mayores, mujeres, embarazadas, personas con neurodivergencia, o movilidad reducida. Siempre dentro de nuestro af\u00e1n de fortalecer este acceso para todos y todas\u201d, se\u00f1al\u00f3 el juez presidente del Juzgado de Garant\u00eda de Rancagua, Gonzalo Celed\u00f3n.<\/p>\n\n\n\n<p>Felipe Gaspar, jefe de la Unidad de Atenci\u00f3n de P\u00fablico, explic\u00f3 que \u201cel procedimiento preferente que realizamos consiste en entregar las facilidades de atenci\u00f3n y responder sus consultas o entregar gu\u00eda frente a los requerimientos de estas personas. Esto da cuenta del constante compromiso de nuestro tribunal en materia de acceso a la justicia\u201d.<\/p>\n","protected":false},"excerpt":{"rendered":"El Juzgado de Garant\u00eda de Rancagua instaur\u00f3 una serie de medidas para fortalecer el acceso a la justicia&hellip;\n","protected":false},"author":1,"featured_media":9111,"comment_status":"open","ping_status":"open","sticky":false,"template":"","format":"standard","meta":{"_monsterinsights_skip_tracking":false,"_monsterinsights_sitenote_active":false,"_monsterinsights_sitenote_note":"","_monsterinsights_sitenote_category":0,"footnotes":""},"categories":[8],"tags":[],"class_list":{"0":"post-9105","1":"post","2":"type-post","3":"status-publish","4":"format-standard","5":"has-post-thumbnail","7":"category-portada"},"aioseo_notices":[],"_links":{"self":[{"href":"https:\/\/www.rengoenlanoticia.cl\/prensa\/wp-json\/wp\/v2\/posts\/9105","targetHints":{"allow":["GET"]}}],"collection":[{"href":"https:\/\/www.rengoenlanoticia.cl\/prensa\/wp-json\/wp\/v2\/posts"}],"about":[{"href":"https:\/\/www.rengoenlanoticia.cl\/prensa\/wp-json\/wp\/v2\/types\/post"}],"author":[{"embeddable":true,"href":"https:\/\/www.rengoenlanoticia.cl\/prensa\/wp-json\/wp\/v2\/users\/1"}],"replies":[{"embeddable":true,"href":"https:\/\/www.rengoenlanoticia.cl\/prensa\/wp-json\/wp\/v2\/comments?post=9105"}],"version-history":[{"count":3,"href":"https:\/\/www.rengoenlanoticia.cl\/prensa\/wp-json\/wp\/v2\/posts\/9105\/revisions"}],"predecessor-version":[{"id":9128,"href":"https:\/\/www.rengoenlanoticia.cl\/prensa\/wp-json\/wp\/v2\/posts\/9105\/revisions\/9128"}],"wp:featuredmedia":[{"embeddable":true,"href":"https:\/\/www.rengoenlanoticia.cl\/prensa\/wp-json\/wp\/v2\/media\/9111"}],"wp:attachment":[{"href":"https:\/\/www.rengoenlanoticia.cl\/prensa\/wp-json\/wp\/v2\/media?parent=9105"}],"wp:term":[{"taxonomy":"category","embeddable":true,"href":"https:\/\/www.rengoenlanoticia.cl\/prensa\/wp-json\/wp\/v2\/categories?post=9105"},{"taxonomy":"post_tag","embeddable":true,"href":"https:\/\/www.rengoenlanoticia.cl\/prensa\/wp-json\/wp\/v2\/tags?post=9105"}],"curies":[{"name":"wp","href":"https:\/\/api.w.org\/{rel}","templated":true}]}}