{"id":907,"date":"2025-01-10T01:55:30","date_gmt":"2025-01-10T01:55:30","guid":{"rendered":"https:\/\/www.rengoenlanoticia.cl\/prensa\/?p=907"},"modified":"2025-01-10T01:55:32","modified_gmt":"2025-01-10T01:55:32","slug":"alcalde-de-rengo-atiende-inquietudes-vecinales","status":"publish","type":"post","link":"https:\/\/www.rengoenlanoticia.cl\/prensa\/2025\/01\/10\/alcalde-de-rengo-atiende-inquietudes-vecinales\/","title":{"rendered":"Alcalde de Rengo atiende inquietudes vecinales"},"content":{"rendered":"\n<p><\/p>\n\n\n\n<p>El jueves 9 de enero, el alcalde de Rengo, Enrique del Barrio Hern\u00e1ndez, inaugur\u00f3 una jornada de atenci\u00f3n al p\u00fablico en la Municipalidad de Rengo, donde escuch\u00f3 las inquietudes y problem\u00e1ticas de los residentes de la comuna. En la ocasi\u00f3n, el edil estuvo acompa\u00f1ado por los directores de los distintos departamentos municipales.<\/p>\n\n\n\n<p>El alcalde Del Barrio resalt\u00f3 la importancia de esta instancia: \u201cEn el Sal\u00f3n de Concejo Municipal hemos creado un espacio para que, junto a los directores municipales y sus equipos, podamos atender a los ciudadanos de la comuna de Rengo. Son muchas las solicitudes y las personas que desean hablar con el alcalde, y hoy nos estamos dando el tiempo para escucharlas. Esta atenci\u00f3n masiva se llevar\u00e1 a cabo durante todo mi per\u00edodo\u201d, afirm\u00f3.<\/p>\n\n\n\n<figure class=\"wp-block-image size-large\"><img decoding=\"async\" src=\"https:\/\/www.rengoenlanoticia.cl\/prensa\/wp-content\/uploads\/2025\/01\/atencion-publico-rengo-1024x768.jpg\" alt=\"\" class=\"wp-image-910\"\/><\/figure>\n\n\n\n<p>La actividad se desarroll\u00f3 en el edificio consistorial entre las 8:30 y las 11:00 horas, brindando a los ciudadanos la oportunidad de recibir asesor\u00eda sobre diversos temas municipales.<\/p>\n\n\n\n<p>Respecto a las necesidades de la comunidad, el alcalde Del Barrio destac\u00f3: \u201cEs crucial que escuchemos a los vecinos, ya que pueden requerir el retiro de escombros, la mejora en la atenci\u00f3n de salud, o la creaci\u00f3n de espacios que faciliten su trabajo. Estamos enfocados en eso\u201d.<\/p>\n\n\n\n<p>Durante la jornada, estuvieron realizando asesor\u00edas los equipos de alcald\u00eda, finanzas, DIDECO, obras, tr\u00e1nsito, innovaci\u00f3n y gesti\u00f3n, administraci\u00f3n, SECPLAN, secretar\u00eda municipal, jur\u00eddico, y aseo y ornato.<\/p>\n\n\n\n<p>\u201cQueremos proteger los emprendimientos y mejorar los espacios de la feria. Ya estamos trabajando en los permisos y colaborando con las comunidades. Los invito a participar en esta iniciativa, que ha sido un \u00e9xito en t\u00e9rminos de atenci\u00f3n al p\u00fablico\u201d, concluy\u00f3 la primera autoridad de Rengo.<\/p>\n\n\n\n<p><strong>Impresiones de los asistentes<\/strong><\/p>\n\n\n\n<p>Claudia Ortiz, vecina de la Villa Los Aromos, subray\u00f3: \u201cConsidero que esto genera un respeto hacia nosotros al dedicar el tiempo que merecemos. Creo que as\u00ed la comunidad tambi\u00e9n respeta al alcalde\u00bb.<\/p>\n\n\n\n<p>Por su parte, Isabel Maturana, de la localidad de Rosario, tambi\u00e9n destac\u00f3 la iniciativa: \u201cMe parece una excelente idea, pues nos brinda m\u00e1s oportunidades para comunicarnos con los directores. Recib\u00ed una muy buena acogida y me voy satisfecha. Es un placer tener un gran alcalde como Don Enrique\u201d.<\/p>\n\n\n\n<p>Las jornadas de atenci\u00f3n al p\u00fablico continuar\u00e1n realiz\u00e1ndose en la Municipalidad de Rengo todos los jueves entre las 8:30 y las 11:00 horas.<\/p>\n","protected":false},"excerpt":{"rendered":"El jueves 9 de enero, el alcalde de Rengo, Enrique del Barrio Hern\u00e1ndez, inaugur\u00f3 una jornada de atenci\u00f3n&hellip;\n","protected":false},"author":1,"featured_media":0,"comment_status":"open","ping_status":"open","sticky":false,"template":"","format":"standard","meta":{"_monsterinsights_skip_tracking":false,"_monsterinsights_sitenote_active":false,"_monsterinsights_sitenote_note":"","_monsterinsights_sitenote_category":0,"footnotes":""},"categories":[8],"tags":[],"class_list":{"0":"post-907","1":"post","2":"type-post","3":"status-publish","4":"format-standard","6":"category-portada"},"aioseo_notices":[],"_links":{"self":[{"href":"https:\/\/www.rengoenlanoticia.cl\/prensa\/wp-json\/wp\/v2\/posts\/907","targetHints":{"allow":["GET"]}}],"collection":[{"href":"https:\/\/www.rengoenlanoticia.cl\/prensa\/wp-json\/wp\/v2\/posts"}],"about":[{"href":"https:\/\/www.rengoenlanoticia.cl\/prensa\/wp-json\/wp\/v2\/types\/post"}],"author":[{"embeddable":true,"href":"https:\/\/www.rengoenlanoticia.cl\/prensa\/wp-json\/wp\/v2\/users\/1"}],"replies":[{"embeddable":true,"href":"https:\/\/www.rengoenlanoticia.cl\/prensa\/wp-json\/wp\/v2\/comments?post=907"}],"version-history":[{"count":2,"href":"https:\/\/www.rengoenlanoticia.cl\/prensa\/wp-json\/wp\/v2\/posts\/907\/revisions"}],"predecessor-version":[{"id":913,"href":"https:\/\/www.rengoenlanoticia.cl\/prensa\/wp-json\/wp\/v2\/posts\/907\/revisions\/913"}],"wp:attachment":[{"href":"https:\/\/www.rengoenlanoticia.cl\/prensa\/wp-json\/wp\/v2\/media?parent=907"}],"wp:term":[{"taxonomy":"category","embeddable":true,"href":"https:\/\/www.rengoenlanoticia.cl\/prensa\/wp-json\/wp\/v2\/categories?post=907"},{"taxonomy":"post_tag","embeddable":true,"href":"https:\/\/www.rengoenlanoticia.cl\/prensa\/wp-json\/wp\/v2\/tags?post=907"}],"curies":[{"name":"wp","href":"https:\/\/api.w.org\/{rel}","templated":true}]}}