{"id":9033,"date":"2026-01-23T13:43:31","date_gmt":"2026-01-23T13:43:31","guid":{"rendered":"https:\/\/www.rengoenlanoticia.cl\/prensa\/?p=9033"},"modified":"2026-01-23T13:43:33","modified_gmt":"2026-01-23T13:43:33","slug":"diputada-natalia-romero-destaca-extension-de-licencias-de-conducir-para-aliviar-colapso-municipal","status":"publish","type":"post","link":"https:\/\/www.rengoenlanoticia.cl\/prensa\/2026\/01\/23\/diputada-natalia-romero-destaca-extension-de-licencias-de-conducir-para-aliviar-colapso-municipal\/","title":{"rendered":"Diputada Natalia Romero destaca extensi\u00f3n de licencias de conducir para aliviar colapso municipal"},"content":{"rendered":"\n<p>La diputada Natalia Romero valor\u00f3 la aprobaci\u00f3n de una indicaci\u00f3n que permitir\u00e1 extender la vigencia de las licencias de conducir, medida que busca enfrentar el colapso que desde hace a\u00f1os afecta a los departamentos de tr\u00e1nsito municipal en distintas comunas del pa\u00eds.<\/p>\n\n\n\n<p>La parlamentaria se\u00f1al\u00f3 que la dificultad para obtener horas de renovaci\u00f3n se ha transformado en un problema recurrente tanto a nivel regional como nacional, generando complicaciones para miles de personas. En ese contexto, explic\u00f3 que la iniciativa fue aprobada este mi\u00e9rcoles en el marco del proyecto de reajuste al sector p\u00fablico.<\/p>\n\n\n\n<p>\u201cLa renovaci\u00f3n de licencias de conducir se ha transformado en un verdadero dolor de cabeza para miles de personas en nuestra regi\u00f3n y en todo el pa\u00eds, debido al colapso permanente de los departamentos de tr\u00e1nsito municipal. Por eso valoro profundamente que hayamos aprobado una indicaci\u00f3n que extiende la vigencia de las licencias, entregando un respiro real a quienes llevan meses sin poder acceder a una hora de atenci\u00f3n\u201d, coment\u00f3.<\/p>\n\n\n\n<p>Seg\u00fan detall\u00f3 la diputada Romero, todas las licencias de conducir que vencieron durante 2025 tendr\u00e1n ahora vigencia hasta el 31 de diciembre de 2026. En tanto, aquellas que expiren durante este a\u00f1o 2026 contar\u00e1n con una pr\u00f3rroga autom\u00e1tica de seis meses desde su fecha de vencimiento.<\/p>\n\n\n\n<p>La legisladora subray\u00f3 que se trata de una soluci\u00f3n concreta que permitir\u00e1 descongestionar parcialmente los municipios y entregar un respiro a quienes no han podido renovar su documento debido a la falta de horas disponibles, calificando la medida como una buena noticia para vecinos de la regi\u00f3n y de todo el pa\u00eds.<\/p>\n","protected":false},"excerpt":{"rendered":"La diputada Natalia Romero valor\u00f3 la aprobaci\u00f3n de una indicaci\u00f3n que permitir\u00e1 extender la vigencia de las licencias&hellip;\n","protected":false},"author":1,"featured_media":9034,"comment_status":"open","ping_status":"open","sticky":false,"template":"","format":"standard","meta":{"_monsterinsights_skip_tracking":false,"_monsterinsights_sitenote_active":false,"_monsterinsights_sitenote_note":"","_monsterinsights_sitenote_category":0,"footnotes":""},"categories":[11,8],"tags":[],"class_list":{"0":"post-9033","1":"post","2":"type-post","3":"status-publish","4":"format-standard","5":"has-post-thumbnail","7":"category-politica","8":"category-portada"},"aioseo_notices":[],"_links":{"self":[{"href":"https:\/\/www.rengoenlanoticia.cl\/prensa\/wp-json\/wp\/v2\/posts\/9033","targetHints":{"allow":["GET"]}}],"collection":[{"href":"https:\/\/www.rengoenlanoticia.cl\/prensa\/wp-json\/wp\/v2\/posts"}],"about":[{"href":"https:\/\/www.rengoenlanoticia.cl\/prensa\/wp-json\/wp\/v2\/types\/post"}],"author":[{"embeddable":true,"href":"https:\/\/www.rengoenlanoticia.cl\/prensa\/wp-json\/wp\/v2\/users\/1"}],"replies":[{"embeddable":true,"href":"https:\/\/www.rengoenlanoticia.cl\/prensa\/wp-json\/wp\/v2\/comments?post=9033"}],"version-history":[{"count":2,"href":"https:\/\/www.rengoenlanoticia.cl\/prensa\/wp-json\/wp\/v2\/posts\/9033\/revisions"}],"predecessor-version":[{"id":9037,"href":"https:\/\/www.rengoenlanoticia.cl\/prensa\/wp-json\/wp\/v2\/posts\/9033\/revisions\/9037"}],"wp:featuredmedia":[{"embeddable":true,"href":"https:\/\/www.rengoenlanoticia.cl\/prensa\/wp-json\/wp\/v2\/media\/9034"}],"wp:attachment":[{"href":"https:\/\/www.rengoenlanoticia.cl\/prensa\/wp-json\/wp\/v2\/media?parent=9033"}],"wp:term":[{"taxonomy":"category","embeddable":true,"href":"https:\/\/www.rengoenlanoticia.cl\/prensa\/wp-json\/wp\/v2\/categories?post=9033"},{"taxonomy":"post_tag","embeddable":true,"href":"https:\/\/www.rengoenlanoticia.cl\/prensa\/wp-json\/wp\/v2\/tags?post=9033"}],"curies":[{"name":"wp","href":"https:\/\/api.w.org\/{rel}","templated":true}]}}