{"id":9004,"date":"2026-01-23T04:47:35","date_gmt":"2026-01-23T04:47:35","guid":{"rendered":"https:\/\/www.rengoenlanoticia.cl\/prensa\/?p=9004"},"modified":"2026-01-23T05:22:53","modified_gmt":"2026-01-23T05:22:53","slug":"la-solidaridad-no-necesita-aplausos","status":"publish","type":"post","link":"https:\/\/www.rengoenlanoticia.cl\/prensa\/2026\/01\/23\/la-solidaridad-no-necesita-aplausos\/","title":{"rendered":"La solidaridad no necesita aplausos"},"content":{"rendered":"\n<p>En tiempos donde las redes sociales ocupan un lugar central en la vida cotidiana, la solidaridad parece haber adoptado nuevas formas. Hoy, muchas acciones solidarias no solo se realizan, sino que adem\u00e1s se graban, se editan y se difunden p\u00fablicamente. Ayudar ya no parece suficiente si no va acompa\u00f1ado de visibilidad, aprobaci\u00f3n y reconocimiento. Frente a este escenario, surge una pregunta leg\u00edtima: \u00bfpor qu\u00e9 sentimos la necesidad de mostrar cada buena acci\u00f3n que realizamos?<\/p>\n\n\n\n<p>Desde joven aprend\u00ed que la solidaridad no requiere anuncios ni vitrinas. Fui formado con principios claros, especialmente por mi padre (padrastro), quien sol\u00eda decir: <em>\u201cQue tu mano derecha no sepa lo que hace tu mano izquierda\u201d<\/em>. Esa ense\u00f1anza marc\u00f3 profundamente mi forma de entender la ayuda al pr\u00f3jimo: como un acto sincero, desinteresado y, muchas veces, an\u00f3nimo.<\/p>\n\n\n\n<p>En los \u00faltimos tiempos, especialmente ante la tragedia que viven nuestros hermanos del sur, se han multiplicado los registros audiovisuales de personas entregando ayuda. Y aunque toda colaboraci\u00f3n es valiosa y necesaria, resulta leg\u00edtimo preguntarse si siempre existe una motivaci\u00f3n genuina detr\u00e1s de estas acciones o si, en algunos casos, se trata de obtener beneficios personales, pol\u00edticos o sociales. La verdadera solidaridad no necesita c\u00e1maras ni aplausos.<\/p>\n\n\n\n<p>A lo largo de mi vida he realizado diversas acciones en beneficio de otras personas sin hacerlas p\u00fablicas. Desde 1989 adopt\u00e9 una forma de actuar solidaria sin buscar protagonismo ni reconocimiento. En ese camino, he gestionado ayuda con el respaldo de distintos alcaldes, entre ellos Julio Sep\u00falveda, Rodrigo Mel\u00e9ndez Larios, Fernando Zapata, Marco Gatica Mu\u00f1oz y, m\u00e1s recientemente, Carlos Soto Gonz\u00e1lez, el ex concejal y ex corredor de f\u00f3rmula 3, Giuseppe Bacigalupo, Natalia Romero,, Raul Soto, Marta Gonz\u00e1les todos Diputados actuales. Juan Luis Castro Senador, En la Quinta Regi\u00f3n tambi\u00e9n se llevaron a cabo obras sociales con el apoyo de los ex-alcalde Fernando Santa Cruz y Sergio \u00a0\u00a0Rojas , el ex senador Sergio Romero.    desarrollando m\u00faltiples iniciativas conjuntas sin que mi figura fuera el centro de atenci\u00f3n.<\/p>\n\n\n\n<p>En la comuna de Rengo, muchas familias fueron beneficiadas con mediaguas y ayuda alimentaria. En estas gestiones participaron personas y organizaciones con un genuino esp\u00edritu solidario, como Andr\u00e9s Chadwick, exdiputado y exministro del Interior; Carlos Horman  empresario TAMBOFRUT Felipe Fuentes Madriaza; TODOTEC Alex Ram\u00edrez; Luc\u00eda Mu\u00f1oz Sandoval, hoy ambos consejeros regionales,  Eugenio Bauer, exdiputado y ex CORE, Rodrigo Alarc\u00f3n Empresario Librer\u00eda OFICIO., Pedro Tom\u00e1s Valenzuela Empresario PINO AZUL, e Issac Latorre., empresarios, Jorge Bertolli, Empresario, Luis Cerda, administrador IKELA, Cristi\u00e1n G\u00e1lvez, Empresario TU ESQUINA,  Patricia Torrealba, Coordinadora  Regional  de SENAMA, todos renguinos,  Oscar Avila Director Regional de CORFO., entre otros.<\/p>\n\n\n\n<p>No cuento con grandes recursos econ\u00f3micos para ayudar directamente, pero s\u00ed con la capacidad de gestionar apoyo, acercarme a empresarios y autoridades, y articular redes para canalizar ayuda hacia quienes m\u00e1s lo necesitan. Esa ha sido siempre mi contribuci\u00f3n, ejercida durante a\u00f1os de manera silenciosa.<\/p>\n\n\n\n<p>Hoy decido expresar esta reflexi\u00f3n no para buscar reconocimiento, sino porque resulta doloroso observar c\u00f3mo, en medio del sufrimiento ajeno, algunas autoridades y civiles se aprovechan de la desgracia para obtener visibilidad o r\u00e9ditos personales. La solidaridad no debe transformarse en un espect\u00e1culo. Ayudar es un deber moral, no una estrategia de imagen.<\/p>\n\n\n\n<p>La ayuda aut\u00e9ntica nace del coraz\u00f3n y no necesita ser publicada. Porque cuando la intenci\u00f3n es limpia, el anonimato tambi\u00e9n es una forma de respeto.<\/p>\n\n\n\n<p>Pedro Antonio Veas Sanfurgo<\/p>\n\n\n\n<p>Reportero Gr\u00e1fico.<\/p>\n","protected":false},"excerpt":{"rendered":"En tiempos donde las redes sociales ocupan un lugar central en la vida cotidiana, la solidaridad parece haber&hellip;\n","protected":false},"author":2,"featured_media":9024,"comment_status":"open","ping_status":"open","sticky":false,"template":"","format":"standard","meta":{"_monsterinsights_skip_tracking":false,"_monsterinsights_sitenote_active":false,"_monsterinsights_sitenote_note":"","_monsterinsights_sitenote_category":0,"footnotes":""},"categories":[8],"tags":[],"class_list":{"0":"post-9004","1":"post","2":"type-post","3":"status-publish","4":"format-standard","5":"has-post-thumbnail","7":"category-portada"},"aioseo_notices":[],"_links":{"self":[{"href":"https:\/\/www.rengoenlanoticia.cl\/prensa\/wp-json\/wp\/v2\/posts\/9004","targetHints":{"allow":["GET"]}}],"collection":[{"href":"https:\/\/www.rengoenlanoticia.cl\/prensa\/wp-json\/wp\/v2\/posts"}],"about":[{"href":"https:\/\/www.rengoenlanoticia.cl\/prensa\/wp-json\/wp\/v2\/types\/post"}],"author":[{"embeddable":true,"href":"https:\/\/www.rengoenlanoticia.cl\/prensa\/wp-json\/wp\/v2\/users\/2"}],"replies":[{"embeddable":true,"href":"https:\/\/www.rengoenlanoticia.cl\/prensa\/wp-json\/wp\/v2\/comments?post=9004"}],"version-history":[{"count":5,"href":"https:\/\/www.rengoenlanoticia.cl\/prensa\/wp-json\/wp\/v2\/posts\/9004\/revisions"}],"predecessor-version":[{"id":9032,"href":"https:\/\/www.rengoenlanoticia.cl\/prensa\/wp-json\/wp\/v2\/posts\/9004\/revisions\/9032"}],"wp:featuredmedia":[{"embeddable":true,"href":"https:\/\/www.rengoenlanoticia.cl\/prensa\/wp-json\/wp\/v2\/media\/9024"}],"wp:attachment":[{"href":"https:\/\/www.rengoenlanoticia.cl\/prensa\/wp-json\/wp\/v2\/media?parent=9004"}],"wp:term":[{"taxonomy":"category","embeddable":true,"href":"https:\/\/www.rengoenlanoticia.cl\/prensa\/wp-json\/wp\/v2\/categories?post=9004"},{"taxonomy":"post_tag","embeddable":true,"href":"https:\/\/www.rengoenlanoticia.cl\/prensa\/wp-json\/wp\/v2\/tags?post=9004"}],"curies":[{"name":"wp","href":"https:\/\/api.w.org\/{rel}","templated":true}]}}