{"id":9001,"date":"2026-01-23T03:30:24","date_gmt":"2026-01-23T03:30:24","guid":{"rendered":"https:\/\/www.rengoenlanoticia.cl\/prensa\/?p=9001"},"modified":"2026-01-23T03:30:27","modified_gmt":"2026-01-23T03:30:27","slug":"horticrece-culmina-su-etapa-como-programa-corfo-y-evoluciona-hacia-el-modelo-cooperativo","status":"publish","type":"post","link":"https:\/\/www.rengoenlanoticia.cl\/prensa\/2026\/01\/23\/horticrece-culmina-su-etapa-como-programa-corfo-y-evoluciona-hacia-el-modelo-cooperativo\/","title":{"rendered":"HortiCrece culmina su etapa como programa Corfo y evoluciona hacia el modelo cooperativo"},"content":{"rendered":"\n<p><em>La nueva organizaci\u00f3n agrupa a productores y actores clave del rubro hort\u00edcola, asegurando la continuidad del trabajo articulado iniciado por Corfo.<\/em><\/p>\n\n\n\n<p>Luego de 10 a\u00f1os de trabajo continuo en el sector hort\u00edcola, HortiCrece finaliza oficialmente su etapa como programa apoyado por Corfo el pr\u00f3ximo 30 de abril, dando paso a una nueva fase marcada por la consolidaci\u00f3n del trabajo realizado: el inicio de la Cooperativa HortiCrece.<\/p>\n\n\n\n<p>Durante una d\u00e9cada, HortiCrece desarroll\u00f3 un trabajo sostenido orientado al fortalecimiento del sector hort\u00edcola, generando lazos de colaboraci\u00f3n, alianzas estrat\u00e9gicas y redes de trabajo entre productores, instituciones p\u00fablicas, entidades t\u00e9cnicas y actores del ecosistema agroalimentario. Este proceso permiti\u00f3 sentar bases s\u00f3lidas que hoy hacen posible avanzar hacia un modelo de continuidad y autonom\u00eda.<\/p>\n\n\n\n<p>El cierre de esta etapa como programa Corfo representa el cumplimiento de un ciclo de acompa\u00f1amiento, donde se logr\u00f3 instalar capacidades, articular al sector y fortalecer su organizaci\u00f3n a trav\u00e9s de acciones que generaron aumento de las inversiones en el sector, adquisici\u00f3n de nuevas tecnolog\u00edas, aumento de montos y vol\u00famenes de comercializaci\u00f3n en el rubro tanto para mercado interno como para exportaci\u00f3n. En este contexto, la transici\u00f3n hacia un nuevo modelo no responde a un t\u00e9rmino del trabajo, sino a su evoluci\u00f3n natural, basada en la madurez alcanzada por el sector y su red de actores.<\/p>\n\n\n\n<p>En esta etapa de transici\u00f3n, HortiCrece contin\u00faa desarrollando actividades clave para el sector, siendo la principal la ejecuci\u00f3n de HortiTrade, encuentro que se ha consolidado como un espacio relevante de vinculaci\u00f3n comercial y fortalecimiento de redes para el rubro hort\u00edcola.<\/p>\n\n\n\n<p>De este modo, el cierre del programa da paso a una continuidad operativa orientada a seguir generando impacto y oportunidades para los productores.<\/p>\n\n\n\n<p><strong>Nacimiento de la Cooperativa HortiCrece<\/strong><\/p>\n\n\n\n<p>Como parte del proceso de cierre del programa, se realiz\u00f3 un estudio de alternativas de sostenibilidad, con el objetivo de asegurar la continuidad del trabajo desarrollado y proyectar su impacto en el tiempo. Dentro de las distintas opciones evaluadas, la figura de la cooperativa se identific\u00f3 como una de las alternativas m\u00e1s s\u00f3lidas y viables.<\/p>\n\n\n\n<p>Esta opci\u00f3n fue respaldada y solicitada por el propio sector hort\u00edcola, entendiendo la cooperativa no solo como un mecanismo de sostenibilidad, sino tambi\u00e9n como una herramienta de representatividad, capaz de canalizar de mejor forma las necesidades, desaf\u00edos y oportunidades de los productores.<\/p>\n\n\n\n<p>\u201cEl nacimiento de la cooperativa representa un paso fundamental para que el trabajo desarrollado no se detenga, sino que evolucione. Este modelo colaborativo, es fruto del trabajo sostenido de una red de actores que permitir\u00e1 mantener y escalar los impactos positivos que ya hemos visto en la calidad de vida de los productores y sus comunidades\u201d, se\u00f1al\u00f3 Marcela Reyes, gerente de HortiCrece.<\/p>\n\n\n\n<p>De esta manera, nace la Cooperativa HortiCrece, como una iniciativa que recoge el trabajo de los \u00faltimos 10 a\u00f1os y lo proyecta bajo un modelo de gesti\u00f3n independiente, participativo y con identidad propia, manteniendo el esp\u00edritu colaborativo que ha caracterizado al programa desde sus inicios.<\/p>\n\n\n\n<p>La Cooperativa HortiCrece ya cuenta con una directiva encabezada por \u00c1ngel Reyes, empresario hort\u00edcola que ha sido parte del programa desde sus inicios y que, a lo largo del proceso, ha impulsado activamente la necesidad de contar con una figura organizativa que represente al sector. Su rol como presidente refleja la continuidad del trabajo desarrollado durante estos a\u00f1os y la voluntad de los propios productores por avanzar hacia un modelo asociativo que fortalezca la representatividad, la toma de decisiones colectivas y la proyecci\u00f3n del sector hort\u00edcola en el tiempo.<\/p>\n\n\n\n<p>Por su parte, \u00c1ngel Reyes, actual presidente de la nueva organizaci\u00f3n, destac\u00f3 que \u201cesta cooperativa nace desde la convicci\u00f3n de que juntos podemos llegar m\u00e1s lejos. Queremos representar con fuerza al rubro hort\u00edcola regional y ser un puente entre el campo, los consumidores y nuevas oportunidades con una mirada integrativa\u201d<\/p>\n\n\n\n<figure class=\"wp-block-image size-full\"><img loading=\"lazy\" decoding=\"async\" width=\"1024\" height=\"731\" src=\"https:\/\/www.rengoenlanoticia.cl\/prensa\/wp-content\/uploads\/2026\/01\/IMG_1254-1.jpeg\" alt=\"\" class=\"wp-image-9009\" srcset=\"https:\/\/www.rengoenlanoticia.cl\/prensa\/wp-content\/uploads\/2026\/01\/IMG_1254-1.jpeg 1024w, https:\/\/www.rengoenlanoticia.cl\/prensa\/wp-content\/uploads\/2026\/01\/IMG_1254-1-300x214.jpeg 300w, https:\/\/www.rengoenlanoticia.cl\/prensa\/wp-content\/uploads\/2026\/01\/IMG_1254-1-768x548.jpeg 768w, https:\/\/www.rengoenlanoticia.cl\/prensa\/wp-content\/uploads\/2026\/01\/IMG_1254-1-110x79.jpeg 110w, https:\/\/www.rengoenlanoticia.cl\/prensa\/wp-content\/uploads\/2026\/01\/IMG_1254-1-200x143.jpeg 200w, https:\/\/www.rengoenlanoticia.cl\/prensa\/wp-content\/uploads\/2026\/01\/IMG_1254-1-380x271.jpeg 380w, https:\/\/www.rengoenlanoticia.cl\/prensa\/wp-content\/uploads\/2026\/01\/IMG_1254-1-255x182.jpeg 255w, https:\/\/www.rengoenlanoticia.cl\/prensa\/wp-content\/uploads\/2026\/01\/IMG_1254-1-550x393.jpeg 550w, https:\/\/www.rengoenlanoticia.cl\/prensa\/wp-content\/uploads\/2026\/01\/IMG_1254-1-800x571.jpeg 800w\" sizes=\"auto, (max-width: 1024px) 100vw, 1024px\" \/><\/figure>\n\n\n\n<p><strong>Proyecci\u00f3n y continuidad<\/strong><\/p>\n\n\n\n<p>La Cooperativa HortiCrece tendr\u00e1 como foco dar continuidad al trabajo realizado, profundizando la asociatividad, fortaleciendo el acceso a mercados, promoviendo nuevas instancias de comercializaci\u00f3n y representando de manera activa al sector hort\u00edcola, contribuyendo a su desarrollo competitivo y sostenible.<\/p>\n\n\n\n<p>As\u00ed, HortiCrece culmina una etapa clave de su historia y abre un nuevo cap\u00edtulo, consolidando un proceso que hoy se proyecta desde la autonom\u00eda y la organizaci\u00f3n del propio sector.<\/p>\n\n\n\n<figure class=\"wp-block-image size-full\"><img loading=\"lazy\" decoding=\"async\" width=\"1024\" height=\"683\" src=\"https:\/\/www.rengoenlanoticia.cl\/prensa\/wp-content\/uploads\/2026\/01\/OscarAvila.jpg\" alt=\"\" class=\"wp-image-9010\" srcset=\"https:\/\/www.rengoenlanoticia.cl\/prensa\/wp-content\/uploads\/2026\/01\/OscarAvila.jpg 1024w, https:\/\/www.rengoenlanoticia.cl\/prensa\/wp-content\/uploads\/2026\/01\/OscarAvila-300x200.jpg 300w, https:\/\/www.rengoenlanoticia.cl\/prensa\/wp-content\/uploads\/2026\/01\/OscarAvila-768x512.jpg 768w, https:\/\/www.rengoenlanoticia.cl\/prensa\/wp-content\/uploads\/2026\/01\/OscarAvila-110x73.jpg 110w, https:\/\/www.rengoenlanoticia.cl\/prensa\/wp-content\/uploads\/2026\/01\/OscarAvila-200x133.jpg 200w, https:\/\/www.rengoenlanoticia.cl\/prensa\/wp-content\/uploads\/2026\/01\/OscarAvila-380x253.jpg 380w, https:\/\/www.rengoenlanoticia.cl\/prensa\/wp-content\/uploads\/2026\/01\/OscarAvila-255x170.jpg 255w, https:\/\/www.rengoenlanoticia.cl\/prensa\/wp-content\/uploads\/2026\/01\/OscarAvila-550x367.jpg 550w, https:\/\/www.rengoenlanoticia.cl\/prensa\/wp-content\/uploads\/2026\/01\/OscarAvila-800x534.jpg 800w\" sizes=\"auto, (max-width: 1024px) 100vw, 1024px\" \/><\/figure>\n\n\n\n<p>\u201cPara Corfo, este es un hito muy significativo. HortiCrece demostr\u00f3 que cuando productores, instituciones y el sector privado trabajan de manera coordinada, se generan transformaciones reales. La constituci\u00f3n de esta cooperativa es la mejor prueba de que el esfuerzo colectivo tiene resultados duraderos. Hoy celebramos que el sector hort\u00edcola de O\u2019Higgins cuenta con una organizaci\u00f3n capaz de sostener y proyectar este desarrollo por cuenta propia\u201d, manifest\u00f3 el director de Corfo O\u2019Higgins, Oscar \u00c1vila.<\/p>\n","protected":false},"excerpt":{"rendered":"La nueva organizaci\u00f3n agrupa a productores y actores clave del rubro hort\u00edcola, asegurando la continuidad del trabajo articulado&hellip;\n","protected":false},"author":1,"featured_media":9007,"comment_status":"open","ping_status":"open","sticky":false,"template":"","format":"standard","meta":{"_monsterinsights_skip_tracking":false,"_monsterinsights_sitenote_active":false,"_monsterinsights_sitenote_note":"","_monsterinsights_sitenote_category":0,"footnotes":""},"categories":[8],"tags":[],"class_list":{"0":"post-9001","1":"post","2":"type-post","3":"status-publish","4":"format-standard","5":"has-post-thumbnail","7":"category-portada"},"aioseo_notices":[],"_links":{"self":[{"href":"https:\/\/www.rengoenlanoticia.cl\/prensa\/wp-json\/wp\/v2\/posts\/9001","targetHints":{"allow":["GET"]}}],"collection":[{"href":"https:\/\/www.rengoenlanoticia.cl\/prensa\/wp-json\/wp\/v2\/posts"}],"about":[{"href":"https:\/\/www.rengoenlanoticia.cl\/prensa\/wp-json\/wp\/v2\/types\/post"}],"author":[{"embeddable":true,"href":"https:\/\/www.rengoenlanoticia.cl\/prensa\/wp-json\/wp\/v2\/users\/1"}],"replies":[{"embeddable":true,"href":"https:\/\/www.rengoenlanoticia.cl\/prensa\/wp-json\/wp\/v2\/comments?post=9001"}],"version-history":[{"count":3,"href":"https:\/\/www.rengoenlanoticia.cl\/prensa\/wp-json\/wp\/v2\/posts\/9001\/revisions"}],"predecessor-version":[{"id":9021,"href":"https:\/\/www.rengoenlanoticia.cl\/prensa\/wp-json\/wp\/v2\/posts\/9001\/revisions\/9021"}],"wp:featuredmedia":[{"embeddable":true,"href":"https:\/\/www.rengoenlanoticia.cl\/prensa\/wp-json\/wp\/v2\/media\/9007"}],"wp:attachment":[{"href":"https:\/\/www.rengoenlanoticia.cl\/prensa\/wp-json\/wp\/v2\/media?parent=9001"}],"wp:term":[{"taxonomy":"category","embeddable":true,"href":"https:\/\/www.rengoenlanoticia.cl\/prensa\/wp-json\/wp\/v2\/categories?post=9001"},{"taxonomy":"post_tag","embeddable":true,"href":"https:\/\/www.rengoenlanoticia.cl\/prensa\/wp-json\/wp\/v2\/tags?post=9001"}],"curies":[{"name":"wp","href":"https:\/\/api.w.org\/{rel}","templated":true}]}}