{"id":8966,"date":"2026-01-23T03:07:54","date_gmt":"2026-01-23T03:07:54","guid":{"rendered":"https:\/\/www.rengoenlanoticia.cl\/prensa\/?p=8966"},"modified":"2026-01-23T03:07:57","modified_gmt":"2026-01-23T03:07:57","slug":"equipo-emt-del-servicio-de-salud-ohiggins-refuerza-atencion-sanitaria-en-penco-lirquen","status":"publish","type":"post","link":"https:\/\/www.rengoenlanoticia.cl\/prensa\/2026\/01\/23\/equipo-emt-del-servicio-de-salud-ohiggins-refuerza-atencion-sanitaria-en-penco-lirquen\/","title":{"rendered":"Equipo EMT del Servicio de Salud O\u2019Higgins refuerza atenci\u00f3n sanitaria en Penco\u2013Lirqu\u00e9n"},"content":{"rendered":"\n<p>\u00b7&nbsp;&nbsp;&nbsp;&nbsp;&nbsp;&nbsp;&nbsp;&nbsp;&nbsp;Tras los incendios forestales se activ\u00f3 el despliegue de profesionales especializados en emergencias a la Regi\u00f3n del Biob\u00edo para apoyar a la comunidad y a una red asistencial severamente afectada por los incendios forestales.<\/p>\n\n\n\n<p><em>Penco-Lirqu\u00e9n, 21 de enero de 2026 &#8211;&nbsp;<\/em>Frente a los graves incendios forestales que han impactado a la Regi\u00f3n del Biob\u00edo y que dejaron fuera de operaci\u00f3n a establecimientos clave de la red asistencial en la comuna de Penco\u2013Lirqu\u00e9n, el Equipo M\u00e9dico de Emergencia (EMT) del Servicio de Salud O\u2019Higgins inici\u00f3 un despliegue sanitario para reforzar la atenci\u00f3n de la poblaci\u00f3n afectada, en coordinaci\u00f3n con las autoridades locales y el Ministerio de Salud.<\/p>\n\n\n\n<p>La emergencia provoc\u00f3 la no operatividad del Hospital Penco\u2013Lirqu\u00e9n, del CESFAM Lirqu\u00e9n y del CECOSF R\u00edos de Chile, obligando a activar medidas de contingencia para garantizar la continuidad de la atenci\u00f3n, especialmente en urgencias, entrega de medicamentos y apoyo a personas con mayor vulnerabilidad.<\/p>\n\n\n\n<p>El equipo desplegado est\u00e1 conformado por Ximena Duarte Aranda, enfermera matrona; \u00c1lvaro Guzm\u00e1n Rojas, enfermero; Ricardo Esteban G\u00f3mez Dur\u00e1n, t\u00e9cnico en enfermer\u00eda (TENS); Mario Armando Bustamante Quintanilla, m\u00e9dico urgenci\u00f3logo; Jos\u00e9 Luis Vergara Correa, TENS; y Francisco Javier Gatica Orellana, TENS, todos profesionales con experiencia en atenci\u00f3n prehospitalaria, urgencia y respuesta en contextos de desastre.<\/p>\n\n\n\n<p>Durante el despliegue, el \u00e9nfasis se pone no solo en la atenci\u00f3n cl\u00ednica directa, sino tambi\u00e9n en el acompa\u00f1amiento humano y la contenci\u00f3n emocional. As\u00ed lo explica la enfermera matrona Ximena Duarte, quien se\u00f1ala que en este tipo de emergencias \u201cmuchas veces las personas necesitan ser escuchadas y contenidas; el apoyo emocional es tan relevante como una curaci\u00f3n o un medicamento\u201d.<\/p>\n\n\n\n<p>Desde la coordinaci\u00f3n sanitaria, el enfermero \u00c1lvaro Guzm\u00e1n destaca que la activaci\u00f3n del EMT responde a escenarios donde la capacidad local se ve sobrepasada: \u201cEstamos en Penco\u2013Lirqu\u00e9n para apoyar a una red asistencial da\u00f1ada por los incendios y asegurar que la comunidad reciba atenci\u00f3n oportuna y segura\u201d, afirm\u00f3.<\/p>\n\n\n\n<p>El m\u00e9dico urgenci\u00f3logo Mario Bustamante subray\u00f3 que este tipo de misiones exigen un trabajo altamente coordinado y flexible: \u201cNuestro objetivo es entregar atenci\u00f3n directa, evaluar necesidades sanitarias urgentes y contribuir a restablecer, lo antes posible, la respuesta del sistema de salud local\u201d.<\/p>\n\n\n\n<p>Desde la experiencia en terreno, el TENS Jos\u00e9 Luis Vergara relev\u00f3 el impacto humano de estas emergencias: \u201cMuchas personas han perdido todo. En esos momentos, valoran profundamente que los equipos de salud est\u00e9n presentes, acompa\u00f1\u00e1ndolos en situaciones muy dif\u00edciles\u201d, mientras que su par Francisco Gatica a\u00f1adi\u00f3 que \u201ccomo EMT estamos preparados para trabajar en condiciones complejas y ser un apoyo real cuando la red habitual no est\u00e1 operativa\u201d.<\/p>\n\n\n\n<p><strong>\u00bfQu\u00e9 es el Equipo M\u00e9dico de Emergencia (EMT)?<\/strong><\/p>\n\n\n\n<p>El Equipo M\u00e9dico de Emergencia (EMT) es una estrategia del Ministerio de Salud que agrupa a funcionarios y funcionarias del sistema p\u00fablico con entrenamiento espec\u00edfico en atenci\u00f3n sanitaria en contextos de emergencias, desastres y cat\u00e1strofes. Su misi\u00f3n es brindar atenci\u00f3n cl\u00ednica directa, apoyo psicosocial y levantamiento de necesidades sanitarias, actuando como soporte cuando la capacidad de respuesta de los establecimientos locales se ve superada. Estos equipos est\u00e1n preparados para desplegarse r\u00e1pidamente en cualquier punto del pa\u00eds, garantizando una respuesta integrada, oportuna y centrada en las personas.<\/p>\n\n\n\n<p>El despliegue en Penco\u2013Lirqu\u00e9n se suma a la trayectoria del EMT del Servicio de Salud O\u2019Higgins en emergencias ocurridas en distintas regiones del pa\u00eds como Biob\u00edo y Valpara\u00edso. Una experiencia que, como coinciden sus integrantes, \u201cpermite mirar la vida con otro punto de vista\u201d, reforzando el compromiso del sector salud con una respuesta solidaria, profesional y profundamente humana frente a las cat\u00e1strofes.<\/p>\n","protected":false},"excerpt":{"rendered":"\u00b7&nbsp;&nbsp;&nbsp;&nbsp;&nbsp;&nbsp;&nbsp;&nbsp;&nbsp;Tras los incendios forestales se activ\u00f3 el despliegue de profesionales especializados en emergencias a la Regi\u00f3n del Biob\u00edo&hellip;\n","protected":false},"author":1,"featured_media":8974,"comment_status":"open","ping_status":"open","sticky":false,"template":"","format":"standard","meta":{"_monsterinsights_skip_tracking":false,"_monsterinsights_sitenote_active":false,"_monsterinsights_sitenote_note":"","_monsterinsights_sitenote_category":0,"footnotes":""},"categories":[8],"tags":[],"class_list":{"0":"post-8966","1":"post","2":"type-post","3":"status-publish","4":"format-standard","5":"has-post-thumbnail","7":"category-portada"},"aioseo_notices":[],"_links":{"self":[{"href":"https:\/\/www.rengoenlanoticia.cl\/prensa\/wp-json\/wp\/v2\/posts\/8966","targetHints":{"allow":["GET"]}}],"collection":[{"href":"https:\/\/www.rengoenlanoticia.cl\/prensa\/wp-json\/wp\/v2\/posts"}],"about":[{"href":"https:\/\/www.rengoenlanoticia.cl\/prensa\/wp-json\/wp\/v2\/types\/post"}],"author":[{"embeddable":true,"href":"https:\/\/www.rengoenlanoticia.cl\/prensa\/wp-json\/wp\/v2\/users\/1"}],"replies":[{"embeddable":true,"href":"https:\/\/www.rengoenlanoticia.cl\/prensa\/wp-json\/wp\/v2\/comments?post=8966"}],"version-history":[{"count":3,"href":"https:\/\/www.rengoenlanoticia.cl\/prensa\/wp-json\/wp\/v2\/posts\/8966\/revisions"}],"predecessor-version":[{"id":8996,"href":"https:\/\/www.rengoenlanoticia.cl\/prensa\/wp-json\/wp\/v2\/posts\/8966\/revisions\/8996"}],"wp:featuredmedia":[{"embeddable":true,"href":"https:\/\/www.rengoenlanoticia.cl\/prensa\/wp-json\/wp\/v2\/media\/8974"}],"wp:attachment":[{"href":"https:\/\/www.rengoenlanoticia.cl\/prensa\/wp-json\/wp\/v2\/media?parent=8966"}],"wp:term":[{"taxonomy":"category","embeddable":true,"href":"https:\/\/www.rengoenlanoticia.cl\/prensa\/wp-json\/wp\/v2\/categories?post=8966"},{"taxonomy":"post_tag","embeddable":true,"href":"https:\/\/www.rengoenlanoticia.cl\/prensa\/wp-json\/wp\/v2\/tags?post=8966"}],"curies":[{"name":"wp","href":"https:\/\/api.w.org\/{rel}","templated":true}]}}