{"id":8965,"date":"2026-01-23T03:04:32","date_gmt":"2026-01-23T03:04:32","guid":{"rendered":"https:\/\/www.rengoenlanoticia.cl\/prensa\/?p=8965"},"modified":"2026-01-23T03:07:49","modified_gmt":"2026-01-23T03:07:49","slug":"seremi-de-salud-refuerza-medidas-sanitarias-para-el-uso-seguro-de-piscinas-en-el-verano","status":"publish","type":"post","link":"https:\/\/www.rengoenlanoticia.cl\/prensa\/2026\/01\/23\/seremi-de-salud-refuerza-medidas-sanitarias-para-el-uso-seguro-de-piscinas-en-el-verano\/","title":{"rendered":"Seremi de Salud refuerza medidas sanitarias para el uso seguro de piscinas en el verano"},"content":{"rendered":"\n<p>En el marco de la Campa\u00f1a de Verano del Ministerio de Salud, la Seremi de Salud de la Regi\u00f3n de O\u2019Higgins, Dra. Carolina Torres Pinto hizo un llamado a la ciudadan\u00eda a extremar los cuidados al asistir a piscinas, especialmente aquellas de uso comunitario. Todo esto con el objetivo de prevenir riesgos para la salud asociados a la exposici\u00f3n al calor, la radiaci\u00f3n solar y posibles incumplimientos a la normativa sanitaria vigente.<\/p>\n\n\n\n<p>La Autoridad Sanitaria record\u00f3 que las piscinas abiertas al p\u00fablico deben \u201ccontar con autorizaci\u00f3n sanitaria y cumplir estrictamente con las condiciones de higiene, seguridad y calidad del agua, las cuales son fiscalizadas permanentemente por equipos de la Seremi de Salud. En este contexto, hacemos un llamado a preferir siempre recintos formales y autorizados, evitando el uso de piscinas que no ofrezcan garant\u00edas sanitarias\u201d.<\/p>\n\n\n\n<p>Adem\u00e1s, agreg\u00f3 que \u201ccomo Autoridad Sanitaria estamos regulando y fiscalizando las piscinas de uso comunitario. Hacemos un llamado a la ciudadan\u00eda a denunciar cualquier incumplimiento de la normativa sanitaria a trav\u00e9s de la plataforma OIRS del Ministerio de Salud, esto nos permite fiscalizar oportunamente y garantizar espacios seguros para el descanso\u201d.<\/p>\n\n\n\n<p>Asimismo, la titular de la cartera de salud manifest\u00f3 que es clave mantenerse bien hidratados durante todo el d\u00eda, especialmente en el caso de las personas mayores, tambi\u00e9n sugiere evitar alimentos pesados y privilegiar el consumo de frutas y verduras \u201crecordamos el uso de elementos de protecci\u00f3n como gafas de sol, jockeys u otros accesorios que ayuden a prevenir los efectos nocivos de la radiaci\u00f3n solar. Juntos podemos prevenir da\u00f1os a la salud y disfrutar de un verano m\u00e1s seguro, en el marco de la campa\u00f1a de verano del Ministerio de Salud\u201d.<\/p>\n","protected":false},"excerpt":{"rendered":"En el marco de la Campa\u00f1a de Verano del Ministerio de Salud, la Seremi de Salud de la&hellip;\n","protected":false},"author":1,"featured_media":8973,"comment_status":"open","ping_status":"open","sticky":false,"template":"","format":"standard","meta":{"_monsterinsights_skip_tracking":false,"_monsterinsights_sitenote_active":false,"_monsterinsights_sitenote_note":"","_monsterinsights_sitenote_category":0,"footnotes":""},"categories":[8],"tags":[],"class_list":{"0":"post-8965","1":"post","2":"type-post","3":"status-publish","4":"format-standard","5":"has-post-thumbnail","7":"category-portada"},"aioseo_notices":[],"_links":{"self":[{"href":"https:\/\/www.rengoenlanoticia.cl\/prensa\/wp-json\/wp\/v2\/posts\/8965","targetHints":{"allow":["GET"]}}],"collection":[{"href":"https:\/\/www.rengoenlanoticia.cl\/prensa\/wp-json\/wp\/v2\/posts"}],"about":[{"href":"https:\/\/www.rengoenlanoticia.cl\/prensa\/wp-json\/wp\/v2\/types\/post"}],"author":[{"embeddable":true,"href":"https:\/\/www.rengoenlanoticia.cl\/prensa\/wp-json\/wp\/v2\/users\/1"}],"replies":[{"embeddable":true,"href":"https:\/\/www.rengoenlanoticia.cl\/prensa\/wp-json\/wp\/v2\/comments?post=8965"}],"version-history":[{"count":3,"href":"https:\/\/www.rengoenlanoticia.cl\/prensa\/wp-json\/wp\/v2\/posts\/8965\/revisions"}],"predecessor-version":[{"id":8995,"href":"https:\/\/www.rengoenlanoticia.cl\/prensa\/wp-json\/wp\/v2\/posts\/8965\/revisions\/8995"}],"wp:featuredmedia":[{"embeddable":true,"href":"https:\/\/www.rengoenlanoticia.cl\/prensa\/wp-json\/wp\/v2\/media\/8973"}],"wp:attachment":[{"href":"https:\/\/www.rengoenlanoticia.cl\/prensa\/wp-json\/wp\/v2\/media?parent=8965"}],"wp:term":[{"taxonomy":"category","embeddable":true,"href":"https:\/\/www.rengoenlanoticia.cl\/prensa\/wp-json\/wp\/v2\/categories?post=8965"},{"taxonomy":"post_tag","embeddable":true,"href":"https:\/\/www.rengoenlanoticia.cl\/prensa\/wp-json\/wp\/v2\/tags?post=8965"}],"curies":[{"name":"wp","href":"https:\/\/api.w.org\/{rel}","templated":true}]}}