{"id":8963,"date":"2026-01-23T03:07:34","date_gmt":"2026-01-23T03:07:34","guid":{"rendered":"https:\/\/www.rengoenlanoticia.cl\/prensa\/?p=8963"},"modified":"2026-01-23T03:07:35","modified_gmt":"2026-01-23T03:07:35","slug":"academicos-ucsc-entregan-recomendaciones-clave-ante-incendios-forestales-que-afectan-a-chile","status":"publish","type":"post","link":"https:\/\/www.rengoenlanoticia.cl\/prensa\/2026\/01\/23\/academicos-ucsc-entregan-recomendaciones-clave-ante-incendios-forestales-que-afectan-a-chile\/","title":{"rendered":"Acad\u00e9micos UCSC entregan recomendaciones clave ante incendios forestales que afectan a Chile"},"content":{"rendered":"\n<p><em>Especialistas en ciencias sociales, ingenier\u00eda y psicolog\u00eda llaman a informarse por canales oficiales, priorizar ayudas pertinentes, anticipar riesgos post incendio y cuidar la salud mental de adultos, ni\u00f1os y ni\u00f1as.<\/em><\/p>\n\n\n\n<p>Frente a los incendios forestales que afectan a distintas zonas del pa\u00eds, acad\u00e9micos de la Universidad Cat\u00f3lica de la Sant\u00edsima Concepci\u00f3n (UCSC) entregaron una serie de recomendaciones orientadas tanto a la ciudadan\u00eda que busca colaborar como a las personas directamente afectadas, abordando dimensiones sociales, territoriales y de salud mental.<\/p>\n\n\n\n<p>El soci\u00f3logo y Director del Centro de An\u00e1lisis y Debate P\u00fablico UCSC, Francisco Fuentes, enfatiza que la ayuda debe responder a las etapas propias de una emergencia. \u201cLo fundamental es acercarse a los puntos de acopio que est\u00e1n establecidos por distintas instituciones que est\u00e1n coordinadas por el Estado como los municipios para poder ayudar a las personas\u201d, se\u00f1alando que \u201cestamos en una etapa de la emergencia donde la colaboraci\u00f3n debe ser coherente\u201d.<\/p>\n\n\n\n<p>En esa l\u00ednea, Fuentes advierte que es clave atender las solicitudes oficiales y priorizar lo urgente, subrayando que es la autoridad la que define inicialmente qu\u00e9 tipo de ayuda se requiere.<\/p>\n\n\n\n<p>El acad\u00e9mico tambi\u00e9n alerta sobre los problemas que genera la ayuda descoordinada. \u201cMuchas veces la gente piensa que solamente llevando ropa se est\u00e1 colaborando, pero eso puede producir una sobre dimensi\u00f3n de ayuda en ropa que, en definitiva, entorpece y muchas veces termina en los basureros\u201d, recalcando la importancia de informarse antes de donar.<\/p>\n\n\n\n<p>Asimismo, Fuentes llama a ampliar la mirada hacia quienes enfrentan directamente la emergencia. \u201cOjo, no solamente a las personas que est\u00e1n afectadas directamente por el desastre, sino que tambi\u00e9n a todos aquellos que est\u00e1n ayudando, a los bomberos, a los brigadistas\u201d, quienes presentan \u201cnecesidades de mascarillas, necesidades de medicamentos, por ejemplo, para el cuidado oftalmol\u00f3gico, como l\u00e1grimas artificiales\u201d.<\/p>\n\n\n\n<p>En cuanto a las personas damnificadas, el soci\u00f3logo destaca el rol central de los municipios. \u201cAqu\u00ed es fundamental el contacto que las personas afectadas tengan con sus juntas de vecinos y con los municipios\u201d, explicando que \u201cel Estado funciona en una primera etapa a trav\u00e9s de los municipios, haciendo un catastro de aquellas personas que est\u00e1n en una situaci\u00f3n de crisis\u201d, y que toda ayuda material o econ\u00f3mica sigue ese circuito institucional.<\/p>\n\n\n\n<p>Desde una perspectiva territorial y de riesgos, la jefa de carrera de Ingenier\u00eda Civil UCSC, Sof\u00eda Toledo, advierte sobre los efectos posteriores a los incendios. \u201cEl incendio quema la vegetaci\u00f3n, entonces altera una din\u00e1mica que se da entre el suelo, la precipitaci\u00f3n y la vegetaci\u00f3n y la pendiente\u201d, explicando que la p\u00e9rdida de vegetaci\u00f3n elimina el anclaje del suelo y su capacidad de regular el agua.<\/p>\n\n\n\n<p>Toledo detalla que tras el fuego el suelo \u201cqueda suelto y adem\u00e1s queda hidrof\u00f3bico, repele al agua, lo que implica que una precipitaci\u00f3n a lo mejor muy chiquitita puede amplificarse y generar un deslizamiento\u201d. Por ello, llama a estar atentos a se\u00f1ales de riesgo: \u201cver si se forman grietas en los muros y en el suelo, si se observan ca\u00eddas de rocas o formaci\u00f3n de barro en sectores donde antes no se formaba, especialmente en zonas de pendiente como cerros afectados por incendios\u201d.<\/p>\n\n\n\n<p><strong>Recomendaciones para la salud mental en contextos de emergencia<\/strong><\/p>\n\n\n\n<p>Desde el \u00e1mbito psicol\u00f3gico, el acad\u00e9mico de la Facultad de Comunicaci\u00f3n, Historia y Ciencias Sociales UCSC y Doctor en Teor\u00eda e Investigaci\u00f3n del Comportamiento, Cristian Neira, explica que tras una cat\u00e1strofe \u201cnuestro cerebro est\u00e1 en un estado de alerta\u201d y que es necesario sacarlo de ese estado mediante acciones concretas. \u201cHay algunas estrategias que pueden parecer simples, pero que son eficaces, como mantener ciertas rutinas b\u00e1sicas, entre ellas la alimentaci\u00f3n y la higiene personal, ya que esto le va a ense\u00f1ar a tu cerebro que se est\u00e1 retomando el control\u201d, detalla.<\/p>\n\n\n\n<p>El Dr. Neira tambi\u00e9n enfatiza la importancia del apoyo social. \u201cSe ha descubierto que el contacto social, el apoyo social, disminuye los niveles de estr\u00e9s, porque el cerebro interpreta ese apoyo como protecci\u00f3n y escucha, lo que reduce la carga emocional\u201d.<\/p>\n\n\n\n<p>Finalmente, el acad\u00e9mico subraya el rol de los adultos frente a ni\u00f1os, ni\u00f1as y adolescentes. \u201cEs fundamental que nosotros como adultos estemos regulados emocionalmente, ya que los menores van \u2018absorbiendo\u2019 el estado emocional que tienen los adultos\u201d.<\/p>\n\n\n\n<p>A\u00f1ade que se deben validar las emociones infantiles y evitar reprimirlas, porque \u201ca veces los ni\u00f1os tampoco saben qu\u00e9 es lo que les est\u00e1 pasando\u201d. Sin embargo, el llamado es abordar el tema, incluso si se trata de situaciones duras: \u201csi perdimos todo, perdimos todo, pero el mensaje es claro, nos vamos a reponer\u201d.<\/p>\n","protected":false},"excerpt":{"rendered":"Especialistas en ciencias sociales, ingenier\u00eda y psicolog\u00eda llaman a informarse por canales oficiales, priorizar ayudas pertinentes, anticipar riesgos&hellip;\n","protected":false},"author":1,"featured_media":8971,"comment_status":"open","ping_status":"open","sticky":false,"template":"","format":"standard","meta":{"_monsterinsights_skip_tracking":false,"_monsterinsights_sitenote_active":false,"_monsterinsights_sitenote_note":"","_monsterinsights_sitenote_category":0,"footnotes":""},"categories":[8],"tags":[],"class_list":{"0":"post-8963","1":"post","2":"type-post","3":"status-publish","4":"format-standard","5":"has-post-thumbnail","7":"category-portada"},"aioseo_notices":[],"_links":{"self":[{"href":"https:\/\/www.rengoenlanoticia.cl\/prensa\/wp-json\/wp\/v2\/posts\/8963","targetHints":{"allow":["GET"]}}],"collection":[{"href":"https:\/\/www.rengoenlanoticia.cl\/prensa\/wp-json\/wp\/v2\/posts"}],"about":[{"href":"https:\/\/www.rengoenlanoticia.cl\/prensa\/wp-json\/wp\/v2\/types\/post"}],"author":[{"embeddable":true,"href":"https:\/\/www.rengoenlanoticia.cl\/prensa\/wp-json\/wp\/v2\/users\/1"}],"replies":[{"embeddable":true,"href":"https:\/\/www.rengoenlanoticia.cl\/prensa\/wp-json\/wp\/v2\/comments?post=8963"}],"version-history":[{"count":3,"href":"https:\/\/www.rengoenlanoticia.cl\/prensa\/wp-json\/wp\/v2\/posts\/8963\/revisions"}],"predecessor-version":[{"id":8999,"href":"https:\/\/www.rengoenlanoticia.cl\/prensa\/wp-json\/wp\/v2\/posts\/8963\/revisions\/8999"}],"wp:featuredmedia":[{"embeddable":true,"href":"https:\/\/www.rengoenlanoticia.cl\/prensa\/wp-json\/wp\/v2\/media\/8971"}],"wp:attachment":[{"href":"https:\/\/www.rengoenlanoticia.cl\/prensa\/wp-json\/wp\/v2\/media?parent=8963"}],"wp:term":[{"taxonomy":"category","embeddable":true,"href":"https:\/\/www.rengoenlanoticia.cl\/prensa\/wp-json\/wp\/v2\/categories?post=8963"},{"taxonomy":"post_tag","embeddable":true,"href":"https:\/\/www.rengoenlanoticia.cl\/prensa\/wp-json\/wp\/v2\/tags?post=8963"}],"curies":[{"name":"wp","href":"https:\/\/api.w.org\/{rel}","templated":true}]}}