{"id":8962,"date":"2026-01-23T03:04:09","date_gmt":"2026-01-23T03:04:09","guid":{"rendered":"https:\/\/www.rengoenlanoticia.cl\/prensa\/?p=8962"},"modified":"2026-01-23T03:08:03","modified_gmt":"2026-01-23T03:08:03","slug":"comision-mixta-del-congreso-nacional-aprueba-proyecto-de-ley-sobre-convivencia-escolar-y-bienestar-en-comunidades-educativas","status":"publish","type":"post","link":"https:\/\/www.rengoenlanoticia.cl\/prensa\/2026\/01\/23\/comision-mixta-del-congreso-nacional-aprueba-proyecto-de-ley-sobre-convivencia-escolar-y-bienestar-en-comunidades-educativas\/","title":{"rendered":"Comisi\u00f3n Mixta del Congreso Nacional aprueba proyecto de ley sobre convivencia escolar y bienestar en comunidades educativas"},"content":{"rendered":"\n<p><em>La iniciativa, que moderniza el marco normativo de convivencia escolar y fortalece el rol del Estado en la promoci\u00f3n del buen trato y la protecci\u00f3n del bienestar socioemocional.<\/em><\/p>\n\n\n\n<p>Las y los parlamentarios integrantes de la Comisi\u00f3n de Educaci\u00f3n de la C\u00e1mara y el Senado aprobaron este mi\u00e9rcoles el proyecto de ley sobre convivencia, buen trato y bienestar de las comunidades educativas, una propuesta que responde a los crecientes desaf\u00edos que enfrentan los establecimientos del pa\u00eds y que busca garantizar ambientes seguros, inclusivos y respetuosos para ni\u00f1os, ni\u00f1as, adolescentes y equipos educativos. <strong>Con este respaldo, la iniciativa deber\u00e1 ser votada en Sala de la C\u00e1mara Baja.<\/strong><\/p>\n\n\n\n<p>El <strong>ministro de Educaci\u00f3n, Nicol\u00e1s Cataldo, valor\u00f3 la aprobaci\u00f3n del proyecto<\/strong>, <strong>destacando que se trata de una transformaci\u00f3n necesaria y de car\u00e1cter estructural.<\/strong> \u201cChile necesita este proyecto. Chile necesita la ley de convivencia. Nuestro sistema educativo lo precisa con urgencia. La investigaci\u00f3n y la evidencia nos indican que cuando los climas de los espacios educativos no son los adecuados, los aprendizajes no suceden o cuesta mucho que se puedan llevar adelante. Es por eso que este proyecto tiene un profundo sentido pedag\u00f3gico. No es solamente un tema de justicia en materia de Derechos Humanos, de respeto, de dignidad. Es tambi\u00e9n, sobre todo, un proyecto que busca y apunta a la excelencia y a la mejora del sistema educativo\u201d, indic\u00f3 el titular de Educaci\u00f3n.<\/p>\n\n\n\n<figure class=\"wp-block-image size-full\"><img loading=\"lazy\" decoding=\"async\" width=\"800\" height=\"480\" src=\"https:\/\/www.rengoenlanoticia.cl\/prensa\/wp-content\/uploads\/2026\/01\/comision-1-.jpg\" alt=\"\" class=\"wp-image-8975\" srcset=\"https:\/\/www.rengoenlanoticia.cl\/prensa\/wp-content\/uploads\/2026\/01\/comision-1-.jpg 800w, https:\/\/www.rengoenlanoticia.cl\/prensa\/wp-content\/uploads\/2026\/01\/comision-1--300x180.jpg 300w, https:\/\/www.rengoenlanoticia.cl\/prensa\/wp-content\/uploads\/2026\/01\/comision-1--768x461.jpg 768w, https:\/\/www.rengoenlanoticia.cl\/prensa\/wp-content\/uploads\/2026\/01\/comision-1--110x66.jpg 110w, https:\/\/www.rengoenlanoticia.cl\/prensa\/wp-content\/uploads\/2026\/01\/comision-1--200x120.jpg 200w, https:\/\/www.rengoenlanoticia.cl\/prensa\/wp-content\/uploads\/2026\/01\/comision-1--380x228.jpg 380w, https:\/\/www.rengoenlanoticia.cl\/prensa\/wp-content\/uploads\/2026\/01\/comision-1--255x153.jpg 255w, https:\/\/www.rengoenlanoticia.cl\/prensa\/wp-content\/uploads\/2026\/01\/comision-1--550x330.jpg 550w\" sizes=\"auto, (max-width: 800px) 100vw, 800px\" \/><\/figure>\n\n\n\n<p>Asimismo, la seremi de la regi\u00f3n de O\u2019Higgins, Alyson Hadad, enfatiz\u00f3 que este avance no solo aborda conflictos y situaciones de violencia, sino que instala una mirada formativa de largo plazo.<\/p>\n\n\n\n<p>\u201cSi bien el sistema educativo ha mostrado mejoras sostenidas en asistencia, aprendizajes y revinculaci\u00f3n tras la pandemia, persiste una deuda en materia de bienestar, haciendo necesaria su aprobaci\u00f3n: \u201cEl indicador que tiene mayor rezago es precisamente el de la convivencia educativa y el bienestar socioemocional. Esto es una deuda que el Estado de Chile tiene con los ni\u00f1os y ni\u00f1as de nuestro pa\u00eds, con nuestro futuro, que al mismo tiempo tambi\u00e9n es nuestro presente\u201d.<\/p>\n\n\n\n<p><strong>Principales aspectos del proyecto<\/strong><\/p>\n\n\n\n<p>La propuesta aprobada establece un <strong>rol activo del Estado<\/strong> en la promoci\u00f3n del buen trato y la prevenci\u00f3n del acoso, la violencia y la discriminaci\u00f3n. Entre sus medidas destacan:<\/p>\n\n\n\n<ul class=\"wp-block-list\">\n<li><strong>Creaci\u00f3n de la Pol\u00edtica Nacional de Convivencia Educativa<\/strong> y un <strong>Plan de Acci\u00f3n Nacional<\/strong> con vigencia de ocho a\u00f1os, que articular\u00e1 acciones junto a ministerios como Seguridad P\u00fablica, Salud y Mujer y Equidad de G\u00e9nero.<\/li>\n\n\n\n<li><strong>Coordinador o Coordinadora de Convivencia con dedicaci\u00f3n exclusiva<\/strong> en todos los establecimientos que reciben aportes del Estado, fortaleciendo la gesti\u00f3n interna y el acompa\u00f1amiento preventivo de los equipos escolares.<\/li>\n\n\n\n<li><strong>Actualizaci\u00f3n de los Reglamentos Internos y Planes de Gesti\u00f3n de Convivencia<\/strong>, incorporando medidas preventivas frente a riesgos como violencia, consumo de drogas y mecanismos de detecci\u00f3n y derivaci\u00f3n de casos cr\u00edticos.<\/li>\n\n\n\n<li><strong>Fortalecimiento de la Superintendencia de Educaci\u00f3n<\/strong>, otorg\u00e1ndole un rol m\u00e1s activo en fiscalizaci\u00f3n y apoyo preventivo. Adem\u00e1s, se crea el <strong>Sistema de Monitoreo de la Convivencia Educativa<\/strong> en la Agencia de Calidad.<\/li>\n\n\n\n<li><strong>Actualizaci\u00f3n de la Ley General de Educaci\u00f3n y del Estatuto Docente<\/strong>, incorporando protocolos obligatorios contra acoso sexual y laboral, en l\u00ednea con la Ley N.\u00ba 21.643, y procedimientos para el reconocimiento de enfermedades profesionales vinculadas a la salud mental.<\/li>\n<\/ul>\n\n\n\n<p>Uno de los ejes transformadores del proyecto es el <strong>programa de bienestar socioemocional<\/strong>, que reorganiza la jornada escolar completa para fortalecer el v\u00ednculo, la participaci\u00f3n y el desarrollo integral, devolviendo el sentido a la jornada escolar completa, con la incorporaci\u00f3n de talleres deportivos, culturales y recreativos propuestos por las propias comunidades educativas. El programa ya inici\u00f3 un piloto en <strong>176 establecimientos<\/strong> pertenecientes a los SLEP Iquique, Valpara\u00edso, Gabriela Mistral, Punilla Cordillera y Andali\u00e9n Sur, teniendo una positiva recepci\u00f3n desde las comunidades educativas<\/p>\n","protected":false},"excerpt":{"rendered":"La iniciativa, que moderniza el marco normativo de convivencia escolar y fortalece el rol del Estado en la&hellip;\n","protected":false},"author":1,"featured_media":8976,"comment_status":"open","ping_status":"open","sticky":false,"template":"","format":"standard","meta":{"_monsterinsights_skip_tracking":false,"_monsterinsights_sitenote_active":false,"_monsterinsights_sitenote_note":"","_monsterinsights_sitenote_category":0,"footnotes":""},"categories":[8],"tags":[],"class_list":{"0":"post-8962","1":"post","2":"type-post","3":"status-publish","4":"format-standard","5":"has-post-thumbnail","7":"category-portada"},"aioseo_notices":[],"_links":{"self":[{"href":"https:\/\/www.rengoenlanoticia.cl\/prensa\/wp-json\/wp\/v2\/posts\/8962","targetHints":{"allow":["GET"]}}],"collection":[{"href":"https:\/\/www.rengoenlanoticia.cl\/prensa\/wp-json\/wp\/v2\/posts"}],"about":[{"href":"https:\/\/www.rengoenlanoticia.cl\/prensa\/wp-json\/wp\/v2\/types\/post"}],"author":[{"embeddable":true,"href":"https:\/\/www.rengoenlanoticia.cl\/prensa\/wp-json\/wp\/v2\/users\/1"}],"replies":[{"embeddable":true,"href":"https:\/\/www.rengoenlanoticia.cl\/prensa\/wp-json\/wp\/v2\/comments?post=8962"}],"version-history":[{"count":3,"href":"https:\/\/www.rengoenlanoticia.cl\/prensa\/wp-json\/wp\/v2\/posts\/8962\/revisions"}],"predecessor-version":[{"id":8997,"href":"https:\/\/www.rengoenlanoticia.cl\/prensa\/wp-json\/wp\/v2\/posts\/8962\/revisions\/8997"}],"wp:featuredmedia":[{"embeddable":true,"href":"https:\/\/www.rengoenlanoticia.cl\/prensa\/wp-json\/wp\/v2\/media\/8976"}],"wp:attachment":[{"href":"https:\/\/www.rengoenlanoticia.cl\/prensa\/wp-json\/wp\/v2\/media?parent=8962"}],"wp:term":[{"taxonomy":"category","embeddable":true,"href":"https:\/\/www.rengoenlanoticia.cl\/prensa\/wp-json\/wp\/v2\/categories?post=8962"},{"taxonomy":"post_tag","embeddable":true,"href":"https:\/\/www.rengoenlanoticia.cl\/prensa\/wp-json\/wp\/v2\/tags?post=8962"}],"curies":[{"name":"wp","href":"https:\/\/api.w.org\/{rel}","templated":true}]}}