{"id":8925,"date":"2026-01-20T04:16:43","date_gmt":"2026-01-20T04:16:43","guid":{"rendered":"https:\/\/www.rengoenlanoticia.cl\/prensa\/?p=8925"},"modified":"2026-01-20T04:16:45","modified_gmt":"2026-01-20T04:16:45","slug":"pro-ohiggins-ejecuta-junto-a-corfo-programa-que-fortalece-la-gestion-de-35-servicios-sanitarios-rurales-de-la-provincia-de-colchagua","status":"publish","type":"post","link":"https:\/\/www.rengoenlanoticia.cl\/prensa\/2026\/01\/20\/pro-ohiggins-ejecuta-junto-a-corfo-programa-que-fortalece-la-gestion-de-35-servicios-sanitarios-rurales-de-la-provincia-de-colchagua\/","title":{"rendered":"Pro O\u2019Higgins ejecuta junto a Corfo programa que fortalece la gesti\u00f3n de 35 Servicios Sanitarios Rurales de la provincia de Colchagua"},"content":{"rendered":"\n<p>La iniciativa busca mejorar la eficiencia, calidad y sostenibilidad del servicio de agua potable, beneficiando a m\u00e1s de 32 mil personas de la provincia.<\/p>\n\n\n\n<p>Con la realizaci\u00f3n del Seminario de Lanzamiento, se dio inicio oficial al Programa de Adopci\u00f3n Tecnol\u00f3gica para Servicios Sanitarios Rurales (SSR), una iniciativa que beneficiar\u00e1 a 35 SSR de la provincia de Colchagua, fortaleciendo sus capacidades t\u00e9cnicas y operacionales para la gesti\u00f3n del agua potable en la regi\u00f3n de O\u2019Higgins.<\/p>\n\n\n\n<p>El programa es ejecutado por Corporaci\u00f3n Pro O\u2019Higgins, a trav\u00e9s de la l\u00ednea de Difusi\u00f3n Tecnol\u00f3gica PDT de Corfo O\u2019Higgins, y tiene como objetivo mejorar la eficiencia, calidad y sostenibilidad del servicio de producci\u00f3n y distribuci\u00f3n de agua potable, impactando a m\u00e1s de 32 mil beneficiarios de las comunas de Ch\u00e9pica, Chimbarongo, Placilla, Palmilla, Nancagua, Pumanque, San Fernando y Santa Cruz.<\/p>\n\n\n\n<p><strong>Diagn\u00f3sticos para una adopci\u00f3n tecnol\u00f3gica pertinente<\/strong><\/p>\n\n\n\n<p>Durante la primera fase del programa, el equipo de Corporaci\u00f3n Pro O\u2019Higgins recorri\u00f3 los 35 Servicios Sanitarios Rurales participantes, levantando informaci\u00f3n en terreno para identificar brechas tecnol\u00f3gicas y operacionales, las que dieron origen a diagn\u00f3sticos individuales dise\u00f1ados para responder a las necesidades espec\u00edficas de cada servicio.<\/p>\n\n\n\n<figure class=\"wp-block-image size-large\"><img loading=\"lazy\" decoding=\"async\" width=\"1024\" height=\"682\" src=\"https:\/\/www.rengoenlanoticia.cl\/prensa\/wp-content\/uploads\/2026\/01\/IMG_0060-1024x682.jpg\" alt=\"\" class=\"wp-image-8931\" srcset=\"https:\/\/www.rengoenlanoticia.cl\/prensa\/wp-content\/uploads\/2026\/01\/IMG_0060-1024x682.jpg 1024w, https:\/\/www.rengoenlanoticia.cl\/prensa\/wp-content\/uploads\/2026\/01\/IMG_0060-300x200.jpg 300w, https:\/\/www.rengoenlanoticia.cl\/prensa\/wp-content\/uploads\/2026\/01\/IMG_0060-768x512.jpg 768w, https:\/\/www.rengoenlanoticia.cl\/prensa\/wp-content\/uploads\/2026\/01\/IMG_0060-1536x1024.jpg 1536w, https:\/\/www.rengoenlanoticia.cl\/prensa\/wp-content\/uploads\/2026\/01\/IMG_0060-110x73.jpg 110w, https:\/\/www.rengoenlanoticia.cl\/prensa\/wp-content\/uploads\/2026\/01\/IMG_0060-200x133.jpg 200w, https:\/\/www.rengoenlanoticia.cl\/prensa\/wp-content\/uploads\/2026\/01\/IMG_0060-380x253.jpg 380w, https:\/\/www.rengoenlanoticia.cl\/prensa\/wp-content\/uploads\/2026\/01\/IMG_0060-255x170.jpg 255w, https:\/\/www.rengoenlanoticia.cl\/prensa\/wp-content\/uploads\/2026\/01\/IMG_0060-550x367.jpg 550w, https:\/\/www.rengoenlanoticia.cl\/prensa\/wp-content\/uploads\/2026\/01\/IMG_0060-800x533.jpg 800w, https:\/\/www.rengoenlanoticia.cl\/prensa\/wp-content\/uploads\/2026\/01\/IMG_0060-1160x773.jpg 1160w, https:\/\/www.rengoenlanoticia.cl\/prensa\/wp-content\/uploads\/2026\/01\/IMG_0060.jpg 2000w\" sizes=\"auto, (max-width: 1024px) 100vw, 1024px\" \/><\/figure>\n\n\n\n<p>Al respecto, Braulio Guzm\u00e1n, gerente general de Corporaci\u00f3n Pro O\u2019Higgins, se\u00f1al\u00f3 que: \u201cDespu\u00e9s de visitar cada uno de los 35 SSR, a trav\u00e9s de herramientas de monitoreo y control, transformaremos esas brechas en soluciones que se ver\u00e1n reflejadas en ahorro de energ\u00eda y combustible, mejor bienestar para el operador, mayor disponibilidad de agua para los usuarios, entre otros beneficios\u201d.<\/p>\n\n\n\n<p>Asimismo, destac\u00f3 el rol estrat\u00e9gico de los SSR en la regi\u00f3n: \u201clos Servicios Sanitarios Rurales representan una parte fundamental de la econom\u00eda productiva regional. Son empresas de car\u00e1cter social que, como comit\u00e9s o cooperativas, entregan el servicio de agua potable a m\u00e1s del 35% de la poblaci\u00f3n regional. En un contexto de escasez h\u00eddrica, la eficiencia operacional es clave, y es justamente lo que estamos impulsando a trav\u00e9s de la telemetr\u00eda\u201d.<\/p>\n\n\n\n<p>Desde Corfo O\u2019Higgins, su director regional \u00d3scar \u00c1vila relev\u00f3 el car\u00e1cter innovador de esta iniciativa: \u201cDesde la mirada de descentralizaci\u00f3n de Corfo y del Comit\u00e9 de Desarrollo Productivo Regional, hemos incorporado tem\u00e1ticas que antes no estaban en nuestra agenda. Los SSR son esenciales para el desarrollo de la regi\u00f3n y, junto a Pro O\u2019Higgins, que ha sido una luz en el territorio, identificamos la necesidad de entregar transferencia tecnol\u00f3gica en su operaci\u00f3n, gesti\u00f3n y administraci\u00f3n\u201d.<\/p>\n\n\n\n<figure class=\"wp-block-image size-large\"><img loading=\"lazy\" decoding=\"async\" width=\"1024\" height=\"682\" src=\"https:\/\/www.rengoenlanoticia.cl\/prensa\/wp-content\/uploads\/2026\/01\/IMG_0062-1024x682.jpg\" alt=\"\" class=\"wp-image-8932\" srcset=\"https:\/\/www.rengoenlanoticia.cl\/prensa\/wp-content\/uploads\/2026\/01\/IMG_0062-1024x682.jpg 1024w, https:\/\/www.rengoenlanoticia.cl\/prensa\/wp-content\/uploads\/2026\/01\/IMG_0062-300x200.jpg 300w, https:\/\/www.rengoenlanoticia.cl\/prensa\/wp-content\/uploads\/2026\/01\/IMG_0062-768x512.jpg 768w, https:\/\/www.rengoenlanoticia.cl\/prensa\/wp-content\/uploads\/2026\/01\/IMG_0062-1536x1024.jpg 1536w, https:\/\/www.rengoenlanoticia.cl\/prensa\/wp-content\/uploads\/2026\/01\/IMG_0062-110x73.jpg 110w, https:\/\/www.rengoenlanoticia.cl\/prensa\/wp-content\/uploads\/2026\/01\/IMG_0062-200x133.jpg 200w, https:\/\/www.rengoenlanoticia.cl\/prensa\/wp-content\/uploads\/2026\/01\/IMG_0062-380x253.jpg 380w, https:\/\/www.rengoenlanoticia.cl\/prensa\/wp-content\/uploads\/2026\/01\/IMG_0062-255x170.jpg 255w, https:\/\/www.rengoenlanoticia.cl\/prensa\/wp-content\/uploads\/2026\/01\/IMG_0062-550x367.jpg 550w, https:\/\/www.rengoenlanoticia.cl\/prensa\/wp-content\/uploads\/2026\/01\/IMG_0062-800x533.jpg 800w, https:\/\/www.rengoenlanoticia.cl\/prensa\/wp-content\/uploads\/2026\/01\/IMG_0062-1160x773.jpg 1160w, https:\/\/www.rengoenlanoticia.cl\/prensa\/wp-content\/uploads\/2026\/01\/IMG_0062.jpg 2000w\" sizes=\"auto, (max-width: 1024px) 100vw, 1024px\" \/><\/figure>\n\n\n\n<p>A\u00f1adi\u00f3 que, \u201ceste instrumento nos convierte en la primera regi\u00f3n del pa\u00eds donde Corfo impulsa un programa tan emblem\u00e1tico y necesario, orientado espec\u00edficamente a los Servicios Sanitarios Rurales\u201d.<\/p>\n\n\n\n<p>Por su parte, C\u00e9sar Acevedo, director regional de Obras Hidr\u00e1ulicas (DOH), valor\u00f3 la articulaci\u00f3n multisectorial del programa:<\/p>\n\n\n\n<p>\u201cEsta sinergia p\u00fablico-privada que complementa la infraestructura de los SSR es muy relevante y deber\u00eda replicarse en otras regiones. Ha dado muy buenos resultados en O\u2019Higgins, avanzando no solo en la producci\u00f3n de agua potable, sino tambi\u00e9n en la eficiencia de costos y en la identificaci\u00f3n de mejoras. Es una experiencia muy valiosa para apoyar a los SSR y a sus comunidades\u201d.<\/p>\n\n\n\n<p><strong>Expectativas desde los Servicios Sanitarios Rurales<\/strong><\/p>\n\n\n\n<p>Las y los representantes de los SSR beneficiarios destacaron el impacto del programa en sus organizaciones y comunidades.<\/p>\n\n\n\n<p>Mar\u00eda Devia, presidenta de la Cooperativa de Agua Potable Quinahue Ltda., expres\u00f3 que:<\/p>\n\n\n\n<p>\u201cAgradecemos que toquen nuestra puerta y nos ofrezcan un servicio tan interesante como este, donde nuestra funci\u00f3n es colaborar asistiendo a pasant\u00edas y talleres. Tenemos casi 500 arranques y muchas ganas de modernizarnos, por lo que este programa va totalmente en l\u00ednea con nuestros prop\u00f3sitos\u201d.<\/p>\n\n\n\n<figure class=\"wp-block-image size-large\"><img loading=\"lazy\" decoding=\"async\" width=\"1024\" height=\"682\" src=\"https:\/\/www.rengoenlanoticia.cl\/prensa\/wp-content\/uploads\/2026\/01\/IMG_0069-1024x682.jpg\" alt=\"\" class=\"wp-image-8933\" srcset=\"https:\/\/www.rengoenlanoticia.cl\/prensa\/wp-content\/uploads\/2026\/01\/IMG_0069-1024x682.jpg 1024w, https:\/\/www.rengoenlanoticia.cl\/prensa\/wp-content\/uploads\/2026\/01\/IMG_0069-300x200.jpg 300w, https:\/\/www.rengoenlanoticia.cl\/prensa\/wp-content\/uploads\/2026\/01\/IMG_0069-768x512.jpg 768w, https:\/\/www.rengoenlanoticia.cl\/prensa\/wp-content\/uploads\/2026\/01\/IMG_0069-1536x1024.jpg 1536w, https:\/\/www.rengoenlanoticia.cl\/prensa\/wp-content\/uploads\/2026\/01\/IMG_0069-110x73.jpg 110w, https:\/\/www.rengoenlanoticia.cl\/prensa\/wp-content\/uploads\/2026\/01\/IMG_0069-200x133.jpg 200w, https:\/\/www.rengoenlanoticia.cl\/prensa\/wp-content\/uploads\/2026\/01\/IMG_0069-380x253.jpg 380w, https:\/\/www.rengoenlanoticia.cl\/prensa\/wp-content\/uploads\/2026\/01\/IMG_0069-255x170.jpg 255w, https:\/\/www.rengoenlanoticia.cl\/prensa\/wp-content\/uploads\/2026\/01\/IMG_0069-550x367.jpg 550w, https:\/\/www.rengoenlanoticia.cl\/prensa\/wp-content\/uploads\/2026\/01\/IMG_0069-800x533.jpg 800w, https:\/\/www.rengoenlanoticia.cl\/prensa\/wp-content\/uploads\/2026\/01\/IMG_0069-1160x773.jpg 1160w, https:\/\/www.rengoenlanoticia.cl\/prensa\/wp-content\/uploads\/2026\/01\/IMG_0069.jpg 2000w\" sizes=\"auto, (max-width: 1024px) 100vw, 1024px\" \/><\/figure>\n\n\n\n<p>En tanto, Mariana V\u00e1ldes, presidenta del SSR San Luis \u2013 Villa Alegre y Taulemu, se\u00f1al\u00f3:<\/p>\n\n\n\n<p>\u201cLa telemetr\u00eda es muy importante para mejorar el funcionamiento y el servicio que se entrega a las personas. Como comit\u00e9s peque\u00f1os no tendr\u00edamos la posibilidad de adoptar tecnolog\u00eda por nuestra cuenta, por lo que este apoyo es muy relevante\u201d.<\/p>\n\n\n\n<p>Finalmente, Lorena Cornejo, presidenta del SSR Rinc\u00f3n de Y\u00e1quil, destac\u00f3 que:<\/p>\n\n\n\n<p>\u201cEs un tremendo aporte para avanzar en la mejora de los servicios. Esta uni\u00f3n es genial, porque har\u00e1 mucho m\u00e1s eficientes a los SSR\u201d.<\/p>\n\n\n\n<p>Con el seminario de lanzamiento, el programa da paso a su segunda fase, que contempla la realizaci\u00f3n de asesor\u00edas t\u00e9cnicas para cada SSR, adem\u00e1s de talleres, pasant\u00edas y un seminario de cierre. Este proceso se extender\u00e1 hasta el mes de septiembre, cuando se espera tener los proyectos de pre inversi\u00f3n de cada Servicio Sanitario Rural para la implementaci\u00f3n de telemetr\u00eda.<\/p>\n","protected":false},"excerpt":{"rendered":"La iniciativa busca mejorar la eficiencia, calidad y sostenibilidad del servicio de agua potable, beneficiando a m\u00e1s de&hellip;\n","protected":false},"author":1,"featured_media":8934,"comment_status":"open","ping_status":"open","sticky":false,"template":"","format":"standard","meta":{"_monsterinsights_skip_tracking":false,"_monsterinsights_sitenote_active":false,"_monsterinsights_sitenote_note":"","_monsterinsights_sitenote_category":0,"footnotes":""},"categories":[8],"tags":[],"class_list":{"0":"post-8925","1":"post","2":"type-post","3":"status-publish","4":"format-standard","5":"has-post-thumbnail","7":"category-portada"},"aioseo_notices":[],"_links":{"self":[{"href":"https:\/\/www.rengoenlanoticia.cl\/prensa\/wp-json\/wp\/v2\/posts\/8925","targetHints":{"allow":["GET"]}}],"collection":[{"href":"https:\/\/www.rengoenlanoticia.cl\/prensa\/wp-json\/wp\/v2\/posts"}],"about":[{"href":"https:\/\/www.rengoenlanoticia.cl\/prensa\/wp-json\/wp\/v2\/types\/post"}],"author":[{"embeddable":true,"href":"https:\/\/www.rengoenlanoticia.cl\/prensa\/wp-json\/wp\/v2\/users\/1"}],"replies":[{"embeddable":true,"href":"https:\/\/www.rengoenlanoticia.cl\/prensa\/wp-json\/wp\/v2\/comments?post=8925"}],"version-history":[{"count":3,"href":"https:\/\/www.rengoenlanoticia.cl\/prensa\/wp-json\/wp\/v2\/posts\/8925\/revisions"}],"predecessor-version":[{"id":8941,"href":"https:\/\/www.rengoenlanoticia.cl\/prensa\/wp-json\/wp\/v2\/posts\/8925\/revisions\/8941"}],"wp:featuredmedia":[{"embeddable":true,"href":"https:\/\/www.rengoenlanoticia.cl\/prensa\/wp-json\/wp\/v2\/media\/8934"}],"wp:attachment":[{"href":"https:\/\/www.rengoenlanoticia.cl\/prensa\/wp-json\/wp\/v2\/media?parent=8925"}],"wp:term":[{"taxonomy":"category","embeddable":true,"href":"https:\/\/www.rengoenlanoticia.cl\/prensa\/wp-json\/wp\/v2\/categories?post=8925"},{"taxonomy":"post_tag","embeddable":true,"href":"https:\/\/www.rengoenlanoticia.cl\/prensa\/wp-json\/wp\/v2\/tags?post=8925"}],"curies":[{"name":"wp","href":"https:\/\/api.w.org\/{rel}","templated":true}]}}