{"id":8899,"date":"2026-01-19T08:18:17","date_gmt":"2026-01-19T08:18:17","guid":{"rendered":"https:\/\/www.rengoenlanoticia.cl\/prensa\/?p=8899"},"modified":"2026-01-19T08:19:50","modified_gmt":"2026-01-19T08:19:50","slug":"mop-ohiggins-entrega-nuevo-puente-intercomunal-las-aranas-en-palmilla","status":"publish","type":"post","link":"https:\/\/www.rengoenlanoticia.cl\/prensa\/2026\/01\/19\/mop-ohiggins-entrega-nuevo-puente-intercomunal-las-aranas-en-palmilla\/","title":{"rendered":"MOP O\u2019Higgins entrega nuevo puente intercomunal Las Ara\u00f1as en Palmilla"},"content":{"rendered":"\n<p><em>La obra, ejecutada por la Direcci\u00f3n de Vialidad con una inversi\u00f3n superior a los $3.000 millones, mejora la conectividad y la seguridad vial de sectores rurales de la comuna y fortalece la integraci\u00f3n intercomunal.<\/em><\/p>\n\n\n\n<p>El Ministerio de Obras P\u00fablicas (MOP), a trav\u00e9s de la Direcci\u00f3n de Vialidad, realiz\u00f3 la entrega oficial a la comunidad del nuevo puente intercomunal Las Ara\u00f1as, una obra de alto est\u00e1ndar que mejora significativamente la conectividad y la seguridad vial en la zona rural de la comuna de Palmilla.<\/p>\n\n\n\n<p>El proyecto consider\u00f3 una inversi\u00f3n superior a los $3.000 millones y fue ejecutado durante un per\u00edodo de dos a\u00f1os, como respuesta a los da\u00f1os provocados por las intensas lluvias que afectaron a la Regi\u00f3n de O\u2019Higgins en 2023, las que deterioraron gravemente la antigua estructura y va en directo beneficio de las vecinas y vecinos de sectores como Santa Ana, Santa Irene, Santa Matilde y Santa Amelia, adem\u00e1s de agricultores y usuarios habituales de esta ruta, especialmente durante la temporada de lluvias.<\/p>\n\n\n\n<p>Por lo mismo, la presidenta de la junta de vecinos del sector, Camila Guajardo, valor\u00f3 positivamente la nueva infraestructura, se\u00f1alando que \u201cfue un excelente trabajo, qued\u00f3 hermoso. El puente que ten\u00edamos anteriormente contaba solamente con una v\u00eda de tr\u00e1nsito. Ahora pueden pasar dos veh\u00edculos y los vecinos de todos los sectores aleda\u00f1os como, Santa Ana, Santa Irene, Santa Matilde y Santa Amelia est\u00e1n completamente agradecidos por el gran avance que tuvimos ac\u00e1 en la comuna\u201d.<\/p>\n\n\n\n<figure class=\"wp-block-image size-large\"><img loading=\"lazy\" decoding=\"async\" width=\"1024\" height=\"683\" src=\"https:\/\/www.rengoenlanoticia.cl\/prensa\/wp-content\/uploads\/2026\/01\/IMG_5962-1024x683.jpg\" alt=\"\" class=\"wp-image-8903\" srcset=\"https:\/\/www.rengoenlanoticia.cl\/prensa\/wp-content\/uploads\/2026\/01\/IMG_5962-1024x683.jpg 1024w, https:\/\/www.rengoenlanoticia.cl\/prensa\/wp-content\/uploads\/2026\/01\/IMG_5962-300x200.jpg 300w, https:\/\/www.rengoenlanoticia.cl\/prensa\/wp-content\/uploads\/2026\/01\/IMG_5962-768x512.jpg 768w, https:\/\/www.rengoenlanoticia.cl\/prensa\/wp-content\/uploads\/2026\/01\/IMG_5962-1536x1024.jpg 1536w, https:\/\/www.rengoenlanoticia.cl\/prensa\/wp-content\/uploads\/2026\/01\/IMG_5962-2048x1365.jpg 2048w, https:\/\/www.rengoenlanoticia.cl\/prensa\/wp-content\/uploads\/2026\/01\/IMG_5962-110x73.jpg 110w, https:\/\/www.rengoenlanoticia.cl\/prensa\/wp-content\/uploads\/2026\/01\/IMG_5962-200x133.jpg 200w, https:\/\/www.rengoenlanoticia.cl\/prensa\/wp-content\/uploads\/2026\/01\/IMG_5962-380x253.jpg 380w, https:\/\/www.rengoenlanoticia.cl\/prensa\/wp-content\/uploads\/2026\/01\/IMG_5962-255x170.jpg 255w, https:\/\/www.rengoenlanoticia.cl\/prensa\/wp-content\/uploads\/2026\/01\/IMG_5962-550x367.jpg 550w, https:\/\/www.rengoenlanoticia.cl\/prensa\/wp-content\/uploads\/2026\/01\/IMG_5962-800x533.jpg 800w, https:\/\/www.rengoenlanoticia.cl\/prensa\/wp-content\/uploads\/2026\/01\/IMG_5962-1160x773.jpg 1160w, https:\/\/www.rengoenlanoticia.cl\/prensa\/wp-content\/uploads\/2026\/01\/IMG_5962-scaled.jpg 2560w\" sizes=\"auto, (max-width: 1024px) 100vw, 1024px\" \/><\/figure>\n\n\n\n<p>Durante la ceremonia de entrega, la seremi de Obras P\u00fablicas de la Regi\u00f3n de O\u2019Higgins, Mar\u00eda de los \u00c1ngeles Latorre, destac\u00f3 la relevancia hist\u00f3rica y estrat\u00e9gica de esta obra para la comuna, se\u00f1alando que \u201cse trata de un puente con mucha historia, que data desde la \u00e9poca de la reforma agraria. Tras los da\u00f1os ocasionados por las intensas lluvias del a\u00f1o 2023, hoy podemos decir que la comuna de Palmilla cuenta con una infraestructura de calidad\u201d.<\/p>\n\n\n\n<p>La autoridad regional detall\u00f3 que, \u201cse trata de un puente de primer nivel, que cumple con las condiciones de sustentabilidad y resistencia clim\u00e1tica necesarias para su adecuado uso. Esta obra responde tambi\u00e9n al mandato del Presidente Gabriel Boric y al \u00e9nfasis que su gobierno ha puesto en fortalecer los sectores rurales de las tres provincias de nuestra regi\u00f3n\u201d.<\/p>\n\n\n\n<figure class=\"wp-block-image size-large\"><img loading=\"lazy\" decoding=\"async\" width=\"1024\" height=\"683\" src=\"https:\/\/www.rengoenlanoticia.cl\/prensa\/wp-content\/uploads\/2026\/01\/IMG_5989-1024x683.jpg\" alt=\"\" class=\"wp-image-8904\" srcset=\"https:\/\/www.rengoenlanoticia.cl\/prensa\/wp-content\/uploads\/2026\/01\/IMG_5989-1024x683.jpg 1024w, https:\/\/www.rengoenlanoticia.cl\/prensa\/wp-content\/uploads\/2026\/01\/IMG_5989-300x200.jpg 300w, https:\/\/www.rengoenlanoticia.cl\/prensa\/wp-content\/uploads\/2026\/01\/IMG_5989-768x512.jpg 768w, https:\/\/www.rengoenlanoticia.cl\/prensa\/wp-content\/uploads\/2026\/01\/IMG_5989-1536x1024.jpg 1536w, https:\/\/www.rengoenlanoticia.cl\/prensa\/wp-content\/uploads\/2026\/01\/IMG_5989-2048x1365.jpg 2048w, https:\/\/www.rengoenlanoticia.cl\/prensa\/wp-content\/uploads\/2026\/01\/IMG_5989-110x73.jpg 110w, https:\/\/www.rengoenlanoticia.cl\/prensa\/wp-content\/uploads\/2026\/01\/IMG_5989-200x133.jpg 200w, https:\/\/www.rengoenlanoticia.cl\/prensa\/wp-content\/uploads\/2026\/01\/IMG_5989-380x253.jpg 380w, https:\/\/www.rengoenlanoticia.cl\/prensa\/wp-content\/uploads\/2026\/01\/IMG_5989-255x170.jpg 255w, https:\/\/www.rengoenlanoticia.cl\/prensa\/wp-content\/uploads\/2026\/01\/IMG_5989-550x367.jpg 550w, https:\/\/www.rengoenlanoticia.cl\/prensa\/wp-content\/uploads\/2026\/01\/IMG_5989-800x533.jpg 800w, https:\/\/www.rengoenlanoticia.cl\/prensa\/wp-content\/uploads\/2026\/01\/IMG_5989-1160x773.jpg 1160w, https:\/\/www.rengoenlanoticia.cl\/prensa\/wp-content\/uploads\/2026\/01\/IMG_5989-scaled.jpg 2560w\" sizes=\"auto, (max-width: 1024px) 100vw, 1024px\" \/><\/figure>\n\n\n\n<p>Por su parte, Octavio Gonz\u00e1lez, hist\u00f3rico vecino del sector, destac\u00f3 que \u201ces una obra maravillosa, necesaria para toda la comunidad porque ten\u00edamos muchos problemas viales con la estructura que ten\u00edamos, as\u00ed que agradecido de todos los que hicieron posible esta obra\u201d.<\/p>\n\n\n\n<p>El alcalde de Palmilla, Carlos Carrero, valor\u00f3 la concreci\u00f3n del proyecto y el impacto que tendr\u00e1 en la conectividad comunal, se\u00f1alando que \u201cen primer lugar, agradecer al MOP a trav\u00e9s de la Seremi de Obras P\u00fablicas, Mar\u00eda de Los \u00c1ngeles Latorre por el trabajo realizado en este sector. Somos una comuna rural donde cuesta que lleguen las conectividades, muchas veces, pero esta vez lleg\u00f3 y contamos con un gran avance gracias al nuevo Puente Las Ara\u00f1as. Este puente es tambi\u00e9n una conexi\u00f3n comunal, que nos une con Pichidegua y algunas localidades internas\u201d.<\/p>\n\n\n\n<p>Con la entrega del nuevo Puente Las Ara\u00f1as, el Ministerio de Obras P\u00fablicas reafirma su compromiso con el mejoramiento de la infraestructura vial rural, contribuyendo a una conectividad m\u00e1s segura, resiliente y equitativa, en l\u00ednea con el mandato del Presidente Gabriel Boric y el fortalecimiento del desarrollo territorial en la Regi\u00f3n de O\u2019Higgins.<\/p>\n","protected":false},"excerpt":{"rendered":"La obra, ejecutada por la Direcci\u00f3n de Vialidad con una inversi\u00f3n superior a los $3.000 millones, mejora la&hellip;\n","protected":false},"author":1,"featured_media":8902,"comment_status":"open","ping_status":"open","sticky":false,"template":"","format":"standard","meta":{"_monsterinsights_skip_tracking":false,"_monsterinsights_sitenote_active":false,"_monsterinsights_sitenote_note":"","_monsterinsights_sitenote_category":0,"footnotes":""},"categories":[8],"tags":[],"class_list":{"0":"post-8899","1":"post","2":"type-post","3":"status-publish","4":"format-standard","5":"has-post-thumbnail","7":"category-portada"},"aioseo_notices":[],"_links":{"self":[{"href":"https:\/\/www.rengoenlanoticia.cl\/prensa\/wp-json\/wp\/v2\/posts\/8899","targetHints":{"allow":["GET"]}}],"collection":[{"href":"https:\/\/www.rengoenlanoticia.cl\/prensa\/wp-json\/wp\/v2\/posts"}],"about":[{"href":"https:\/\/www.rengoenlanoticia.cl\/prensa\/wp-json\/wp\/v2\/types\/post"}],"author":[{"embeddable":true,"href":"https:\/\/www.rengoenlanoticia.cl\/prensa\/wp-json\/wp\/v2\/users\/1"}],"replies":[{"embeddable":true,"href":"https:\/\/www.rengoenlanoticia.cl\/prensa\/wp-json\/wp\/v2\/comments?post=8899"}],"version-history":[{"count":2,"href":"https:\/\/www.rengoenlanoticia.cl\/prensa\/wp-json\/wp\/v2\/posts\/8899\/revisions"}],"predecessor-version":[{"id":8907,"href":"https:\/\/www.rengoenlanoticia.cl\/prensa\/wp-json\/wp\/v2\/posts\/8899\/revisions\/8907"}],"wp:featuredmedia":[{"embeddable":true,"href":"https:\/\/www.rengoenlanoticia.cl\/prensa\/wp-json\/wp\/v2\/media\/8902"}],"wp:attachment":[{"href":"https:\/\/www.rengoenlanoticia.cl\/prensa\/wp-json\/wp\/v2\/media?parent=8899"}],"wp:term":[{"taxonomy":"category","embeddable":true,"href":"https:\/\/www.rengoenlanoticia.cl\/prensa\/wp-json\/wp\/v2\/categories?post=8899"},{"taxonomy":"post_tag","embeddable":true,"href":"https:\/\/www.rengoenlanoticia.cl\/prensa\/wp-json\/wp\/v2\/tags?post=8899"}],"curies":[{"name":"wp","href":"https:\/\/api.w.org\/{rel}","templated":true}]}}