{"id":8888,"date":"2026-01-19T08:04:49","date_gmt":"2026-01-19T08:04:49","guid":{"rendered":"https:\/\/www.rengoenlanoticia.cl\/prensa\/?p=8888"},"modified":"2026-01-19T08:19:03","modified_gmt":"2026-01-19T08:19:03","slug":"conversatorio-en-palmilla-promueve-una-atencion-en-salud-con-enfoque-de-derechos-y-diversidad-sexogenerica","status":"publish","type":"post","link":"https:\/\/www.rengoenlanoticia.cl\/prensa\/2026\/01\/19\/conversatorio-en-palmilla-promueve-una-atencion-en-salud-con-enfoque-de-derechos-y-diversidad-sexogenerica\/","title":{"rendered":"Conversatorio en Palmilla promueve una atenci\u00f3n en salud con enfoque de derechos y diversidad sexogen\u00e9rica"},"content":{"rendered":"\n<p>\u00a0\u00a0La jornada reuni\u00f3 a referentes de g\u00e9nero de la red de Atenci\u00f3n Primaria y cont\u00f3 con la participaci\u00f3n del Instituto Nacional de Derechos Humanos y el testimonio de una persona transmasculina, fortaleciendo una mirada integral, respetuosa y comunitaria en salud.<\/p>\n\n\n\n<p><em>Palmilla, 16 de enero de 2026.-<\/em>&nbsp;Con el objetivo de sensibilizar a los equipos de salud y fortalecer una atenci\u00f3n basada en el respeto, la comprensi\u00f3n y los Derechos Humanos, se realiz\u00f3 en la comuna de Palmilla un conversatorio sobre diversidades sexogen\u00e9ricas, dirigido a referentes de g\u00e9nero de los distintos establecimientos de Atenci\u00f3n Primaria de la red de salud.<\/p>\n\n\n\n<p>La actividad se desarroll\u00f3 en el contexto de la implementaci\u00f3n del Programa de Acompa\u00f1amiento a la Identidad de G\u00e9nero, iniciativa que busca entregar apoyo integral a personas transg\u00e9nero y sus familias, promoviendo su desarrollo pleno desde una perspectiva biopsicosocial. Actualmente, el programa contempla la instalaci\u00f3n de dos duplas psicosociales: una en el Hospital Dr. Franco Ravera Zunino y otra en el Hospital Ricardo Valenzuela S\u00e1ez de Rengo.<\/p>\n\n\n\n<p>Durante el conversatorio se presentaron los principales avances del programa, se entregaron lineamientos en materia de derechos y se profundiz\u00f3 en el rol que cumplen los equipos de salud en la construcci\u00f3n de espacios seguros, inclusivos y libres de discriminaci\u00f3n. La jornada cont\u00f3 adem\u00e1s con la participaci\u00f3n del Instituto Nacional de Derechos Humanos (INDH), que aport\u00f3 una mirada centrada en la dignidad, la igualdad y el respeto a la diversidad.<\/p>\n\n\n\n<p>Uno de los momentos m\u00e1s significativos fue el testimonio de \u00d3scar Beltr\u00e1n, persona transmasculina, quien comparti\u00f3 su experiencia de vida y de tr\u00e1nsito, permitiendo a las y los asistentes acercarse de manera m\u00e1s humana y concreta a las realidades que viven las personas trans, reforzando la importancia de una atenci\u00f3n emp\u00e1tica y respetuosa.<\/p>\n\n\n\n<p>El trabajo de las duplas psicosociales contempla el acompa\u00f1amiento a ni\u00f1os, ni\u00f1as, adolescentes y j\u00f3venes, as\u00ed como a sus familias, articulando acciones con el sector educaci\u00f3n y promoviendo el trabajo comunitario, en coherencia con el Modelo de Atenci\u00f3n Integral de Salud Familiar y Comunitaria (MAISFC), que pone en el centro a las personas, sus contextos y trayectorias de vida.<\/p>\n\n\n\n<p>La jefa del Departamento de Modelo de Atenci\u00f3n Integral de Salud Familiar y Comunitaria (MAISFC), Cecilia Aravena, destac\u00f3 que como Servicio de Salud O\u2019Higgins \u201ctenemos implementado el programa, hacemos la gesti\u00f3n y somos los referentes del Programa de Acompa\u00f1amiento a la Identidad de G\u00e9nero en la regi\u00f3n\u201d, subrayando el compromiso institucional con una salud m\u00e1s inclusiva.<\/p>\n\n\n\n<p>En tanto, la asistente social y referente del Programa de G\u00e9nero y Violencia de G\u00e9nero del Servicio de Salud O\u2019Higgins, Mar\u00eda Paz Palacios, se\u00f1al\u00f3 que este conversatorio surge desde la propia red, respondiendo a la \u201cnecesidad de los mismos referentes de poder conocer de manera m\u00e1s integral la experiencia trans\u201d, relevando el valor del di\u00e1logo y la formaci\u00f3n continua.<\/p>\n\n\n\n<p>El conversatorio en Palmilla se consolid\u00f3 como un espacio de encuentro, reflexi\u00f3n y aprendizaje, que refuerza el llamado a la comprensi\u00f3n, la aceptaci\u00f3n y el respeto por las diversidades sexogen\u00e9ricas, avanzando hacia una atenci\u00f3n de salud m\u00e1s humana, inclusiva y con enfoque de derechos para todas las personas.<\/p>\n","protected":false},"excerpt":{"rendered":"\u00a0\u00a0La jornada reuni\u00f3 a referentes de g\u00e9nero de la red de Atenci\u00f3n Primaria y cont\u00f3 con la participaci\u00f3n&hellip;\n","protected":false},"author":1,"featured_media":8889,"comment_status":"open","ping_status":"open","sticky":false,"template":"","format":"standard","meta":{"_monsterinsights_skip_tracking":false,"_monsterinsights_sitenote_active":false,"_monsterinsights_sitenote_note":"","_monsterinsights_sitenote_category":0,"footnotes":""},"categories":[8],"tags":[],"class_list":{"0":"post-8888","1":"post","2":"type-post","3":"status-publish","4":"format-standard","5":"has-post-thumbnail","7":"category-portada"},"aioseo_notices":[],"_links":{"self":[{"href":"https:\/\/www.rengoenlanoticia.cl\/prensa\/wp-json\/wp\/v2\/posts\/8888","targetHints":{"allow":["GET"]}}],"collection":[{"href":"https:\/\/www.rengoenlanoticia.cl\/prensa\/wp-json\/wp\/v2\/posts"}],"about":[{"href":"https:\/\/www.rengoenlanoticia.cl\/prensa\/wp-json\/wp\/v2\/types\/post"}],"author":[{"embeddable":true,"href":"https:\/\/www.rengoenlanoticia.cl\/prensa\/wp-json\/wp\/v2\/users\/1"}],"replies":[{"embeddable":true,"href":"https:\/\/www.rengoenlanoticia.cl\/prensa\/wp-json\/wp\/v2\/comments?post=8888"}],"version-history":[{"count":2,"href":"https:\/\/www.rengoenlanoticia.cl\/prensa\/wp-json\/wp\/v2\/posts\/8888\/revisions"}],"predecessor-version":[{"id":8894,"href":"https:\/\/www.rengoenlanoticia.cl\/prensa\/wp-json\/wp\/v2\/posts\/8888\/revisions\/8894"}],"wp:featuredmedia":[{"embeddable":true,"href":"https:\/\/www.rengoenlanoticia.cl\/prensa\/wp-json\/wp\/v2\/media\/8889"}],"wp:attachment":[{"href":"https:\/\/www.rengoenlanoticia.cl\/prensa\/wp-json\/wp\/v2\/media?parent=8888"}],"wp:term":[{"taxonomy":"category","embeddable":true,"href":"https:\/\/www.rengoenlanoticia.cl\/prensa\/wp-json\/wp\/v2\/categories?post=8888"},{"taxonomy":"post_tag","embeddable":true,"href":"https:\/\/www.rengoenlanoticia.cl\/prensa\/wp-json\/wp\/v2\/tags?post=8888"}],"curies":[{"name":"wp","href":"https:\/\/api.w.org\/{rel}","templated":true}]}}