{"id":888,"date":"2025-01-10T01:57:42","date_gmt":"2025-01-10T01:57:42","guid":{"rendered":"https:\/\/www.rengoenlanoticia.cl\/prensa\/?p=888"},"modified":"2025-01-10T01:57:46","modified_gmt":"2025-01-10T01:57:46","slug":"autoridades-electas-y-reelectas-participan-en-la-primera-sesion-plenaria-del-nuevo-consejo-regional","status":"publish","type":"post","link":"https:\/\/www.rengoenlanoticia.cl\/prensa\/2025\/01\/10\/autoridades-electas-y-reelectas-participan-en-la-primera-sesion-plenaria-del-nuevo-consejo-regional\/","title":{"rendered":"Autoridades electas y reelectas participan en la primera sesi\u00f3n plenaria del nuevo Consejo Regional"},"content":{"rendered":"\n<p><\/p>\n\n\n\n<p>En la ocasi\u00f3n, se definieron las presidencias y vicepresidencias de 14 comisione<\/p>\n\n\n\n<p> Este jueves se realiz\u00f3 en la ciudad de Rancagua, la primera sesi\u00f3n plenaria del reci\u00e9n asumido Consejo Regional de O\u2019Higgins, cuyas facultades normativas, resolutivas y fiscalizadoras dan movimiento a cada una de las iniciativas priorizadas por el Gobierno Regional.<\/p>\n\n\n\n<p>En la oportunidad, los veinte consejeros (as) debieron acordar y someter a votaci\u00f3n las presidencias y vicepresidencias de las comisiones de trabajo, en las cuales se analizan diversos temas de inter\u00e9s regional.<\/p>\n\n\n\n<p>El Gobernador Regional, Pablo Silva Amaya, moder\u00f3 la discusi\u00f3n sobre los nombres que finalmente quedaron al frente de las 14 comisiones de trabajo. \u201cHubo una buena disposici\u00f3n, tal vez no se llegaron acuerdos en todas las comisiones, pero corresponde al ejercicio propio de los consejeros regionales, no hay una intervenci\u00f3n nuestra en la determinaci\u00f3n de qui\u00e9n queda a cargo\u201d, sostuvo.<\/p>\n\n\n\n<p>\u201cEs un trabajo que estamos reci\u00e9n iniciando, es la primera sesi\u00f3n del Consejo Regional en donde se est\u00e1n conociendo todos los sectores, esperamos que sea el inicio de un muy buen trabajo, tenemos hartas expectativas que vamos a seguir trabajando muy bien\u201d, agreg\u00f3 la m\u00e1xima autoridad regional.<\/p>\n\n\n\n<p>Por su parte, el consejero regional, Alex Ram\u00edrez, quien mantiene la presidencia de la comisi\u00f3n de Infraestructura coment\u00f3 que \u201cfue una sesi\u00f3n bastante particular donde se vieron los acuerdos, el respeto a la trayectoria y al trabajo mancomunado que hemos tenido como cuerpo colegiado en beneficio de todos los habitantes de la regi\u00f3n\u201d.<\/p>\n\n\n\n<p>En tanto, Juan Carlos Mackay, el nuevo presidente de la comisi\u00f3n de Turismo, sostuvo que \u201cnosotros sab\u00edamos que \u00edbamos a tener alguna discrepancia con otros sectores pol\u00edticos (\u2026), pero finalmente como se resuelve por votaci\u00f3n se hizo totalmente civilizada y se lleg\u00f3 a consenso por mayor\u00eda, no hubo mayores discrepancias en l\u00edneas generales\u201d.<\/p>\n\n\n\n<p>Luc\u00eda Mu\u00f1oz, quien tambi\u00e9n inicia su primer periodo como consejera regional, presidir\u00e1 la comisi\u00f3n de Ordenamiento Territorial, sobre ello manifest\u00f3 que \u201cacordamos votar las presidencias y tambi\u00e9n acordamos dividir algunas comisiones (\u2026) se dio una din\u00e1mica natural porque somos de sectores pol\u00edticos distintos, pero en general se dio un equilibrio (\u2026) no es f\u00e1cil llegar a ese equilibrio, se logr\u00f3 y esperamos trabajar muy bien como equipo\u201d.<\/p>\n\n\n\n<p>Finalmente, la consejera Margarita Henr\u00edquez, expres\u00f3 que \u201cfue una excelente experiencia, se lograron algunos acuerdos. Yo qued\u00f3 como presidencia de la comisi\u00f3n de Mujer e Infancia y la vicepresidenta de la comisi\u00f3n de Adulto Mayor que es lo que quer\u00eda\u201d.<\/p>\n","protected":false},"excerpt":{"rendered":"En la ocasi\u00f3n, se definieron las presidencias y vicepresidencias de 14 comisione Este jueves se realiz\u00f3 en la&hellip;\n","protected":false},"author":2,"featured_media":0,"comment_status":"open","ping_status":"open","sticky":false,"template":"","format":"standard","meta":{"_monsterinsights_skip_tracking":false,"_monsterinsights_sitenote_active":false,"_monsterinsights_sitenote_note":"","_monsterinsights_sitenote_category":0,"footnotes":""},"categories":[8],"tags":[],"class_list":{"0":"post-888","1":"post","2":"type-post","3":"status-publish","4":"format-standard","6":"category-portada"},"aioseo_notices":[],"_links":{"self":[{"href":"https:\/\/www.rengoenlanoticia.cl\/prensa\/wp-json\/wp\/v2\/posts\/888","targetHints":{"allow":["GET"]}}],"collection":[{"href":"https:\/\/www.rengoenlanoticia.cl\/prensa\/wp-json\/wp\/v2\/posts"}],"about":[{"href":"https:\/\/www.rengoenlanoticia.cl\/prensa\/wp-json\/wp\/v2\/types\/post"}],"author":[{"embeddable":true,"href":"https:\/\/www.rengoenlanoticia.cl\/prensa\/wp-json\/wp\/v2\/users\/2"}],"replies":[{"embeddable":true,"href":"https:\/\/www.rengoenlanoticia.cl\/prensa\/wp-json\/wp\/v2\/comments?post=888"}],"version-history":[{"count":2,"href":"https:\/\/www.rengoenlanoticia.cl\/prensa\/wp-json\/wp\/v2\/posts\/888\/revisions"}],"predecessor-version":[{"id":915,"href":"https:\/\/www.rengoenlanoticia.cl\/prensa\/wp-json\/wp\/v2\/posts\/888\/revisions\/915"}],"wp:attachment":[{"href":"https:\/\/www.rengoenlanoticia.cl\/prensa\/wp-json\/wp\/v2\/media?parent=888"}],"wp:term":[{"taxonomy":"category","embeddable":true,"href":"https:\/\/www.rengoenlanoticia.cl\/prensa\/wp-json\/wp\/v2\/categories?post=888"},{"taxonomy":"post_tag","embeddable":true,"href":"https:\/\/www.rengoenlanoticia.cl\/prensa\/wp-json\/wp\/v2\/tags?post=888"}],"curies":[{"name":"wp","href":"https:\/\/api.w.org\/{rel}","templated":true}]}}