{"id":8857,"date":"2026-01-17T11:13:32","date_gmt":"2026-01-17T11:13:32","guid":{"rendered":"https:\/\/www.rengoenlanoticia.cl\/prensa\/?p=8857"},"modified":"2026-01-17T11:20:26","modified_gmt":"2026-01-17T11:20:26","slug":"llamado-preventivo-a-agricultores-ante-altas-temperaturas-previstas-para-este-fin-de-semana","status":"publish","type":"post","link":"https:\/\/www.rengoenlanoticia.cl\/prensa\/2026\/01\/17\/llamado-preventivo-a-agricultores-ante-altas-temperaturas-previstas-para-este-fin-de-semana\/","title":{"rendered":"Llamado preventivo a agricultores ante altas temperaturas previstas para este fin de semana"},"content":{"rendered":"\n<p>Ante la alerta emitida por la Direcci\u00f3n Meteorol\u00f3gica de Chile por una ola de calor que afectar\u00e1 desde la Regi\u00f3n de Coquimbo hasta La Araucan\u00eda, durante este fin de semana y hasta el d\u00eda lunes, el Ministerio de Agricultura reforz\u00f3 el llamado al sector agr\u00edcola a adoptar medidas preventivas, con el objetivo de resguardar la producci\u00f3n y reducir el riesgo de incendios forestales.<\/p>\n\n\n\n<p>De acuerdo con los pron\u00f3sticos meteorol\u00f3gicos, en las regiones de O\u2019Higgins, Maule, \u00d1uble y Biob\u00edo las temperaturas m\u00e1ximas se ubicar\u00edan entre 30 y 36 \u00b0C, con mayor intensidad en zonas de valle y precordillera. Frente a este escenario, el subsecretario de Agricultura, Alan Espinoza Ortiz, llam\u00f3 a los productores y productoras a ajustar la planificaci\u00f3n de sus labores, priorizando las faenas en horarios de menor exposici\u00f3n al calor, reforzando la disponibilidad de agua para el ganado y monitoreando de manera permanente los cultivos m\u00e1s sensibles al estr\u00e9s t\u00e9rmico, especialmente durante las horas de mayor radiaci\u00f3n.<\/p>\n\n\n\n<figure class=\"wp-block-image size-large\"><img loading=\"lazy\" decoding=\"async\" width=\"1024\" height=\"683\" src=\"https:\/\/www.rengoenlanoticia.cl\/prensa\/wp-content\/uploads\/2026\/01\/f069d167-57e7-42b3-a44c-a949cc1c27ad-1024x683.jpg\" alt=\"\" class=\"wp-image-8865\" srcset=\"https:\/\/www.rengoenlanoticia.cl\/prensa\/wp-content\/uploads\/2026\/01\/f069d167-57e7-42b3-a44c-a949cc1c27ad-1024x683.jpg 1024w, https:\/\/www.rengoenlanoticia.cl\/prensa\/wp-content\/uploads\/2026\/01\/f069d167-57e7-42b3-a44c-a949cc1c27ad-300x200.jpg 300w, https:\/\/www.rengoenlanoticia.cl\/prensa\/wp-content\/uploads\/2026\/01\/f069d167-57e7-42b3-a44c-a949cc1c27ad-768x512.jpg 768w, https:\/\/www.rengoenlanoticia.cl\/prensa\/wp-content\/uploads\/2026\/01\/f069d167-57e7-42b3-a44c-a949cc1c27ad-1536x1024.jpg 1536w, https:\/\/www.rengoenlanoticia.cl\/prensa\/wp-content\/uploads\/2026\/01\/f069d167-57e7-42b3-a44c-a949cc1c27ad-2048x1365.jpg 2048w, https:\/\/www.rengoenlanoticia.cl\/prensa\/wp-content\/uploads\/2026\/01\/f069d167-57e7-42b3-a44c-a949cc1c27ad-110x73.jpg 110w, https:\/\/www.rengoenlanoticia.cl\/prensa\/wp-content\/uploads\/2026\/01\/f069d167-57e7-42b3-a44c-a949cc1c27ad-200x133.jpg 200w, https:\/\/www.rengoenlanoticia.cl\/prensa\/wp-content\/uploads\/2026\/01\/f069d167-57e7-42b3-a44c-a949cc1c27ad-380x253.jpg 380w, https:\/\/www.rengoenlanoticia.cl\/prensa\/wp-content\/uploads\/2026\/01\/f069d167-57e7-42b3-a44c-a949cc1c27ad-255x170.jpg 255w, https:\/\/www.rengoenlanoticia.cl\/prensa\/wp-content\/uploads\/2026\/01\/f069d167-57e7-42b3-a44c-a949cc1c27ad-550x367.jpg 550w, https:\/\/www.rengoenlanoticia.cl\/prensa\/wp-content\/uploads\/2026\/01\/f069d167-57e7-42b3-a44c-a949cc1c27ad-800x533.jpg 800w, https:\/\/www.rengoenlanoticia.cl\/prensa\/wp-content\/uploads\/2026\/01\/f069d167-57e7-42b3-a44c-a949cc1c27ad-1160x773.jpg 1160w, https:\/\/www.rengoenlanoticia.cl\/prensa\/wp-content\/uploads\/2026\/01\/f069d167-57e7-42b3-a44c-a949cc1c27ad-scaled.jpg 2560w\" sizes=\"auto, (max-width: 1024px) 100vw, 1024px\" \/><\/figure>\n\n\n\n<p>Asimismo, la autoridad reiter\u00f3 la invitaci\u00f3n a aplicar de manera voluntaria la medida de Faena Cero, que contempla la suspensi\u00f3n o restricci\u00f3n de trabajos agr\u00edcolas y forestales durante los horarios de mayor riesgo, particularmente entre el mediod\u00eda y la tarde. \u201cAdem\u00e1s, recordamos el llamado a Faena Cero, que consiste en hacer una pausa en los trabajos agr\u00edcolas y forestales durante las horas de mayor calor, especialmente entre el mediod\u00eda y las 18:00 horas. Esta es una medida voluntaria que busca prevenir accidentes, proteger a las personas y reducir considerablemente el riesgo de incendios forestales\u201d, se\u00f1al\u00f3 el subsecretario.<\/p>\n\n\n\n<p>Adem\u00e1s, destac\u00f3 que el Gobierno, a trav\u00e9s de CONAF, ha planificado y fortalecido el Programa de Protecci\u00f3n contra Incendios Forestales, con una inversi\u00f3n superior a los 160 mil millones de pesos, lo que ha permitido un despliegue preventivo y operativo hist\u00f3rico en el pa\u00eds. Actualmente, Chile cuenta con 319 brigadas terrestres, 77 aeronaves y m\u00e1s de 3.000 brigadistas; en ese contexto, reforz\u00f3 el mensaje a la ciudadan\u00eda se\u00f1alando que \u201csi ven humo, fuego o algo que pueda transformarse en un incendio, avisen de inmediato al 130 de la CONAF, al 132 de Bomberos o al 133 de Carabineros. La mayor\u00eda de los incendios forestales son causados por personas y, como Estado, tenemos tolerancia cero frente a conductas descuidadas o intencionales que pongan en riesgo a las comunidades rurales y, por cierto, a nuestro campo chileno\u201d, se\u00f1al\u00f3 Espinoza.<\/p>\n","protected":false},"excerpt":{"rendered":"Ante la alerta emitida por la Direcci\u00f3n Meteorol\u00f3gica de Chile por una ola de calor que afectar\u00e1 desde&hellip;\n","protected":false},"author":1,"featured_media":8863,"comment_status":"open","ping_status":"open","sticky":false,"template":"","format":"standard","meta":{"_monsterinsights_skip_tracking":false,"_monsterinsights_sitenote_active":false,"_monsterinsights_sitenote_note":"","_monsterinsights_sitenote_category":0,"footnotes":""},"categories":[8],"tags":[],"class_list":{"0":"post-8857","1":"post","2":"type-post","3":"status-publish","4":"format-standard","5":"has-post-thumbnail","7":"category-portada"},"aioseo_notices":[],"_links":{"self":[{"href":"https:\/\/www.rengoenlanoticia.cl\/prensa\/wp-json\/wp\/v2\/posts\/8857","targetHints":{"allow":["GET"]}}],"collection":[{"href":"https:\/\/www.rengoenlanoticia.cl\/prensa\/wp-json\/wp\/v2\/posts"}],"about":[{"href":"https:\/\/www.rengoenlanoticia.cl\/prensa\/wp-json\/wp\/v2\/types\/post"}],"author":[{"embeddable":true,"href":"https:\/\/www.rengoenlanoticia.cl\/prensa\/wp-json\/wp\/v2\/users\/1"}],"replies":[{"embeddable":true,"href":"https:\/\/www.rengoenlanoticia.cl\/prensa\/wp-json\/wp\/v2\/comments?post=8857"}],"version-history":[{"count":3,"href":"https:\/\/www.rengoenlanoticia.cl\/prensa\/wp-json\/wp\/v2\/posts\/8857\/revisions"}],"predecessor-version":[{"id":8879,"href":"https:\/\/www.rengoenlanoticia.cl\/prensa\/wp-json\/wp\/v2\/posts\/8857\/revisions\/8879"}],"wp:featuredmedia":[{"embeddable":true,"href":"https:\/\/www.rengoenlanoticia.cl\/prensa\/wp-json\/wp\/v2\/media\/8863"}],"wp:attachment":[{"href":"https:\/\/www.rengoenlanoticia.cl\/prensa\/wp-json\/wp\/v2\/media?parent=8857"}],"wp:term":[{"taxonomy":"category","embeddable":true,"href":"https:\/\/www.rengoenlanoticia.cl\/prensa\/wp-json\/wp\/v2\/categories?post=8857"},{"taxonomy":"post_tag","embeddable":true,"href":"https:\/\/www.rengoenlanoticia.cl\/prensa\/wp-json\/wp\/v2\/tags?post=8857"}],"curies":[{"name":"wp","href":"https:\/\/api.w.org\/{rel}","templated":true}]}}